{"id":132762,"date":"2025-09-22T23:09:16","date_gmt":"2025-09-22T23:09:16","guid":{"rendered":"https:\/\/www.europesays.com\/es\/132762\/"},"modified":"2025-09-22T23:09:16","modified_gmt":"2025-09-22T23:09:16","slug":"un-punto-del-burgos-cf-ante-el-granada-que-sabe-a-poco","status":"publish","type":"post","link":"https:\/\/www.europesays.com\/es\/132762\/","title":{"rendered":"Un punto del Burgos CF ante el Granada que sabe a poco"},"content":{"rendered":"<p>Cuando acepta las cookies no solo acepta publicidad personalizada, tambi\u00e9n respalda un servicio gratuito de informaci\u00f3n veraz y contribuye a que <b>Diario de Burgos<\/b> siga ofreci\u00e9ndole con rigor la actualidad de su ciudad y su provincia sin necesidad de pagos ni suscripciones. Si quiere, puede aceptarlas en el bot\u00f3n inferior.<\/p>\n<p>Siempre tendr\u00e1 la opci\u00f3n de volver a rechazarlas a trav\u00e9s del apartado \u2018Privacidad\u2019 que encontrar\u00e1 en la esquina inferior derecha.<\/p>\n","protected":false},"excerpt":{"rendered":"Cuando acepta las cookies no solo acepta publicidad personalizada, tambi\u00e9n respalda un servicio gratuito de informaci\u00f3n veraz y&hellip;\n","protected":false},"author":2,"featured_media":132763,"comment_status":"","ping_status":"","sticky":false,"template":"","format":"standard","meta":{"footnotes":""},"categories":[268],"tags":[10221,29919,168,25,24,280,282,18015,281,23,167],"class_list":{"0":"post-132762","1":"post","2":"type-post","3":"status-publish","4":"format-standard","5":"has-post-thumbnail","7":"category-futbol","8":"tag-burgos-cf","9":"tag-curro-sanchez","10":"tag-deportes","11":"tag-es","12":"tag-espana","13":"tag-football","14":"tag-futbol","15":"tag-granada-cf","16":"tag-soccer","17":"tag-spain","18":"tag-sports"},"share_on_mastodon":{"url":"","error":""},"_links":{"self":[{"href":"https:\/\/www.europesays.com\/es\/wp-json\/wp\/v2\/posts\/132762","targetHints":{"allow":["GET"]}}],"collection":[{"href":"https:\/\/www.europesays.com\/es\/wp-json\/wp\/v2\/posts"}],"about":[{"href":"https:\/\/www.europesays.com\/es\/wp-json\/wp\/v2\/types\/post"}],"author":[{"embeddable":true,"href":"https:\/\/www.europesays.com\/es\/wp-json\/wp\/v2\/users\/2"}],"replies":[{"embeddable":true,"href":"https:\/\/www.europesays.com\/es\/wp-json\/wp\/v2\/comments?post=132762"}],"version-history":[{"count":0,"href":"https:\/\/www.europesays.com\/es\/wp-json\/wp\/v2\/posts\/132762\/revisions"}],"wp:featuredmedia":[{"embeddable":true,"href":"https:\/\/www.europesays.com\/es\/wp-json\/wp\/v2\/media\/132763"}],"wp:attachment":[{"href":"https:\/\/www.europesays.com\/es\/wp-json\/wp\/v2\/media?parent=132762"}],"wp:term":[{"taxonomy":"category","embeddable":true,"href":"https:\/\/www.europesays.com\/es\/wp-json\/wp\/v2\/categories?post=132762"},{"taxonomy":"post_tag","embeddable":true,"href":"https:\/\/www.europesays.com\/es\/wp-json\/wp\/v2\/tags?post=132762"}],"curies":[{"name":"wp","href":"https:\/\/api.w.org\/{rel}","templated":true}]}}