{"id":132775,"date":"2025-09-22T23:18:08","date_gmt":"2025-09-22T23:18:08","guid":{"rendered":"https:\/\/www.europesays.com\/es\/132775\/"},"modified":"2025-09-22T23:18:08","modified_gmt":"2025-09-22T23:18:08","slug":"los-mejores-looks-de-las-invitadas-en-la-alfombra-roja","status":"publish","type":"post","link":"https:\/\/www.europesays.com\/es\/132775\/","title":{"rendered":"los mejores looks de las invitadas en la alfombra roja"},"content":{"rendered":"<p data-journey-content=\"true\" class=\"body-dropcap css-1vn2egp emevuu60\">Como cada a\u00f1o, coincidiendo con el inicio del oto\u00f1o, el mundo del s\u00e9ptimo arte pone su atenci\u00f3n en el<strong> Festival de Cine de San Sebasti\u00e1n,<\/strong> que este 2025 celebra su edici\u00f3n n\u00famero 73. Esta gran cita, que contar\u00e1 con un total de 254 t\u00edtulos procedentes de 56 pa\u00edses, y se prolongar\u00e1 hasta el 29 de septiembre, reunir\u00e1 a algunos de<strong> los rostros m\u00e1s aclamados de la industria cinematogr\u00e1fica<\/strong> tanto nacional como internacional, convirtiendo la ciudad ba\u00f1ada por La Concha en epicentro de la moda, en un hervidero de tendencias. <\/p>\n<p data-journey-content=\"true\" class=\"body-dropcap css-1vn2egp emevuu60\"><strong\/><a href=\"https:\/\/www.harpersbazaar.com\/es\/famosas\/el-estilo-de\/a63378472\/angelina-jolie-entrevista-carrera-mujer-cine-maria-callas\/\" target=\"_blank\" data-vars-ga-outbound-link=\"https:\/\/www.harpersbazaar.com\/es\/famosas\/el-estilo-de\/a63378472\/angelina-jolie-entrevista-carrera-mujer-cine-maria-callas\/\" data-vars-ga-ux-element=\"Hyperlink\" data-vars-ga-call-to-action=\"Angelina Jolie,\" class=\"body-link css-156jt4g emevuu60\" rel=\"nofollow noopener\"><strong>Angelina Jolie<\/strong>,<\/a> Renate Reinsve, Najwa Nimri, <a href=\"https:\/\/www.harpersbazaar.com\/es\/famosas\/el-estilo-de\/a65408756\/juliette-binoche-sobre-pelicula-johnny-depp-terminabamos-toma-escupia\/\" target=\"_blank\" data-vars-ga-outbound-link=\"https:\/\/www.harpersbazaar.com\/es\/famosas\/el-estilo-de\/a65408756\/juliette-binoche-sobre-pelicula-johnny-depp-terminabamos-toma-escupia\/\" data-vars-ga-ux-element=\"Hyperlink\" data-vars-ga-call-to-action=\"Juliette Binoch\" class=\"body-link css-156jt4g emevuu60\" rel=\"nofollow noopener\">Juliette Binoch<\/a>e, Pedro Almod\u00f3var o Eduard Fern\u00e1ndez han sido algunas de las primeras estrellas en acudir al certamen donostiarra, donde <strong>la reivindicaci\u00f3n tambi\u00e9n ha estado presente<\/strong> con continuos gui\u00f1os a Palestina. Durante los pr\u00f3ximos d\u00edas, innumerables int\u00e9rpretes, directores y diferentes personalidades del mundo del entretenimiento, la moda o la cultura disfrutar\u00e1n de los diferentes estrenos del Festival de Cine de San Sebasti\u00e1n convirtiendo <strong>la alfombra roja<\/strong><strong> en una aut\u00e9ntica pasarela <\/strong>la que aparecer\u00e1n desde grandes nombres de dise\u00f1adores espa\u00f1oles hasta algunas de las firmas internacionales m\u00e1s conocidas.<\/p>\n<p data-journey-content=\"true\" class=\"css-6wxqfj emevuu60\"><strong><a href=\"https:\/\/www.harpersbazaar.com\/es\/famosas\/el-estilo-de\/a61822699\/jennifer-lawrence-sandalias-cangrejeras-goma-zapatos-tendencia-verano\/\" target=\"_blank\" data-vars-ga-outbound-link=\"https:\/\/www.harpersbazaar.com\/es\/famosas\/el-estilo-de\/a61822699\/jennifer-lawrence-sandalias-cangrejeras-goma-zapatos-tendencia-verano\/\" data-vars-ga-ux-element=\"Hyperlink\" data-vars-ga-call-to-action=\"Jennifer Lawrence\" class=\"body-link css-156jt4g emevuu60\" rel=\"nofollow noopener\">Jennifer Lawrence<\/a><\/strong>, que recibir\u00e1 el <strong>Premio Donostia en el Festival de San Sebasti\u00e1n<\/strong>, junto al entregado a la productora Esther Garc\u00eda, es otro de los rostros m\u00e1s esperados de esta 73\u00aa edici\u00f3n.<\/p>\n<p>Los mejores looks de las invitadas al Festival de Cine de San Sebasti\u00e1n 2025<\/p>\n<p data-journey-content=\"true\" class=\"css-6wxqfj emevuu60\">En <strong>Harper&#8217;s Bazaar Espa\u00f1a<\/strong> recopilamos algunos de los estilismos m\u00e1s destacados de las invitadas VIP de la alfombra roja del <strong>Festival de San Sebasti\u00e1n 2025, <\/strong>una gran reuni\u00f3n de estrellas del cine y la televisi\u00f3n.<strong\/><\/p>\n","protected":false},"excerpt":{"rendered":"Como cada a\u00f1o, coincidiendo con el inicio del oto\u00f1o, el mundo del s\u00e9ptimo arte pone su atenci\u00f3n en&hellip;\n","protected":false},"author":2,"featured_media":132776,"comment_status":"","ping_status":"","sticky":false,"template":"","format":"standard","meta":{"footnotes":""},"categories":[91],"tags":[253,146,147,25,24,23],"class_list":{"0":"post-132775","1":"post","2":"type-post","3":"status-publish","4":"format-standard","5":"has-post-thumbnail","7":"category-entretenimiento","8":"tag-discover","9":"tag-entertainment","10":"tag-entretenimiento","11":"tag-es","12":"tag-espana","13":"tag-spain"},"share_on_mastodon":{"url":"","error":""},"_links":{"self":[{"href":"https:\/\/www.europesays.com\/es\/wp-json\/wp\/v2\/posts\/132775","targetHints":{"allow":["GET"]}}],"collection":[{"href":"https:\/\/www.europesays.com\/es\/wp-json\/wp\/v2\/posts"}],"about":[{"href":"https:\/\/www.europesays.com\/es\/wp-json\/wp\/v2\/types\/post"}],"author":[{"embeddable":true,"href":"https:\/\/www.europesays.com\/es\/wp-json\/wp\/v2\/users\/2"}],"replies":[{"embeddable":true,"href":"https:\/\/www.europesays.com\/es\/wp-json\/wp\/v2\/comments?post=132775"}],"version-history":[{"count":0,"href":"https:\/\/www.europesays.com\/es\/wp-json\/wp\/v2\/posts\/132775\/revisions"}],"wp:featuredmedia":[{"embeddable":true,"href":"https:\/\/www.europesays.com\/es\/wp-json\/wp\/v2\/media\/132776"}],"wp:attachment":[{"href":"https:\/\/www.europesays.com\/es\/wp-json\/wp\/v2\/media?parent=132775"}],"wp:term":[{"taxonomy":"category","embeddable":true,"href":"https:\/\/www.europesays.com\/es\/wp-json\/wp\/v2\/categories?post=132775"},{"taxonomy":"post_tag","embeddable":true,"href":"https:\/\/www.europesays.com\/es\/wp-json\/wp\/v2\/tags?post=132775"}],"curies":[{"name":"wp","href":"https:\/\/api.w.org\/{rel}","templated":true}]}}