{"id":132781,"date":"2025-09-22T23:21:12","date_gmt":"2025-09-22T23:21:12","guid":{"rendered":"https:\/\/www.europesays.com\/es\/132781\/"},"modified":"2025-09-22T23:21:12","modified_gmt":"2025-09-22T23:21:12","slug":"guerra-israel-se-enfrenta-a-un-fuerte-golpe-economico-por-la-suspension-del-acuerdo-comercial-con-la-ue-internacional","status":"publish","type":"post","link":"https:\/\/www.europesays.com\/es\/132781\/","title":{"rendered":"Guerra: Israel se enfrenta a un fuerte golpe econ\u00f3mico por la suspensi\u00f3n del acuerdo comercial con la UE | Internacional"},"content":{"rendered":"<p class=\"\">No ser\u00e1 un golpe mortal, pero s\u00ed sustancial. El fin temporal (y parcial) del acuerdo de asociaci\u00f3n entre la Uni\u00f3n Europea, pendiente a\u00fan del visto bueno de los gobiernos de los Veintisiete, a\u00f1adir\u00e1<b> <\/b>un elemento m\u00e1s de presi\u00f3n sobre una econom\u00eda no precisamente boyante: tras el bum inicial \u2014un patr\u00f3n habitual en los pa\u00edses en guerra\u2014, el pa\u00eds <a href=\"https:\/\/elpais.com\/internacional\/2025-08-25\/la-guerra-de-gaza-amenaza-con-llevar-la-economia-de-israel-a-una-decada-perdida.html\" target=\"_self\" rel=\"nofollow noopener\" title=\"https:\/\/elpais.com\/internacional\/2025-08-25\/la-guerra-de-gaza-amenaza-con-llevar-la-economia-de-israel-a-una-decada-perdida.html\">atraviesa un trance complicado<\/a>, con el crecimiento claramente a la baja y la deuda p\u00fablica en aumento, dado el ingente gasto militar.<\/p>\n<p class=\"\">La pasada semana, y antes de dar marcha atr\u00e1s con discreci\u00f3n ante las cr\u00edticas pol\u00edticas y empresariales, el primer ministro, Benjam\u00edn Netanyahu, defendi\u00f3 que Israel se convierta en una \u201csuperEsparta\u201d en los pr\u00f3ximos a\u00f1os y adopte \u201cuna econom\u00eda con caracter\u00edsticas aut\u00e1rquicas\u201d porque atraviesa \u201cuna especie de aislamiento\u201d.<\/p>\n<p class=\"\">De cristalizar la propuesta enviada por el Ejecutivo comunitario, que ya cuenta con el visto bueno de la Euroc\u00e1mara, quedar\u00edan en el alero casi el 12% de las exportaciones israel\u00edes, m\u00e1s de 5.800 millones de euros. Una represalia no menor <a href=\"\" rel=\"\" title=\"\">por las atrocidades de su ej\u00e9rcito en Gaza.<\/a><\/p>\n<p class=\"\">En ese contexto adverso, la potencial reimposici\u00f3n de aranceles sobre sus ventas a Europa, con un sobrecoste que Bruselas calcula en casi 230 millones de euros para los exportadores israel\u00edes, empeora a\u00fan m\u00e1s las cosas: en 2023 y 2024, sus ventas al exterior ya cayeron, un 1,1% y un 4,9%, respectivamente.<\/p>\n<p class=\"\">La UE es el mayor destino exterior para los productos israel\u00edes, que tambi\u00e9n se est\u00e1n viendo gravados este a\u00f1o con el arancel del 15% impuesto por Donald Trump, el mismo que pesa sobre los productos europeos. El grueso de sus exportaciones a los Veintisiete (casi la mitad, que se dice pronto) se corresponde con maquinaria y equipamiento de transporte. Un ep\u00edgrafe tan espec\u00edfico que ser\u00e1 dif\u00edcil encontrar compradores alternativos si no es rebajando mucho los precios.<\/p>\n<p class=\"\">El resto son qu\u00edmicos (18%) y manufacturas de diversa \u00edndole, donde s\u00ed hay m\u00e1s opciones de encontrar nuevos mercados en caso de que los importadores europeos opten por comprarlos a terceros pa\u00edses para evitar el arancel que volver\u00e1 a gravar los bienes israel\u00edes. Lo har\u00e1 solo 30 d\u00edas despu\u00e9s de que el Consejo Europeo d\u00e9 su visto bueno <a href=\"https:\/\/elpais.com\/internacional\/2025-09-19\/las-dudas-de-alemania-sobre-el-acuerdo-comercial-de-la-ue-con-israel-dan-alas-a-una-posible-suspension.html\" target=\"_self\" rel=\"nofollow noopener\" title=\"https:\/\/elpais.com\/internacional\/2025-09-19\/las-dudas-de-alemania-sobre-el-acuerdo-comercial-de-la-ue-con-israel-dan-alas-a-una-posible-suspension.html\">\u2014si lo hace\u2014<\/a> a este paso sin precedentes en una relaci\u00f3n bilateral que, hasta el asedio de Netanyahu sobre Gaza, ten\u00eda bases m\u00e1s que s\u00f3lidas. Aranceles al margen, los productos israel\u00edes se enfrentan, tambi\u00e9n, a una creciente presi\u00f3n en los lineales, con cada vez m\u00e1s consumidores evitando la etiqueta made in Israel. Cuando no llamando directamente al boicot.<\/p>\n<p class=\"\">El principal destino europeo de las exportaciones israel\u00edes es Irlanda, <a href=\"https:\/\/elpais.com\/espana\/2024-05-22\/espana-se-coordina-con-irlanda-y-noruega-para-reconocer-el-estado-de-palestina.html\" target=\"_self\" rel=\"nofollow noopener\" title=\"https:\/\/elpais.com\/espana\/2024-05-22\/espana-se-coordina-con-irlanda-y-noruega-para-reconocer-el-estado-de-palestina.html\">junto con Espa\u00f1a el pa\u00eds del club comunitario m\u00e1s cr\u00edtico<\/a> con unos bombardeos indiscriminados que ya se han cobrado la vida de m\u00e1s de 65.000 personas. El segundo es Alemania, de quien depende, en gran medida, las opciones de que la propuesta de la Comisi\u00f3n Europea de suspender el acuerdo de asociaci\u00f3n llegue a buen puerto. El tercero es Pa\u00edses Bajos, uno de los que ha pedido la suspensi\u00f3n del pacto. Espa\u00f1a figura en sexto lugar, tras Francia, que va a reconocer en los pr\u00f3ximos d\u00edas a Palestina como Estado ante la ONU, e Italia, con un Gobierno mucho m\u00e1s cercano a Netanyahu y cuyo voto contrario puede ser clave para que salga o no adelante la moci\u00f3n.<\/p>\n<p class=\"\">\u201cCualquier resultado negativo de la actual revisi\u00f3n de su acuerdo de libre comercio con Israel por parte de la UE podr\u00eda tener un impacto sustancial en la balanza comercial israel\u00ed y afectar negativamente a su situaci\u00f3n financiera\u201d, reconoc\u00edan recientemente las propias autoridades del pa\u00eds en la documentaci\u00f3n aparejada a sus bonos soberanos, <a href=\"https:\/\/elpais.com\/economia\/2025-09-02\/israel-alerta-de-un-golpe-sustancial-a-su-economia-si-la-ue-endurece-sus-acuerdos-comerciales.html\" target=\"_self\" rel=\"nofollow noopener\" title=\"https:\/\/elpais.com\/economia\/2025-09-02\/israel-alerta-de-un-golpe-sustancial-a-su-economia-si-la-ue-endurece-sus-acuerdos-comerciales.html\">a la que ha tenido acceso EL PA\u00cdS<\/a>.<\/p>\n<p>Signos de estancamiento<\/p>\n<p class=\"\">Uno de los problemas de Netanyahu es que las agencias internacionales de calificaci\u00f3n crediticia no se creen el brillante horizonte que dibuja \u201ccuando acabe la guerra\u201d, una expresi\u00f3n que \u2014tras dos a\u00f1os en los que solo crece el n\u00famero de pa\u00edses de Oriente Pr\u00f3ximo bombardeados\u2014 no convence mucho a los o\u00eddos m\u00e1s t\u00e9cnicos que pol\u00edticos. Las grandes agencias de calificaci\u00f3n de riesgos coinciden en definir como \u201cnegativo\u201d su horizonte econ\u00f3mico. Por la inestabilidad geopol\u00edtica, por el gasto p\u00fablico en defensa y por el empeoramiento del ratio deuda sobre PIB, entre otros factores.<\/p>\n<p class=\"\">Ya a principios de 2024, Moody\u2019s se convirti\u00f3 en la primera en rebajar la nota (de A1 a A2) al Estado de Israel, por primera vez desde su creaci\u00f3n, en 1948. Hasta entonces, hab\u00eda logrado crecer, pese a los estallidos de violencia, la guerra de 2006 con Hezbol\u00e1 en L\u00edbano, la pandemia o el impacto de la invasi\u00f3n rusa de Ucrania.<\/p>\n<p class=\"\">El a\u00f1o pasado, la econom\u00eda israel\u00ed creci\u00f3 apenas un 1% y en sus \u00faltimas previsiones, <a href=\"https:\/\/elpais.com\/noticias\/ocde-organizacion-cooperacion-desarrollo-economico\/\" target=\"_self\" rel=\"nofollow noopener\" title=\"https:\/\/elpais.com\/noticias\/ocde-organizacion-cooperacion-desarrollo-economico\/\">la Organizaci\u00f3n para la Cooperaci\u00f3n y el Desarrollo Econ\u00f3micos (OCDE, el think tank de los pa\u00edses ricos)<\/a> proyectaba un alza del 3,3% este a\u00f1o y de casi el 5% en 2026. Eso fue <a href=\"https:\/\/www.oecd.org\/en\/publications\/oecd-economic-outlook-volume-2025-issue-1_83363382-en\/full-report\/israel_436c1fab.html\" target=\"_self\" rel=\"nofollow noopener\" title=\"https:\/\/www.oecd.org\/en\/publications\/oecd-economic-outlook-volume-2025-issue-1_83363382-en\/full-report\/israel_436c1fab.html\">en junio<\/a>, cuando el organismo con sede en Par\u00eds alud\u00eda <a href=\"https:\/\/elpais.com\/internacional\/2024-11-26\/netanyahu-anuncia-un-alto-el-fuego-con-libano-y-promete-responder-con-fuerza-a-cualquier-vulneracion-por-hezbola.html\" target=\"_self\" rel=\"nofollow noopener\" title=\"https:\/\/elpais.com\/internacional\/2024-11-26\/netanyahu-anuncia-un-alto-el-fuego-con-libano-y-promete-responder-con-fuerza-a-cualquier-vulneracion-por-hezbola.html\">al alto el fuego con el L\u00edbano<\/a> de meses antes como hito con reverberaciones positivas para el sector productivo israel\u00ed.<\/p>\n<p class=\"\">Desde entonces, el entorno se ha deteriorado. Frente a unas previsiones que apuntaban a un peque\u00f1o aumento, la econom\u00eda se contrajo en el segundo trimestre del a\u00f1o, con la renta per c\u00e1pita cayendo a\u00fan m\u00e1s intensamente. El Gobierno se vio obligado a recortar sus propias previsiones de crecimiento. El banco central reconoce que el PIB est\u00e1 un 4% por debajo de lo esperado antes de la guerra.<\/p>\n<p>M\u00e1s informaci\u00f3n<\/p>\n<p class=\"\">La semana pasada, el propio Netanyahu reconoci\u00f3 que <a href=\"https:\/\/www.bloomberg.com\/news\/articles\/2025-09-15\/israel-must-adapt-economy-to-international-isolation-pm-says\" target=\"_self\" rel=\"nofollow noopener\" title=\"https:\/\/www.bloomberg.com\/news\/articles\/2025-09-15\/israel-must-adapt-economy-to-international-isolation-pm-says\">tendr\u00e1 que adaptar su econom\u00eda \u2014muy centrada en la tecnolog\u00eda\u2014<\/a> a una era marcada por un creciente aislamiento internacional. Con dos convenientes culpables: \u201cLa inmigraci\u00f3n ilimitada de minor\u00edas musulmanas a pa\u00edses de Europa Occidental\u201d, que \u201chacen que los Gobiernos cedan\u201d, y las campa\u00f1as contra Israel en redes sociales pagadas por \u201cpa\u00edses como Qatar y China\u201d. <\/p>\n<p class=\"\">\u201cCreo en el libre mercado, pero podr\u00edamos encontrarnos en una situaci\u00f3n en la que nuestras industrias armament\u00edsticas se vean bloqueadas. Necesitaremos desarrollar industrias armament\u00edsticas aqu\u00ed, no solo investigaci\u00f3n y desarrollo, sino tambi\u00e9n la capacidad de producir lo que necesitamos\u201d, declar\u00f3 en una conferencia en Jerusal\u00e9n. \u201cNo hay otra opci\u00f3n, al menos en los pr\u00f3ximos a\u00f1os\u201d, sentenci\u00f3.<\/p>\n<p class=\"\">Tras esas palabras, la Bolsa de Tel Aviv cay\u00f3 un 1,8%. El potente selectivo tecnol\u00f3gico se dejaba, por su parte, un 1,6%. Oposici\u00f3n, empresarios y economistas cargaron contra la idea de transformar una econom\u00eda abierta en una \u201cSuperEsparta\u201d. El foro que agrupa las 200 mayores compa\u00f1\u00edas lo acus\u00f3 de llevar al pa\u00eds a un \u201cabismo pol\u00edtico, econ\u00f3mico y social\u201d. El concepto alimenta, adem\u00e1s, una narrativa victimista de Estado paria <a href=\"https:\/\/elpais.com\/internacional\/2024-03-31\/israel-capea-un-aislamiento-internacional-mas-retorico-que-real.html\" target=\"_self\" rel=\"nofollow noopener\" title=\"https:\/\/elpais.com\/internacional\/2024-03-31\/israel-capea-un-aislamiento-internacional-mas-retorico-que-real.html\">que no se corresponde con la realidad<\/a>: EE UU mantiene desde hace dos a\u00f1os su firme apoyo pol\u00edtico, militar y diplom\u00e1tico; ninguno de los Estados \u00e1rabes que reconocen a Israel han cortado relaciones por las masacres en Gaza, y la UE solo ha cambiado el tono recientemente. Netanyahu se puso en modo control de da\u00f1os y convoc\u00f3 una rueda de prensa para mostrar su \u201cplena confianza\u201d en la econom\u00eda nacional tras un \u201cmalentendido\u201d.<\/p>\n<p class=\"\">A esto se suma el hundimiento del <a href=\"https:\/\/elpais.com\/elviajero\/lonely-planet\/2023-07-13\/en-ruta-por-la-costa-mediterranea-de-israel-de-tel-aviv-a-nahariya-con-parada-en-haifa.html\" target=\"_self\" rel=\"nofollow noopener\" title=\"https:\/\/elpais.com\/elviajero\/lonely-planet\/2023-07-13\/en-ruta-por-la-costa-mediterranea-de-israel-de-tel-aviv-a-nahariya-con-parada-en-haifa.html\">turismo<\/a>. Ya no depende de que caigan m\u00e1s o menos misiles: sigue estancado en torno al mill\u00f3n de turistas anuales. La cifra puede llevar a enga\u00f1o, porque en realidad un tercio son jud\u00edos de otras partes del mundo que vienen a visitar a sus familiares, sobre todo durante las festividades. Son cifras similares a las de la pandemia, como recordaba el director de la Asociaci\u00f3n de Operadores Tur\u00edsticos, Yossi Fattal. En su c\u00e9nit, en 2019, Israel recibi\u00f3 casi cinco millones de turistas.<\/p>\n<p class=\"\">Pese a las recientes ca\u00eddas puntuales, la paradoja est\u00e1 en la Bolsa. Ajeno a las turbulencias econ\u00f3micas, el principal \u00edndice del parqu\u00e9 de Tel Aviv sube m\u00e1s de un 50% en el \u00faltimo a\u00f1o, bate r\u00e9cord tras r\u00e9cord y \u2014atenci\u00f3n\u2014 casi duplica su valor desde el <a href=\"https:\/\/elpais.com\/internacional\/2023-10-07\/las-milicias-de-gaza-lanzan-un-ataque-sorpresa-contra-israel-sin-precedentes.html\" target=\"_self\" rel=\"nofollow noopener\" title=\"https:\/\/elpais.com\/internacional\/2023-10-07\/las-milicias-de-gaza-lanzan-un-ataque-sorpresa-contra-israel-sin-precedentes.html\">7 de octubre de 2023, la fecha de los ataques de Ham\u00e1s<\/a>. La asincron\u00eda entre mercados financieros y econom\u00eda real, en su m\u00e1xima expresi\u00f3n.<\/p>\n","protected":false},"excerpt":{"rendered":"No ser\u00e1 un golpe mortal, pero s\u00ed sustancial. El fin temporal (y parcial) del acuerdo de asociaci\u00f3n entre&hellip;\n","protected":false},"author":2,"featured_media":132782,"comment_status":"","ping_status":"","sticky":false,"template":"","format":"standard","meta":{"footnotes":""},"categories":[42],"tags":[4135,17,18,5853,1708,68,26254,95,5855,13,14,73,11,61,62,63,64,74,19,20,9,10,15,16,6939,12,21,22,1617,65,66,67],"class_list":{"0":"post-132781","1":"post","2":"type-post","3":"status-publish","4":"format-standard","5":"has-post-thumbnail","7":"category-internacional","8":"tag-aranceles","9":"tag-breaking-news","10":"tag-breakingnews","11":"tag-comercio-internacional","12":"tag-comision-europea","13":"tag-conflicto-arabe-israeli","14":"tag-consejo-europeo","15":"tag-economia","16":"tag-exportaciones","17":"tag-featured-news","18":"tag-featurednews","19":"tag-franja-gaza","20":"tag-headlines","21":"tag-internacional","22":"tag-international","23":"tag-international-news","24":"tag-internationalnews","25":"tag-israel","26":"tag-latest-news","27":"tag-latestnews","28":"tag-news","29":"tag-noticias","30":"tag-noticias-destacadas","31":"tag-noticiasdestacadas","32":"tag-parlamento-europeo","33":"tag-titulares","34":"tag-ultimas-noticias","35":"tag-ultimasnoticias","36":"tag-union-europea","37":"tag-world","38":"tag-world-news","39":"tag-worldnews"},"share_on_mastodon":{"url":"","error":""},"_links":{"self":[{"href":"https:\/\/www.europesays.com\/es\/wp-json\/wp\/v2\/posts\/132781","targetHints":{"allow":["GET"]}}],"collection":[{"href":"https:\/\/www.europesays.com\/es\/wp-json\/wp\/v2\/posts"}],"about":[{"href":"https:\/\/www.europesays.com\/es\/wp-json\/wp\/v2\/types\/post"}],"author":[{"embeddable":true,"href":"https:\/\/www.europesays.com\/es\/wp-json\/wp\/v2\/users\/2"}],"replies":[{"embeddable":true,"href":"https:\/\/www.europesays.com\/es\/wp-json\/wp\/v2\/comments?post=132781"}],"version-history":[{"count":0,"href":"https:\/\/www.europesays.com\/es\/wp-json\/wp\/v2\/posts\/132781\/revisions"}],"wp:featuredmedia":[{"embeddable":true,"href":"https:\/\/www.europesays.com\/es\/wp-json\/wp\/v2\/media\/132782"}],"wp:attachment":[{"href":"https:\/\/www.europesays.com\/es\/wp-json\/wp\/v2\/media?parent=132781"}],"wp:term":[{"taxonomy":"category","embeddable":true,"href":"https:\/\/www.europesays.com\/es\/wp-json\/wp\/v2\/categories?post=132781"},{"taxonomy":"post_tag","embeddable":true,"href":"https:\/\/www.europesays.com\/es\/wp-json\/wp\/v2\/tags?post=132781"}],"curies":[{"name":"wp","href":"https:\/\/api.w.org\/{rel}","templated":true}]}}