{"id":132793,"date":"2025-09-22T23:38:08","date_gmt":"2025-09-22T23:38:08","guid":{"rendered":"https:\/\/www.europesays.com\/es\/132793\/"},"modified":"2025-09-22T23:38:08","modified_gmt":"2025-09-22T23:38:08","slug":"era-tan-guapo-que-todas-las-chicas-estaban-enamoradas-de-el","status":"publish","type":"post","link":"https:\/\/www.europesays.com\/es\/132793\/","title":{"rendered":"\u201cEra tan guapo que todas las chicas estaban enamoradas de \u00e9l\u201d"},"content":{"rendered":"<p id=\"eYvPlosKkZ\" data-wc=\"101\">Carlos III ha protagonizado un encuentro de lo m\u00e1s curioso emotivo.<strong>\u00a0El Rey a conocido a Ethel Caterham,<\/strong> quien ostenta el impresionante honor de ser la mujer viva m\u00e1s longeva del mundo. La brit\u00e1nica sopl\u00f3 nada menos que 116 velas el pasado mes de agosto y recibi\u00f3 una tarjeta de cumplea\u00f1os del monarca. En su visita, Ethel comparti\u00f3 con el rey Carlos algunos recuerdos que ten\u00eda de \u00e9l <a class=\"hm-link ho-link\" href=\"https:\/\/www.hola.com\/realeza\/casa_inglesa\/20230430229741\/carlos-iii-recordamos-coronacion-principe-gales\/\" data-mrf-recirculation=\"article-body-link\" rel=\"nofollow noopener\" target=\"_blank\">cuando era un joven pr\u00edncipe<\/a>, incluyendo<strong>\u00a0\u00abcuando todas las chicas estaban enamoradas\u00bb\u00a0<\/strong>de \u00e9l. \u00abQuer\u00edan casarse contigo\u00bb, ha comentado la mujer, quien ha sorprendido con su espontaneidad, como puedes ver en este v\u00eddeo.<\/p>\n","protected":false},"excerpt":{"rendered":"Carlos III ha protagonizado un encuentro de lo m\u00e1s curioso emotivo.\u00a0El Rey a conocido a Ethel Caterham, quien&hellip;\n","protected":false},"author":2,"featured_media":132794,"comment_status":"","ping_status":"","sticky":false,"template":"","format":"standard","meta":{"footnotes":""},"categories":[174],"tags":[255,146,147,25,24,256,1027,6856,22286,23],"class_list":{"0":"post-132793","1":"post","2":"type-post","3":"status-publish","4":"format-standard","5":"has-post-thumbnail","7":"category-famosos","8":"tag-celebrities","9":"tag-entertainment","10":"tag-entretenimiento","11":"tag-es","12":"tag-espana","13":"tag-famosos","14":"tag-realeza","15":"tag-realeza-inglesa","16":"tag-rey-carlos-iii","17":"tag-spain"},"share_on_mastodon":{"url":"","error":""},"_links":{"self":[{"href":"https:\/\/www.europesays.com\/es\/wp-json\/wp\/v2\/posts\/132793","targetHints":{"allow":["GET"]}}],"collection":[{"href":"https:\/\/www.europesays.com\/es\/wp-json\/wp\/v2\/posts"}],"about":[{"href":"https:\/\/www.europesays.com\/es\/wp-json\/wp\/v2\/types\/post"}],"author":[{"embeddable":true,"href":"https:\/\/www.europesays.com\/es\/wp-json\/wp\/v2\/users\/2"}],"replies":[{"embeddable":true,"href":"https:\/\/www.europesays.com\/es\/wp-json\/wp\/v2\/comments?post=132793"}],"version-history":[{"count":0,"href":"https:\/\/www.europesays.com\/es\/wp-json\/wp\/v2\/posts\/132793\/revisions"}],"wp:featuredmedia":[{"embeddable":true,"href":"https:\/\/www.europesays.com\/es\/wp-json\/wp\/v2\/media\/132794"}],"wp:attachment":[{"href":"https:\/\/www.europesays.com\/es\/wp-json\/wp\/v2\/media?parent=132793"}],"wp:term":[{"taxonomy":"category","embeddable":true,"href":"https:\/\/www.europesays.com\/es\/wp-json\/wp\/v2\/categories?post=132793"},{"taxonomy":"post_tag","embeddable":true,"href":"https:\/\/www.europesays.com\/es\/wp-json\/wp\/v2\/tags?post=132793"}],"curies":[{"name":"wp","href":"https:\/\/api.w.org\/{rel}","templated":true}]}}