{"id":132795,"date":"2025-09-22T23:41:19","date_gmt":"2025-09-22T23:41:19","guid":{"rendered":"https:\/\/www.europesays.com\/es\/132795\/"},"modified":"2025-09-22T23:41:19","modified_gmt":"2025-09-22T23:41:19","slug":"el-gobierno-los-compro-en-los-chinos","status":"publish","type":"post","link":"https:\/\/www.europesays.com\/es\/132795\/","title":{"rendered":"El Gobierno los compr\u00f3 en los chinos"},"content":{"rendered":"<p>Este lunes 22 de septiembre, <a href=\"https:\/\/okdiario.com\/trailer\/ana-rosa-sobre-exmujer-abalos-escandalos-que-tratan-ocultar-embargo-israel-15379528\" rel=\"nofollow noopener\" target=\"_blank\">Ana Rosa Quintana<\/a> ha dedicado su famoso editorial al fallo pulseras anti maltrato y la \u00faltima campa\u00f1a del Ministerio de Igualdad. \u00abUna campa\u00f1a que ha costado un huevo, nada menos que 1,6 millones de euros. Unos millones de euros que el ministerio de Igualdad no se gast\u00f3 en las pulseras anti maltrato. Unos dispositivos que el Gobierno compr\u00f3 en los chinos\u00bb, ha dicho la presentadora de<a href=\"https:\/\/okdiario.com\/trailer\/ana-rosa-presenta-nueva-temporada-senalando-sanchez-este-gobierno-ya-no-gobierna-15354555\" rel=\"nofollow noopener\" target=\"_blank\"> El programa de Ana Rosa<\/a> adem\u00e1s de a\u00f1adir: \u00abEl presidente no ha hecho ni una sola menci\u00f3n a las pulseras en todo el fin de semana. Eso s\u00ed, desde el Gobierno piden que Pedro S\u00e1nchez sea nominado al premio Nobel de la Paz\u00bb.<\/p>\n<p>Un d\u00eda m\u00e1s, <a href=\"https:\/\/okdiario.com\/trailer\/ana-rosa-manda-mensaje-zombi-sanchez-levantate-anda-marcando-paquete-medidas-15060484\" rel=\"nofollow noopener\" target=\"_blank\">Ana Rosa Quintana<\/a> ha comenzado su programa de este lunes 22 de septiembre con su ya famoso editorial. La presentadora ha cargado contra el Gobierno de Pedro S\u00e1nchez tras su gesti\u00f3n en el fallo de las pulseras anti maltrato y la \u00faltima campa\u00f1a del Ministerio de Igualdad.<\/p>\n<p><img loading=\"lazy\" decoding=\"async\" class=\"size-medium wp-image-14805689\" alt=\"Ana Rosa Quintana.\" width=\"620\" height=\"372\"  src=\"https:\/\/www.europesays.com\/es\/wp-content\/uploads\/2025\/09\/ana-rosa-quintana.-42-620x372.jpg\" \/> Ana Rosa Quintana.<\/p>\n<p>\u00abBuenos d\u00edas. Por huevos, este es el lema de la \u00faltima campa\u00f1a del Ministerio de Igualdad. Una campa\u00f1a que aboga por una masculinidad m\u00e1s diversa. Una campa\u00f1a que ha costado un huevo, nada menos que 1,6 millones de euros. Unos millones de euros que el ministerio de Igualdad no se gast\u00f3 en las pulseras anti maltrato. Unos dispositivos que el Gobierno compr\u00f3 en los chinos. Ahora la ministra de Igualdad, Ana Redondo, asegura que es un bulo que las pulseras anti maltrato no funcionasen, y que lo que pone en verdadero peligro a las mujeres no es que no funcionasen las pulseras, sino que es el bulo en s\u00ed mismo lo que pone en peligro a las mujeres maltratadas. Es un bulo. Que se lo digan a las mujeres a las que se les presentaba su maltratador en la puerta de su casa sin que saltaran las alarmas. Que se lo digan a los jueces. Este Gobierno instalado en la mentira asegura que es un bulo que recibieran un aviso del Consejo General del Poder Judicial, pero La Raz\u00f3n publica hoy las actas en las que los magistrados avisan de los problemas con el centro Cometa, encargado del seguimiento del servicio, con localizaciones err\u00f3neas y manipulaciones de los maltratadores\u00bb, ha arrancado <a href=\"https:\/\/okdiario.com\/trailer\/ana-rosa-presenta-nueva-temporada-senalando-sanchez-este-gobierno-ya-no-gobierna-15354555\" rel=\"nofollow noopener\" target=\"_blank\">Ana Rosa.<\/a><\/p>\n<p><img loading=\"lazy\" decoding=\"async\" class=\"size-medium wp-image-14687081\" alt=\"Ana Rosa Quintana.\" width=\"620\" height=\"349\"  src=\"https:\/\/www.europesays.com\/es\/wp-content\/uploads\/2025\/09\/ana-rosa-quintana.-39-620x349.jpg\" \/> Ana Rosa Quintana.<\/p>\n<p>La presentadora ha continuado: \u00abLa Fiscal\u00eda General del Estado, que depende del Gobierno, tambi\u00e9n avis\u00f3 de los fallos, en este caso de la p\u00e9rdida de datos y de informaci\u00f3n, que generaron una gran cantidad de sobreseimientos y absoluciones. Ahora la ministra de Igualdad carga contra la Fiscal\u00eda se\u00f1alando que \u00abhizo una valoraci\u00f3n sin datos\u00bb que \u00abha generado alarma\u00bb. Como dice la campa\u00f1a de Igualdad, tiene huevos como para hacer una tortilla de patata para un barrio entero\u00bb.<\/p>\n<p>\u00abEl Pa\u00eds publica hoy que la responsable del centro de seguimiento de las pulseras mand\u00f3 ocultar los avisos para que la Delegaci\u00f3n del Gobierno no se enterase de lo que estaba ocurriendo. Incluso felicitaron a los que trampearon la situaci\u00f3n de las pulseras. La ministra pide que no se genere alarma con las pulseras, cuando precisamente lo que tienen que generar las pulseras son alarmas que avisen a las v\u00edctimas. Mientras el presidente no ha hecho ni una sola menci\u00f3n a las pulseras en todo el fin de semana. Eso s\u00ed, desde el Gobierno piden que Pedro S\u00e1nchez sea nominado al premio Nobel de la Paz. Durante la presentaci\u00f3n de la campa\u00f1a de Igualdad, la ministra Ana Redondo dijo que hay que resignificar el t\u00e9rmino por mis huevismos. Ministra, apl\u00edquese el cuento cuando insista en que los fallos de las pulseras son un bulo. Un bulo con un par de g\u00f3nadas\u00bb, ha finalizado <a href=\"https:\/\/okdiario.com\/trailer\/ana-rosa-sobre-exmujer-abalos-escandalos-que-tratan-ocultar-embargo-israel-15379528\" rel=\"nofollow noopener\" target=\"_blank\">Ana Rosa Quintana<\/a> antes de dar paso al programa.<\/p>\n","protected":false},"excerpt":{"rendered":"Este lunes 22 de septiembre, Ana Rosa Quintana ha dedicado su famoso editorial al fallo pulseras anti maltrato&hellip;\n","protected":false},"author":2,"featured_media":132796,"comment_status":"","ping_status":"","sticky":false,"template":"","format":"standard","meta":{"footnotes":""},"categories":[171],"tags":[146,147,25,24,23,214],"class_list":{"0":"post-132795","1":"post","2":"type-post","3":"status-publish","4":"format-standard","5":"has-post-thumbnail","7":"category-tv","8":"tag-entertainment","9":"tag-entretenimiento","10":"tag-es","11":"tag-espana","12":"tag-spain","13":"tag-tv"},"share_on_mastodon":{"url":"","error":""},"_links":{"self":[{"href":"https:\/\/www.europesays.com\/es\/wp-json\/wp\/v2\/posts\/132795","targetHints":{"allow":["GET"]}}],"collection":[{"href":"https:\/\/www.europesays.com\/es\/wp-json\/wp\/v2\/posts"}],"about":[{"href":"https:\/\/www.europesays.com\/es\/wp-json\/wp\/v2\/types\/post"}],"author":[{"embeddable":true,"href":"https:\/\/www.europesays.com\/es\/wp-json\/wp\/v2\/users\/2"}],"replies":[{"embeddable":true,"href":"https:\/\/www.europesays.com\/es\/wp-json\/wp\/v2\/comments?post=132795"}],"version-history":[{"count":0,"href":"https:\/\/www.europesays.com\/es\/wp-json\/wp\/v2\/posts\/132795\/revisions"}],"wp:featuredmedia":[{"embeddable":true,"href":"https:\/\/www.europesays.com\/es\/wp-json\/wp\/v2\/media\/132796"}],"wp:attachment":[{"href":"https:\/\/www.europesays.com\/es\/wp-json\/wp\/v2\/media?parent=132795"}],"wp:term":[{"taxonomy":"category","embeddable":true,"href":"https:\/\/www.europesays.com\/es\/wp-json\/wp\/v2\/categories?post=132795"},{"taxonomy":"post_tag","embeddable":true,"href":"https:\/\/www.europesays.com\/es\/wp-json\/wp\/v2\/tags?post=132795"}],"curies":[{"name":"wp","href":"https:\/\/api.w.org\/{rel}","templated":true}]}}