{"id":132803,"date":"2025-09-22T23:46:11","date_gmt":"2025-09-22T23:46:11","guid":{"rendered":"https:\/\/www.europesays.com\/es\/132803\/"},"modified":"2025-09-22T23:46:11","modified_gmt":"2025-09-22T23:46:11","slug":"la-responsabilidad-el-ayudar-en-casa-eso-te-curte","status":"publish","type":"post","link":"https:\/\/www.europesays.com\/es\/132803\/","title":{"rendered":"la responsabilidad, el ayudar en casa&#8230; eso te curte\u00bb"},"content":{"rendered":"<p><strong>Esther Ca\u00f1adas <\/strong>es uno de los grandes nombres de la moda espa\u00f1ola y, a sus 48 a\u00f1os, sigue siendo una de las <strong>modelos m\u00e1s ic\u00f3nicas del pa\u00eds<\/strong>. De hecho, ha sido una de las grandes protagonistas en el desfile de Carolina Herrera en la Plaza Mayor de Madrid. Un momento inolvidable en su trayectoria que nos desvelar\u00e1 m\u00e1s a fondo en &#8216;El Hormiguero&#8217; como invitada especial durante la noche del lunes, 22 de septiembre. Pero <strong>su historia va mucho m\u00e1s all\u00e1 de las pasarelas. <\/strong>En una reciente <a href=\"https:\/\/www.harpersbazaar.com\/es\/moda\/noticias-moda\/a65623428\/esther-canadas-entrevista-modelo-regreso\/\" rel=\"nofollow noopener\" target=\"_blank\">entrevista con Harper\u2019s Bazaar<\/a>, Esther ha hablado de sus ra\u00edces y de<strong> c\u00f3mo su infancia marc\u00f3 el car\u00e1cter que hoy la define<\/strong>.\u00a0<\/p>\n<p>Y es que su carrera comenz\u00f3 muy pronto. Ten\u00eda solo 15 a\u00f1os cuando decidi\u00f3 que quer\u00eda perseguir un sue\u00f1o del que, en los noventa, se sab\u00eda poco m\u00e1s que era algo duro y exigir\u00eda esfuerzo. No obstante, <strong>contaba con el apoyo de sus padres<\/strong>: \u00abEllos trabajaban mucho y no tuve la infancia m\u00e1s acomodada, pero de alguna manera me dieron todo lo que soy hoy:<strong> la responsabilidad, el ayudar en casa&#8230;<\/strong> eso te curte,<strong> te ayuda a valorar todo y a darle sentido a cada cosa<\/strong>\u00ab, explica.<\/p>\n<blockquote class=\"instagram-media\" data-instgrm-permalink=\"https:\/\/www.instagram.com\/p\/DO3wo3yCApr\/?utm_source=ig_embed&amp;utm_campaign=loading\" data-instgrm-version=\"14\" style=\" background:#FFF; border:0; border-radius:3px; box-shadow:0 0 1px 0 rgba(0,0,0,0.5),0 1px 10px 0 rgba(0,0,0,0.15); margin: 1px; max-width:540px; min-width:326px; padding:0; width:99.375%; width:-webkit-calc(100% - 2px); width:calc(100% - 2px);\"\/><p>&#13;<img decoding=\"async\" src=\"https:\/\/www.europesays.com\/es\/wp-content\/uploads\/2025\/09\/dormitorio-blanco-y-en-tonos-tostados-00584101_d693d7a3_00584101_250910090424_600x600.webp.webp\" alt=\"dormitorio blanco y en tonos tostados 00584101\" class=\"image lazyload\"\/><\/p>\n<p class=\"epigraph\">FENG SHUI<\/p>\n<p><a href=\"https:\/\/www.elmueble.com\/decoracion\/gloria-ramos-experta-feng-shui-ni-se-te-ocurra-poner-fotos-dormitorio-personas-queridas-afectara-tu-privacidad_61720\" rel=\"nofollow noopener\" target=\"_blank\">Gloria Ramos, experta en Feng Shui: \u00abNi se te ocurra poner fotos en el dormitorio de personas queridas, afectar\u00e1 tu privacidad\u00bb<\/a><br \/>\nLa responsabilidad en casa: clave para formar adultos independientes<\/p>\n<p>Con esa mentalidad, siendo todav\u00eda adolescente, <strong>se mud\u00f3 a Barcelona y \u00abse busc\u00f3 las casta\u00f1as\u00bb,<\/strong> en sus propias palabras, empezando una carrera que la llevar\u00eda a trabajar con las mejores firmas internacionales y a desfilar en las pasarelas m\u00e1s prestigiosas del mundo. Para Ca\u00f1adas, <strong>esa educaci\u00f3n de infancia, sin lujos<\/strong>, pero con valores muy s\u00f3lidos, fue <strong>clave para aprender a ser independiente.<\/strong><\/p>\n<p>Colaborar en casa, <strong>ver el esfuerzo de sus padres y entender que todo costaba trabajo<\/strong> le dio una base sobre la que construir su carrera en un sector tan competitivo como el de la moda. \u00abNo se trata solo de suerte\u00bb, parece decir con su historia, \u00absino de disciplina, resiliencia y de entender que cada logro tiene un precio en esfuerzo\u00bb.<\/p>\n<p>La importancia de que los ni\u00f1os ayuden en casa<\/p>\n<p>El testimonio de la modelo pone sobre la mesa un tema esencial: la <strong>colaboraci\u00f3n de los ni\u00f1os en las tareas dom\u00e9sticas<\/strong> no es solo una ayuda para los padres, sino una escuela de vida.\u00a0Colaborar en casa tambi\u00e9n les ayuda a <strong>adquirir h\u00e1bitos de orden y disciplina<\/strong>, y a comprender que el hogar es un espacio compartido que requiere cuidado por parte de todos. No se trata de cargarles con tareas excesivas, sino de<strong> adaptar las responsabilidades a su edad y capacidad<\/strong> para que las vivan como algo natural, no como un castigo.<\/p>\n<p>&#13;<img decoding=\"async\" src=\"https:\/\/www.europesays.com\/es\/wp-content\/uploads\/2025\/09\/judit-masco_5d823a87_241015102613_600x600.webp.webp\" alt=\"judit masc\u00f3\" class=\"image lazyload\"\/><\/p>\n<p class=\"epigraph\">Muy familiar<\/p>\n<p><a href=\"https:\/\/www.elmueble.com\/casas\/famosos\/judit-masco-asi-es-acogedor-sencillo-hogar-espacios-aire-libre-zonas-relax-ambiente-muy-familiar_45249\" rel=\"nofollow noopener\" target=\"_blank\">As\u00ed es el acogedor y sencillo hogar de Judit Masc\u00f3: con espacios al aire libre, zonas relax y ambiente muy familiar<\/a><br \/>\nResponsabilidades (por edades) que pueden asumir los ni\u00f1os <script async src=\"\/\/www.instagram.com\/embed.js\"><\/script><\/p>\n","protected":false},"excerpt":{"rendered":"Esther Ca\u00f1adas es uno de los grandes nombres de la moda espa\u00f1ola y, a sus 48 a\u00f1os, sigue&hellip;\n","protected":false},"author":2,"featured_media":132804,"comment_status":"","ping_status":"","sticky":false,"template":"","format":"standard","meta":{"footnotes":""},"categories":[91],"tags":[146,147,25,24,23],"class_list":{"0":"post-132803","1":"post","2":"type-post","3":"status-publish","4":"format-standard","5":"has-post-thumbnail","7":"category-entretenimiento","8":"tag-entertainment","9":"tag-entretenimiento","10":"tag-es","11":"tag-espana","12":"tag-spain"},"share_on_mastodon":{"url":"","error":""},"_links":{"self":[{"href":"https:\/\/www.europesays.com\/es\/wp-json\/wp\/v2\/posts\/132803","targetHints":{"allow":["GET"]}}],"collection":[{"href":"https:\/\/www.europesays.com\/es\/wp-json\/wp\/v2\/posts"}],"about":[{"href":"https:\/\/www.europesays.com\/es\/wp-json\/wp\/v2\/types\/post"}],"author":[{"embeddable":true,"href":"https:\/\/www.europesays.com\/es\/wp-json\/wp\/v2\/users\/2"}],"replies":[{"embeddable":true,"href":"https:\/\/www.europesays.com\/es\/wp-json\/wp\/v2\/comments?post=132803"}],"version-history":[{"count":0,"href":"https:\/\/www.europesays.com\/es\/wp-json\/wp\/v2\/posts\/132803\/revisions"}],"wp:featuredmedia":[{"embeddable":true,"href":"https:\/\/www.europesays.com\/es\/wp-json\/wp\/v2\/media\/132804"}],"wp:attachment":[{"href":"https:\/\/www.europesays.com\/es\/wp-json\/wp\/v2\/media?parent=132803"}],"wp:term":[{"taxonomy":"category","embeddable":true,"href":"https:\/\/www.europesays.com\/es\/wp-json\/wp\/v2\/categories?post=132803"},{"taxonomy":"post_tag","embeddable":true,"href":"https:\/\/www.europesays.com\/es\/wp-json\/wp\/v2\/tags?post=132803"}],"curies":[{"name":"wp","href":"https:\/\/api.w.org\/{rel}","templated":true}]}}