{"id":132805,"date":"2025-09-22T23:47:08","date_gmt":"2025-09-22T23:47:08","guid":{"rendered":"https:\/\/www.europesays.com\/es\/132805\/"},"modified":"2025-09-22T23:47:08","modified_gmt":"2025-09-22T23:47:08","slug":"el-cometa-interestelar-3i-atlas-multiplica-por-40-su-brillo-y-muestra-una-atmosfera-verde-nunca-vista-en-objetos-similares","status":"publish","type":"post","link":"https:\/\/www.europesays.com\/es\/132805\/","title":{"rendered":"El cometa interestelar 3I\/ATLAS multiplica por 40 su brillo y muestra una atm\u00f3sfera verde nunca vista en objetos similares"},"content":{"rendered":"<p><a href=\"https:\/\/es.gizmodo.com\/no-eran-simples-cometas-perdidos-los-objetos-interestelares-como-3i-atlas-podrian-haber-sembrado-planetas-en-otras-estrellas-2000192474\" rel=\"nofollow noopener\" target=\"_blank\">El fen\u00f3meno<\/a> ha dejado en evidencia los l\u00edmites de los modelos actuales. A diferencia de los cometas del sistema solar, de los que ya se conocen patrones de comportamiento, <a href=\"https:\/\/es.gizmodo.com\/un-cometa-de-fuera-del-sistema-solar-atraviesa-la-tierra-y-los-astronomos-sospechan-que-guarda-secretos-aun-mas-antiguos-que-el-sol-2000192421\" rel=\"nofollow noopener\" target=\"_blank\">3I\/ATLAS<\/a> procede del espacio interestelar y responde a din\u00e1micas que los astr\u00f3nomos apenas empiezan a descifrar. <a href=\"https:\/\/es.gizmodo.com\/el-objeto-interestelar-3i-atlas-pasara-cerca-de-marte-en-los-proximos-dias-sin-dudas-su-visita-puede-ser-un-cambio-radical-en-la-historia-2000190973\" rel=\"nofollow noopener\" target=\"_blank\">Su visita es \u00fanica y, a juzgar por los datos, tambi\u00e9n impredecible.<\/a><\/p>\n<p> Un brillo fuera de todo pron\u00f3stico <img loading=\"lazy\" decoding=\"async\" class=\"size-full wp-image-2000193545\" src=\"https:\/\/www.europesays.com\/es\/wp-content\/uploads\/2025\/09\/Diseno-sin-titulo-20-24.jpg\" alt=\"Un visitante de otra estrella brilla sobre el sistema solar: 3I\/ATLAS sorprende con una atm\u00f3sfera verde y un resplandor inesperado\" width=\"1500\" height=\"1000\"  \/>\u00a9 International Gemini Observatory\/NOIRLab\/NSF\/AURA\/Shadow the Scientist. <\/p>\n<p>Desde principios de septiembre de 2025, <a href=\"https:\/\/es.gizmodo.com\/el-visitante-que-no-vuelve-el-cometa-3i-atlas-deja-un-ultimo-retrato-antes-de-desaparecer-en-el-espacio-interestelar-2000190625\" rel=\"nofollow noopener\" target=\"_blank\">el cometa ha multiplicado por 40 su luminosidad.<\/a> Los c\u00e1lculos previos lo situaban en magnitudes mucho m\u00e1s d\u00e9biles, pero la realidad super\u00f3 las simulaciones. El aumento podr\u00eda deberse a una liberaci\u00f3n repentina de gas y polvo o a procesos internos propios de un objeto que se form\u00f3 en condiciones muy distintas a las de nuestro sistema solar.<\/p>\n<p>Lo llamativo no es solo la intensidad, sino tambi\u00e9n la rapidez con la que se produjo el cambio. <a href=\"https:\/\/es.gizmodo.com\/el-cometa-3i-atlas-sera-cazado-desde-marte-una-capsula-del-tiempo-cosmica-al-alcance-humano-2000189973\" rel=\"nofollow noopener\" target=\"_blank\">Esa aceleraci\u00f3n pone en jaque las proyecciones sobre c\u00f3mo evolucionar\u00e1 su visibilidad en las pr\u00f3ximas semanas.<\/a><\/p>\n<p> Una atm\u00f3sfera verde e inusual <\/p>\n<p><a href=\"https:\/\/es.gizmodo.com\/3i-atlas-el-visitante-interestelar-que-trae-consigo-un-enigma-quimico-2000189251\" rel=\"nofollow noopener\" target=\"_blank\">El cometa muestra una coma verde de unos cinco minutos de arco de di\u00e1metro<\/a>, un rasgo asociado a la presencia de mol\u00e9culas como el carbono diat\u00f3mico que brillan bajo la radiaci\u00f3n solar. Sin embargo, lo m\u00e1s sorprendente es la orientaci\u00f3n de su cola: en lugar de alejarse del Sol, como ocurre normalmente, apunta hacia \u00e9l.<\/p>\n<p>Esa rareza a\u00f1ade un nuevo interrogante sobre la din\u00e1mica del objeto y sobre la interacci\u00f3n entre su n\u00facleo, los gases expulsados y el viento solar.<\/p>\n<p> El encuentro con Marte <img loading=\"lazy\" decoding=\"async\" class=\"size-full wp-image-2000193547\" src=\"https:\/\/www.europesays.com\/es\/wp-content\/uploads\/2025\/09\/Diseno-sin-titulo-21-23.jpg\" alt=\"Un visitante de otra estrella brilla sobre el sistema solar: 3I\/ATLAS sorprende con una atm\u00f3sfera verde y un resplandor inesperado\" width=\"1500\" height=\"1000\"  \/>\u00a9 Marshall Eubanks de Space Initiatives Inc. <\/p>\n<p><a href=\"https:\/\/www.tiempo.com\/ram\/Spaceweather.com\" rel=\"nofollow noopener\" target=\"_blank\">El momento clave ser\u00e1 el 3 de octubre, cuando 3I\/ATLAS pase a solo 29 millones de kil\u00f3metros de Marte<\/a>. Varias sondas que orbitan el planeta rojo \u2014entre ellas <a href=\"https:\/\/translate.google.com\/translate?u=https:\/\/science.nasa.gov\/mission\/mars-reconnaissance-orbiter\/&amp;hl=es&amp;sl=en&amp;tl=es&amp;client=srp\" rel=\"nofollow noopener\" target=\"_blank\">la Mars Reconnaissance Orbiter<\/a> y las misiones europeas <a href=\"https:\/\/www.esa.int\/Science_Exploration\/Human_and_Robotic_Exploration\/Exploration\/ExoMars\/Trace_Gas_Orbiter_instruments\" rel=\"nofollow noopener\" target=\"_blank\">Trace Gas Orbiter<\/a> y <a href=\"https:\/\/translate.google.com\/translate?u=https:\/\/www.esa.int\/Science_Exploration\/Space_Science\/Mars_Express&amp;hl=es&amp;sl=en&amp;tl=es&amp;client=srp\" rel=\"nofollow noopener\" target=\"_blank\">Mars Express<\/a>\u2014 aprovechar\u00e1n el sobrevuelo para registrar datos in\u00e9ditos.<\/p>\n<p>La comunidad astron\u00f3mica en la Tierra tambi\u00e9n prepara telescopios para acompa\u00f1ar la campa\u00f1a marciana, en busca de informaci\u00f3n que ayude a comparar este visitante con los cometas \u201cdom\u00e9sticos\u201d del sistema solar.<\/p>\n<p> Un laboratorio natural interestelar <\/p>\n<p>Cada medici\u00f3n de <a href=\"https:\/\/es.gizmodo.com\/de-oumuamua-a-borisov-todo-parecia-claro-ahora-3i-atlas-llega-con-senales-ineditas-que-apuntan-a-un-origen-inesperado-como-tecnologia-interestelar-2000192600\" rel=\"nofollow noopener\" target=\"_blank\">3I\/ATLAS<\/a> ofrece pistas sobre c\u00f3mo se comportan los cometas formados en otros sistemas estelares. Su composici\u00f3n, sus estallidos y su atm\u00f3sfera verde son piezas de un rompecabezas que podr\u00eda ampliar lo que sabemos sobre la qu\u00edmica del universo temprano.<\/p>\n<p>Lo que est\u00e1 claro es que no hay reglas claras para estos objetos. <a href=\"https:\/\/es.gizmodo.com\/polemica-en-harvard-el-asteroide-3i-atlas-podria-ser-un-artefacto-extraterrestre-2000192902\" rel=\"nofollow noopener\" target=\"_blank\">3I\/ATLAS<\/a> recuerda que el cosmos a\u00fan guarda sorpresas capaces de desafiar nuestras predicciones m\u00e1s seguras.<\/p>\n","protected":false},"excerpt":{"rendered":"El fen\u00f3meno ha dejado en evidencia los l\u00edmites de los modelos actuales. A diferencia de los cometas del&hellip;\n","protected":false},"author":2,"featured_media":132806,"comment_status":"","ping_status":"","sticky":false,"template":"","format":"standard","meta":{"footnotes":""},"categories":[81],"tags":[119,123,124,25,24,117,121,122,23,118,120],"class_list":{"0":"post-132805","1":"post","2":"type-post","3":"status-publish","4":"format-standard","5":"has-post-thumbnail","7":"category-ciencia-y-tecnologia","8":"tag-ciencia","9":"tag-ciencia-y-tecnologia","10":"tag-cienciaytecnologia","11":"tag-es","12":"tag-espana","13":"tag-science","14":"tag-science-and-technology","15":"tag-scienceandtechnology","16":"tag-spain","17":"tag-technology","18":"tag-tecnologia"},"share_on_mastodon":{"url":"","error":""},"_links":{"self":[{"href":"https:\/\/www.europesays.com\/es\/wp-json\/wp\/v2\/posts\/132805","targetHints":{"allow":["GET"]}}],"collection":[{"href":"https:\/\/www.europesays.com\/es\/wp-json\/wp\/v2\/posts"}],"about":[{"href":"https:\/\/www.europesays.com\/es\/wp-json\/wp\/v2\/types\/post"}],"author":[{"embeddable":true,"href":"https:\/\/www.europesays.com\/es\/wp-json\/wp\/v2\/users\/2"}],"replies":[{"embeddable":true,"href":"https:\/\/www.europesays.com\/es\/wp-json\/wp\/v2\/comments?post=132805"}],"version-history":[{"count":0,"href":"https:\/\/www.europesays.com\/es\/wp-json\/wp\/v2\/posts\/132805\/revisions"}],"wp:featuredmedia":[{"embeddable":true,"href":"https:\/\/www.europesays.com\/es\/wp-json\/wp\/v2\/media\/132806"}],"wp:attachment":[{"href":"https:\/\/www.europesays.com\/es\/wp-json\/wp\/v2\/media?parent=132805"}],"wp:term":[{"taxonomy":"category","embeddable":true,"href":"https:\/\/www.europesays.com\/es\/wp-json\/wp\/v2\/categories?post=132805"},{"taxonomy":"post_tag","embeddable":true,"href":"https:\/\/www.europesays.com\/es\/wp-json\/wp\/v2\/tags?post=132805"}],"curies":[{"name":"wp","href":"https:\/\/api.w.org\/{rel}","templated":true}]}}