{"id":132807,"date":"2025-09-22T23:48:11","date_gmt":"2025-09-22T23:48:11","guid":{"rendered":"https:\/\/www.europesays.com\/es\/132807\/"},"modified":"2025-09-22T23:48:11","modified_gmt":"2025-09-22T23:48:11","slug":"indra-negocia-la-compra-de-comforsa-a-la-generalitat-los-minoritarios-del-sabadell-quieren-ir-a-la-cnmv-por-manel-perez","status":"publish","type":"post","link":"https:\/\/www.europesays.com\/es\/132807\/","title":{"rendered":"Indra negocia la compra de Comforsa a la Generalitat; los minoritarios del Sabadell quieren ir a la CNMV, por Manel P\u00e9rez"},"content":{"rendered":"<p data-gtm-element-container=\"modulo-texto-link\" class=\"paragraph\">Indra, la empresa de moda del sector espa\u00f1ol de la defensa, est\u00e1 acometiendo un ambicioso plan de expansi\u00f3n y compra de otras compa\u00f1\u00edas y una de las m\u00e1s inminentes es la de la compa\u00f1\u00eda p\u00fablica catalana Comforsa. La firma que preside \u00c1ngel Escribano, est\u00e1 negociando su adquisici\u00f3n con la administraci\u00f3n catalana, propietaria de su capital, seg\u00fan las fuentes consultadas. Los contactos est\u00e1n pilotados, al m\u00e1s alto nivel, por el president de la Generalitat, Salvador Illa y el presidente de Indra.<\/p>\n<p data-gtm-element-container=\"modulo-texto-link\" class=\"paragraph\">Comforsa es una hist\u00f3rica empresa del sector de la forja met\u00e1lica que fabrica productos para veh\u00edculos industriales y materia pesada. El plan de Indra es que se centre en la fabricaci\u00f3n de balas. La Generalitat la controla a trav\u00e9s de la sociedad Avan\u00e7sa, dedicada a la promoci\u00f3n industrial y que preside el conseller d\u2019empresa i treball, Miquel S\u00e0mper.<\/p>\n<p data-gtm-element-container=\"modulo-texto-link\" class=\"paragraph\">Indra tiene al Estado como accionista y cuenta con el apoyo del gobierno para encabezar la concentraci\u00f3n del sector. Illa quiere que parte de los recursos se inviertan en Catalunya. Adem\u00e1s, esa inyecci\u00f3n de dinero ser\u00eda muy relevante para el Ripoll\u00e9s. Comforsa factura poco m\u00e1s de 70 millones pero es muy relevante en el mercado laboral de esa comarca, donde ocupa a m\u00e1s de 370 personas, un elevado porcentaje de la poblaci\u00f3n ocupada de la comarca. En ella, se ubican sus cuatro factor\u00edas de Campdev\u00e0nol y Ripoll.<\/p>\n<p data-gtm-element-container=\"modulo-texto-link\" class=\"paragraph\">A principios de esta d\u00e9cada, Comforsa volvi\u00f3 a padecer una nueva crisis de gravedad a consecuencia de supuestas anomal\u00edas en su gesti\u00f3n, que terminaron con el despido de la mayor parte de su c\u00fapula directiva y el cruce de demandas en los juzgados. Antes, la empresa hab\u00eda recibido ayudas p\u00fablicas de unos 45 millones de euros. Tras ese episodio, la administraci\u00f3n catalana, en aquel momento encabezada por el president Pere Aragon\u00e8s, se plante\u00f3 elaborar un nuevo plan estrat\u00e9gico que no implic\u00f3 ninguna mejora significativa de las principales cifras de la empresa.<\/p>\n<p data-gtm-element-container=\"modulo-texto-link\" class=\"paragraph\">Previamente, el \u00faltimo proceso de transformaci\u00f3n de Comforsa culmin\u00f3 a finales de los a\u00f1os 90, cuando la antigua La Farga Casanova , entonces en manos del antiguo Instituto Nacional de Industria (INI) pas\u00f3 a manos de la Generalitat. Las ra\u00edces de la empresa se remontan a 1875.<\/p>\n<p>                <img loading=\"lazy\" decoding=\"async\" data-full-src=\"https:\/\/www.lavanguardia.com\/uploads\/2025\/09\/22\/68d07c7dbd238.jpeg\" alt=\"ANGEL ESCRIBANO, NUEVO PRESIDENTE DE INDRA\" width=\"449\" height=\"253\" src=\"https:\/\/www.europesays.com\/es\/wp-content\/uploads\/2025\/09\/68d07c7dbd238.r_d.1880-1905-1277.jpeg\" class=\"lazy\"\/><\/p>\n<p class=\"caption-title \">\u00c1ngel Escribano, presidente de Indra<\/p>\n<p>                    LV<\/p>\n<p data-gtm-element-container=\"modulo-texto-link\" class=\"paragraph\">+++<\/p>\n<p data-gtm-element-container=\"modulo-texto-link\" class=\"paragraph\">Semana trascendental en la larga oferta p\u00fablica de adquisici\u00f3n de acciones (opa) del BBVA sobre el Sabadell. Esta ma\u00f1ana, el presidente del primero, Carlos Torres, ha acabado con el debate sobre si habr\u00e1 o no subida del precio de su oferta, que valora el que preside Josep Oliu en unos 15.000 millones de euros. La <a href=\"https:\/\/www.lavanguardia.com\/economia\/20250922\/11083209\/bbva-mejora-oferta-convencer-opa-accionistas-banco-sabadell.html\" rel=\"nofollow noopener\" target=\"_blank\">subida aprobada por el consejo de administraci\u00f3n y anunciada hoy es del 10%<\/a>.<\/p>\n<p data-gtm-element-container=\"modulo-texto-link\" class=\"paragraph\">Una parte del mercado parec\u00eda haberle cre\u00eddo y el precio de la acci\u00f3n del Sabadell Josep Oliu se desliz\u00f3 la semana pasada por la pendiente y perdi\u00f3 parte de la ventaja que hab\u00eda adquirido en la relaci\u00f3n de canje que hab\u00eda ofrecido el BBVA (la prima negativa). Pero esta a\u00fan se manten\u00eda en el 7,64%, a cierre del viernes. Es decir, hay quien cre\u00eda que al final habr\u00eda mejora, especialmente en los mercados internacionales, como finalmente se ha dado.<\/p>\n<p data-gtm-element-container=\"modulo-texto-link\" class=\"paragraph\">El pasado viernes, Oliu asever\u00f3 que \u201ces urgente que Torres clarifique\u201d si habr\u00e1 o no subida del precio de la oferta. El banquero catal\u00e1n y su consejero delegado, C\u00e9sar Gonz\u00e1lez-Bueno, escenificaron un dueto el mismo d\u00eda en Madrid en el que ambos se contradijeron sobre si habr\u00eda o no subida de precio.<\/p>\n<p>                <img loading=\"lazy\" decoding=\"async\" data-full-src=\"https:\/\/www.lavanguardia.com\/uploads\/2025\/03\/23\/67df434b1a5d8.jpeg\" alt=\"foto XAVIER CERVERA 22\/03\/2025 Josep Oliu Creus (Sabadell, 25 de abril de 1949) es un banquero espa\u00f1ol, actual presidente de Banco Sabadell; retratado en el rascacielos diagonal vertical con vistas a Barcelona\" width=\"449\" height=\"253\" src=\"https:\/\/www.europesays.com\/es\/wp-content\/uploads\/2025\/09\/67df434b1a5d8.r_d.1874-1634-1361.jpeg\" class=\"lazy\"\/><\/p>\n<p class=\"caption-title \">Josep Oliu\u00a0<\/p>\n<p>                    Xavier Cervera<\/p>\n<p data-gtm-element-container=\"modulo-texto-link\" class=\"paragraph\">Algunos accionistas minoritarios del Sabadell opuestos a la opa cre\u00edan que si al final hab\u00eda subida, la firme y reiterada negativa previa de Torres podr\u00eda haber manipulado el mercado y en consecuencia devaluado artificialmente el precio del Sabadell para reducir el coste para el banco vasco de esa posible mejora. Los m\u00e1s decididos ten\u00edan la intenci\u00f3n de ir a la Comisi\u00f3n Nacional del Mercado de Valores (CNMV) para conocer su visi\u00f3n del asunto. Las opas abren procesos complejos y mueven m\u00faltiples intereses.<\/p>\n","protected":false},"excerpt":{"rendered":"Indra, la empresa de moda del sector espa\u00f1ol de la defensa, est\u00e1 acometiendo un ambicioso plan de expansi\u00f3n&hellip;\n","protected":false},"author":2,"featured_media":132808,"comment_status":"","ping_status":"","sticky":false,"template":"","format":"standard","meta":{"footnotes":""},"categories":[80],"tags":[82,95,94,25,24,23],"class_list":{"0":"post-132807","1":"post","2":"type-post","3":"status-publish","4":"format-standard","5":"has-post-thumbnail","7":"category-economia","8":"tag-business","9":"tag-economia","10":"tag-economy","11":"tag-es","12":"tag-espana","13":"tag-spain"},"share_on_mastodon":{"url":"","error":""},"_links":{"self":[{"href":"https:\/\/www.europesays.com\/es\/wp-json\/wp\/v2\/posts\/132807","targetHints":{"allow":["GET"]}}],"collection":[{"href":"https:\/\/www.europesays.com\/es\/wp-json\/wp\/v2\/posts"}],"about":[{"href":"https:\/\/www.europesays.com\/es\/wp-json\/wp\/v2\/types\/post"}],"author":[{"embeddable":true,"href":"https:\/\/www.europesays.com\/es\/wp-json\/wp\/v2\/users\/2"}],"replies":[{"embeddable":true,"href":"https:\/\/www.europesays.com\/es\/wp-json\/wp\/v2\/comments?post=132807"}],"version-history":[{"count":0,"href":"https:\/\/www.europesays.com\/es\/wp-json\/wp\/v2\/posts\/132807\/revisions"}],"wp:featuredmedia":[{"embeddable":true,"href":"https:\/\/www.europesays.com\/es\/wp-json\/wp\/v2\/media\/132808"}],"wp:attachment":[{"href":"https:\/\/www.europesays.com\/es\/wp-json\/wp\/v2\/media?parent=132807"}],"wp:term":[{"taxonomy":"category","embeddable":true,"href":"https:\/\/www.europesays.com\/es\/wp-json\/wp\/v2\/categories?post=132807"},{"taxonomy":"post_tag","embeddable":true,"href":"https:\/\/www.europesays.com\/es\/wp-json\/wp\/v2\/tags?post=132807"}],"curies":[{"name":"wp","href":"https:\/\/api.w.org\/{rel}","templated":true}]}}