{"id":132821,"date":"2025-09-23T00:05:07","date_gmt":"2025-09-23T00:05:07","guid":{"rendered":"https:\/\/www.europesays.com\/es\/132821\/"},"modified":"2025-09-23T00:05:07","modified_gmt":"2025-09-23T00:05:07","slug":"el-barca-presume-de-presente-y-de-futuro","status":"publish","type":"post","link":"https:\/\/www.europesays.com\/es\/132821\/","title":{"rendered":"El Bar\u00e7a presume de presente y de futuro"},"content":{"rendered":"<p data-gtm-element-container=\"modulo-texto-link\" class=\"paragraph\">Deb\u00eda ser la gran noche del PSG, que se llev\u00f3 el premio gordo con el <strong>Bal\u00f3n de Oro<\/strong> de <strong>Demb\u00e9l\u00e9<\/strong>, pero a <strong>Nasser Al-Khelaifi <\/strong>se le agu\u00f3 la fiesta, nunca mejor dicho, porque su equipo tuvo que jugar (y perder por 1-0) contra el Olympique de Marsella durante la gala tras el aplazamiento del choque por la lluvia. Al menos estuvieron <strong>Ousmane Demb\u00e9l\u00e9, Joao Neves y D\u00e9sir\u00e9 Dou\u00e9,<\/strong> lesionados, que acompa\u00f1aron a su presidente en una delegaci\u00f3n min\u00fascula. Ten\u00eda que ser una imagen de demostraci\u00f3n de poder que qued\u00f3 en nada. El Bar\u00e7a, de nuevo, eclips\u00f3 al PSG y se adue\u00f1\u00f3 una vez m\u00e1s del Th\u00e9\u00e2tre du Ch\u00e2telet y se qued\u00f3 con esa imagen si bien tras el \u00e9xito de <strong>Demb\u00e9l\u00e9 <\/strong>los ultras del <strong>PSG <\/strong>tomaron la puerta de entrada con c\u00e1nticos de euforia.<\/p>\n<p data-gtm-element-container=\"modulo-texto-link\" class=\"paragraph\">Sin el Real Madrid, que volvi\u00f3 a dar plant\u00f3n a France Football y a la UEFA (s\u00f3lo acudi\u00f3 la escocesa Caroline Weir) en los premios m\u00e1s importantes del f\u00fatbol mundial, la expedici\u00f3n m\u00e1s numerosa fue sin duda la del Bar\u00e7a. El club, con 17 nominaciones, aprovech\u00f3 para presumir una edici\u00f3n m\u00e1s. Antes de ver c\u00f3mo ganaba <strong>Aitana Bonmat\u00ed<\/strong> el tercer <strong>Bal\u00f3n de Oro<\/strong>, Lamine Yamal y Vicky L\u00f3pez el Kopa, as\u00ed como Ewa Pajor el Gerd M\u00fcller, sus candidaturas en pr\u00e1cticamente cada premio ya le sirvieron a Laporta para sacar pecho ante el f\u00fatbol mundial. Quiz\u00e1s sufren para llegar al famoso 1-1 del fiar play, est\u00e1 costando m\u00e1s de la cuenta reestrenar el Spotify Camp Nou, pero deportivamente los resultados est\u00e1n ah\u00ed, no solo a nivel colectivo, tambi\u00e9n a nivel individual.<\/p>\n<p data-gtm-element-container=\"modulo-texto-link\" class=\"paragraph\">Y en una noche de etiqueta, el <strong>Bar\u00e7a <\/strong>expuso la clase y una expedici\u00f3n centenaria a pesar de los abucheos cuando llegaron a la alfombra roja. Se volvieron a repetir como la temporada pasada, con gritos de \u201cputa Bar\u00e7a\u201d, incluidos. Aunque poco le preocupaba a <strong>Lamine Yamal<\/strong>, que se hizo fotos en la alfombra roja con todos sus familiares en diferentes tandas. Solo el joven crack azulgrana se llev\u00f3 a veinte personas, la mayor\u00eda familiares, todos elegantemente vestidos de D&amp;G, la misma marca que tambi\u00e9n visti\u00f3 al delantero catal\u00e1n. Incluso vino su abuela paterna, una persona muy especial para \u00e9l. Entonces a\u00fan no sab\u00eda lo que vendr\u00eda despu\u00e9s. Pero sonre\u00eda Lamine junto la expedici\u00f3n cul\u00e9, como pronosticando que el que r\u00ede \u00faltimo r\u00ede mejor.<\/p>\n<p data-gtm-element-container=\"modulo-texto-link\" class=\"paragraph\">Abrazado por <strong>Hristo Stoichkov,<\/strong> a quien la organizaci\u00f3n sent\u00f3 al lado de su &#8216;enemigo&#8217; Luis Figo, <strong>Hansi Flick<\/strong> asisti\u00f3 por respeto, como dijo  los \u00faltimos d\u00edas, sonriente y orgulloso, <strong>Raphinha<\/strong>, con su esposa y su hijo, vivi\u00f3 su primera alfombra roja y su primera gala en Par\u00eds, mientras que <strong>Pau Cubars\u00ed<\/strong> repiti\u00f3 como el a\u00f1o pasado, acompa\u00f1ado de sus padres, su hermana y su agente. Andr\u00e9s Iniesta y <strong>Ronaldinho<\/strong>, que entregaron los Balones de Oro a Aitana y Demb\u00e9l\u00e9, fueron otros mitos cul\u00e9s. Tambi\u00e9n acudi\u00f3 Jordi Cruyff. En la delegaci\u00f3n masculina solo faltaron Pedri y Lewandowski, que tras varias participaciones y sin opci\u00f3n a premios, priorizaron el descanso ante un calendario con tanto viaje. En clave femenina, el Bar\u00e7a volvi\u00f3 a lucir sus Balones de Oro, los tres ya de Aitana y los dos de Alexia, ambas presentes  Y hay futuro con Vicky, Cata y Pina emocionadas en su primera gala.  Habr\u00e1 m\u00e1s.<\/p>\n","protected":false},"excerpt":{"rendered":"Deb\u00eda ser la gran noche del PSG, que se llev\u00f3 el premio gordo con el Bal\u00f3n de Oro&hellip;\n","protected":false},"author":2,"featured_media":132822,"comment_status":"","ping_status":"","sticky":false,"template":"","format":"standard","meta":{"footnotes":""},"categories":[268],"tags":[168,25,24,280,282,281,23,167],"class_list":{"0":"post-132821","1":"post","2":"type-post","3":"status-publish","4":"format-standard","5":"has-post-thumbnail","7":"category-futbol","8":"tag-deportes","9":"tag-es","10":"tag-espana","11":"tag-football","12":"tag-futbol","13":"tag-soccer","14":"tag-spain","15":"tag-sports"},"share_on_mastodon":{"url":"","error":""},"_links":{"self":[{"href":"https:\/\/www.europesays.com\/es\/wp-json\/wp\/v2\/posts\/132821","targetHints":{"allow":["GET"]}}],"collection":[{"href":"https:\/\/www.europesays.com\/es\/wp-json\/wp\/v2\/posts"}],"about":[{"href":"https:\/\/www.europesays.com\/es\/wp-json\/wp\/v2\/types\/post"}],"author":[{"embeddable":true,"href":"https:\/\/www.europesays.com\/es\/wp-json\/wp\/v2\/users\/2"}],"replies":[{"embeddable":true,"href":"https:\/\/www.europesays.com\/es\/wp-json\/wp\/v2\/comments?post=132821"}],"version-history":[{"count":0,"href":"https:\/\/www.europesays.com\/es\/wp-json\/wp\/v2\/posts\/132821\/revisions"}],"wp:featuredmedia":[{"embeddable":true,"href":"https:\/\/www.europesays.com\/es\/wp-json\/wp\/v2\/media\/132822"}],"wp:attachment":[{"href":"https:\/\/www.europesays.com\/es\/wp-json\/wp\/v2\/media?parent=132821"}],"wp:term":[{"taxonomy":"category","embeddable":true,"href":"https:\/\/www.europesays.com\/es\/wp-json\/wp\/v2\/categories?post=132821"},{"taxonomy":"post_tag","embeddable":true,"href":"https:\/\/www.europesays.com\/es\/wp-json\/wp\/v2\/tags?post=132821"}],"curies":[{"name":"wp","href":"https:\/\/api.w.org\/{rel}","templated":true}]}}