{"id":132823,"date":"2025-09-23T00:06:10","date_gmt":"2025-09-23T00:06:10","guid":{"rendered":"https:\/\/www.europesays.com\/es\/132823\/"},"modified":"2025-09-23T00:06:10","modified_gmt":"2025-09-23T00:06:10","slug":"disney-anuncia-que-el-programa-de-jimmy-kimmel-volvera-a-emitirse-este-martes-tras-la-polemica-por-su-cancelacion-cadena-ser","status":"publish","type":"post","link":"https:\/\/www.europesays.com\/es\/132823\/","title":{"rendered":"Disney anuncia que el programa de Jimmy Kimmel volver\u00e1 a emitirse este martes tras la pol\u00e9mica por su cancelaci\u00f3n &#8211; Cadena SER"},"content":{"rendered":"<ol>\n<li><a href=\"https:\/\/news.google.com\/rss\/articles\/CBMi-wFBVV95cUxOWGRudlpBVWt0Z0ZfLTd6MGVxdDY5VTBIQVBpTjEydW1GdldkUGt0dmRxdUVIdl8wZmMzLTRXcWpvMW83YlJXNW5XdGF3bDdBUTNBMEFYajBXQ2dUa3dMX0NZWGpZQjhsaWsxc1hya3MxaDZNS0RIVmF1cFhnQi1UUmQ5emUxMXBkLWQwLUlOc0M4bVQ4SGo3WGpRQWcwSFM4d2NVZ25IMGVhcHJhcmUxMGw3bE9uZUpfU1VueDdxVkdRekxKZjhrd0hma1JLdVRscTRjMHVBdGdPZkUxVW12aEVxeGd0RGsxRjFoWktqT1lrVFRpaVpaOUpxNNIBjwJBVV95cUxNZjFsMVlRVmd4LXU3cXJLNDdWSjZscUlXeUtyQUNzMjJnNXUxczEyWnhZX2VRTEVrSzBwSUdXa3l4MVE4dXAxTmZKcHdnbnpJZHByT28zVzR4ME9WTDBaYUtUY052U1FweHVaWkRNd2JMbm9CUFJHaDhadFo2YS1fS1BPcDNVeU1jdGFfNlJHQlc5UHluYzVIWEhHOEdjYm9KZHRoTFp1a0ZEa0xwNE53Z2lra3B6eWpkb2pIQVVYN2ZVLVZxNF9mWTFwRTBIZVdiejJuSFhxX3Q2eklqSXVkbnVQNmwxRHA1Yy1EaldpSFdhVkFIN0tZYkdCdlF1eTBBUzE5TkVKNHVIZG85ZVow?oc=5\" target=\"_blank\" rel=\"nofollow noopener\">Disney anuncia que el programa de Jimmy Kimmel volver\u00e1 a emitirse este martes tras la pol\u00e9mica por su cancelaci\u00f3n<\/a>&nbsp;&nbsp;Cadena SER<\/li>\n<li><a href=\"https:\/\/news.google.com\/rss\/articles\/CBMi0AFBVV95cUxPc25oQ012b2RwdVVEMDBOcDVPS0dQOGQ3YjdxZG8yTF9ORHVidU9tUHVuZFVMSlRldUF1N1R6WDRfU3NnMTRqUXhnOFRPUGpaQWZZczlINkYwOFRUQmVvZ3p3LVRPanRNTjRjemZDaG5RSE04dWFDOEVuYUlXV2lQVVZ4R0Z4eFU0d24xdEJ3bFU0bkRrSHVDTk1QR1NvN2Rlbk9pY2w1U2hYYnUtVEp5UmlFMVM3dGZpUFgyaGZnaUxpc1hlSzVPNDF1Qy1GQWVn?oc=5\" target=\"_blank\" rel=\"nofollow noopener\">El programa de Jimmy Kimmel volver\u00e1 a emitirse el martes tras suspenderse a causa de un comentario sobre Charlie Kirk<\/a>&nbsp;&nbsp;EL PA\u00cdS<\/li>\n<li><a href=\"https:\/\/news.google.com\/rss\/articles\/CBMigwFBVV95cUxQYS1fVTFOSWVBOHdoS1BrQVZuUi11dG5EdjJNdm54dkxFdWx0R1dHakFvSy1jYk03cTQ0TkpLeXZTcUhFNnpMLVdMNklEWmMyNUdNVFJrX3pTcEIwYXNKSVdVbTkxS2pqNUhoVDBINjNlWDhwbDNhUnFoT3lqOFR3QnhNVdIBgwFBVV95cUxOS2hCMklrbjVLMjNDekQzUmJVM3lnWHBrNWRNcFNSWjFiSG1fR0pKQlNaanJObXZ2VkVlM3ZCdnQ3aGRjcDZZLTFMcjVlZDFPaFg1anRUU28zQnd5WloxbzZBUDRSQWxSdGFoMUtHTGllN2RPWnFRRlFoRHdmSkpGc3lqOA?oc=5\" target=\"_blank\" rel=\"nofollow noopener\">Disney anuncia la vuelta del programa de Jimmy Kimmel tras una semana de suspensi\u00f3n<\/a>&nbsp;&nbsp;El Mundo<\/li>\n<li><a href=\"https:\/\/news.google.com\/rss\/articles\/CBMi8AFBVV95cUxQMmtSYVYxd3k5T3hFbU55cktWVjF6UTlwQ1NqRHNZQnpjbXFwTmJiNHBkUEhsZGtjOF9fZ0xVWkE3eWF5ZF9oaHNGbHdFMTE2OXd6LW5feXR1QlBNVEMzczllcnhhekczTnJtVHczenBuZkdlWVpfM0cxSTFDTzRCT1djUElXZ042NWNvWG5GXzFGQmJRdFFWTUdnWGxvQ1ByQkZWVUVpYXh3QjJGN2VLcVZDQjZXTEpNMndLNXZBSkNjQ3hhZHMtZWp0REpGLWFvTlhzLXR4MTlYTFE3bGJEZnBNaWgtRFRDRVpFbF8yQkI?oc=5\" target=\"_blank\" rel=\"nofollow noopener\">La ABC anuncia el regreso de Jimmy Kimmel tras haber suspendido su programa por un comentario sobre el asesino de Charlie Kirk<\/a>&nbsp;&nbsp;elDiario.es<\/li>\n<li><a href=\"https:\/\/news.google.com\/rss\/articles\/CBMisgFBVV95cUxNQmdQNWNDRlFwNXJ0M0twX3FCbDdqbFhycVltLWRPYkNXRnFPTzFPdUlSZDJWUDlrX3Nwbm90OXZZc1hKQUdYMEdMVzJwOWVNZHEtOVQ1ZUdBa2pVTmRmYmZsNjRtY1pSd3BLNzF1b1ZsNFFRNnFsUVREOG8yc21oZ3lYSU83YnNIcEVtWFAzNEhnc0dLV3J1LWVhVV83NXFnM09vSmhvMm4yc1QwZVpsaWdR0gGyAUFVX3lxTE40NDZfaWVKbTI1WTV1ZWhueG51R000b0JQeEZCc1BYQUNOSTlPbHgzejc5TWhkWDhmRVlpRHZid2k2dTdOWWtTS3J0VUlFSEpGa1BicEV0NkRsdWJKcmlxdHp6VlBjRUFfQXhMb016RWJ4Q0c1Rmp0VWY4eFFILVV0bmI5NTNZVXlkdTZGamxqT19lZFZCMTZBZ3VKblRTYk1abmxTT1kzR2RRaXMxUGVzTVE?oc=5\" target=\"_blank\" rel=\"nofollow noopener\">Disney anuncia el retorno del programa de Jimmy Kimmel despu\u00e9s de cancelarlo tras un comentario sobre Charlie Kirk<\/a>&nbsp;&nbsp;RTVE.es<\/li>\n<\/ol>\n","protected":false},"excerpt":{"rendered":"Disney anuncia que el programa de Jimmy Kimmel volver\u00e1 a emitirse este martes tras la pol\u00e9mica por su&hellip;\n","protected":false},"author":2,"featured_media":132646,"comment_status":"","ping_status":"","sticky":false,"template":"","format":"standard","meta":{"footnotes":""},"categories":[174],"tags":[255,146,147,25,24,256,23],"class_list":{"0":"post-132823","1":"post","2":"type-post","3":"status-publish","4":"format-standard","5":"has-post-thumbnail","7":"category-famosos","8":"tag-celebrities","9":"tag-entertainment","10":"tag-entretenimiento","11":"tag-es","12":"tag-espana","13":"tag-famosos","14":"tag-spain"},"share_on_mastodon":{"url":"","error":""},"_links":{"self":[{"href":"https:\/\/www.europesays.com\/es\/wp-json\/wp\/v2\/posts\/132823","targetHints":{"allow":["GET"]}}],"collection":[{"href":"https:\/\/www.europesays.com\/es\/wp-json\/wp\/v2\/posts"}],"about":[{"href":"https:\/\/www.europesays.com\/es\/wp-json\/wp\/v2\/types\/post"}],"author":[{"embeddable":true,"href":"https:\/\/www.europesays.com\/es\/wp-json\/wp\/v2\/users\/2"}],"replies":[{"embeddable":true,"href":"https:\/\/www.europesays.com\/es\/wp-json\/wp\/v2\/comments?post=132823"}],"version-history":[{"count":0,"href":"https:\/\/www.europesays.com\/es\/wp-json\/wp\/v2\/posts\/132823\/revisions"}],"wp:featuredmedia":[{"embeddable":true,"href":"https:\/\/www.europesays.com\/es\/wp-json\/wp\/v2\/media\/132646"}],"wp:attachment":[{"href":"https:\/\/www.europesays.com\/es\/wp-json\/wp\/v2\/media?parent=132823"}],"wp:term":[{"taxonomy":"category","embeddable":true,"href":"https:\/\/www.europesays.com\/es\/wp-json\/wp\/v2\/categories?post=132823"},{"taxonomy":"post_tag","embeddable":true,"href":"https:\/\/www.europesays.com\/es\/wp-json\/wp\/v2\/tags?post=132823"}],"curies":[{"name":"wp","href":"https:\/\/api.w.org\/{rel}","templated":true}]}}