{"id":132847,"date":"2025-09-23T00:27:13","date_gmt":"2025-09-23T00:27:13","guid":{"rendered":"https:\/\/www.europesays.com\/es\/132847\/"},"modified":"2025-09-23T00:27:13","modified_gmt":"2025-09-23T00:27:13","slug":"chus-mateo-nuevo-seleccionador-espanol-de-baloncesto","status":"publish","type":"post","link":"https:\/\/www.europesays.com\/es\/132847\/","title":{"rendered":"Chus Mateo, nuevo seleccionador espa\u00f1ol de baloncesto"},"content":{"rendered":"<p>A rey muerto, rey puesto. De Sergio Scariolo a Chus Mateo. La selecci\u00f3n espa\u00f1ola de baloncesto tiene nuevo jefe en el banquillo. El t\u00e9cnico del  &#8230; Real Madrid\u00a0hasta la pasada campa\u00f1a, Chus Mateo, ser\u00e1 el encargado de sustituir a Sergio Scariolo, seleccionador hasta el pasado Eurobasket, y que ocupar\u00e1 el banquillo del conjunto blanco desde esta temporada. Un cambio de cromos entre los banquillos de la selecci\u00f3n y el Real Madrid para dar comienzo a una nueva era.<\/p>\n<p class=\"v-p\">Chus Mateo (Madrid, 1969) afronta este nuevo reto tras pasar tres temporadas al frente del banquillo del Real Madrid, del que sali\u00f3 en el mes de junio y en el que siempre se sinti\u00f3 \u00abmirado con lupa\u00bb. La Federaci\u00f3n manejaba otros nombres como Pablo Laso o Xavi Pascual desde que Scariolo anunci\u00f3 que el Eurobasket iba a ser su \u00faltimo compromiso con el equipo nacional, pero finalmente se han decantado por Chus Mateo. Fue el elegido por su buen rendimiento en el conjunto blanco, su forma de trabajar discreta y por ser un entrenador que no genera pol\u00e9micas, en un momento en el que la selecci\u00f3n debe recuperar el estado de \u00e1nimo tras el fiasco del pasado Eurobasket.<\/p>\n<p class=\"v-p\">En las tres temporadas que ha estado al frente del Real Madrid, Mateo gan\u00f3 seis t\u00edtulos (una Euroliga, dos Ligas, una Copa y dos Supercopas), lleg\u00f3 a 10 finales de 12 posibles y acumul\u00f3 un 76% de victorias: 199 en 262 encuentros. Sin embargo, estos n\u00fameros no evitaron su despido a pesar de haber ganado una semana antes la Liga ACB. El nuevo seleccionador firma hasta el a\u00f1o 2029 y ser\u00e1 presentado ma\u00f1ana por la presidenta de la FEB, Elisa Aguilar, en el museo del organismo en la localidad madrile\u00f1a de Alcobendas.<\/p>\n<p class=\"v-p\">Su principal labor ser\u00e1 recuperar un equipo tocado tras lo ocurrido en el Eurobasket y construir un equipo competitivo y conseguir dar continuidad a una etapa llena de caras j\u00f3venes y nuevas que se espera que puedan volver a luchar por las medallas a medio plazo. Mateo se estrenar\u00e1 en el banquillo de la selecci\u00f3n en las Ventanas FIBA del pr\u00f3ximo mes de noviembre, en los trascendentales partidos clasificatorios para el Mundial de Catar 2027, el gran objetivo a corto y medio plazo de la Federaci\u00f3n, ya que en el verano del pr\u00f3ximo a\u00f1o no hay ninguna cita de selecciones absolutas. Adem\u00e1s, en 2029 se disputa un Eurobasket en Madrid, que est\u00e1 marcado en rojo en el calendario de la Federaci\u00f3n.<\/p>\n<p class=\"v-p\">El reto que tiene por delante Mateo es may\u00fasculo, porque hereda un selecci\u00f3n que Scariolo llev\u00f3 a lo m\u00e1s alto acompa\u00f1ado de la generaci\u00f3n dorada. Como t\u00e9cnico principal de la selecci\u00f3n nacional durante dos periodos distintos (2009-2012 y 2015-2025), Scariolo se proclam\u00f3, entre otros \u00e9xitos, campe\u00f3n mundial en 2019, tetracampe\u00f3n continental en 2009, 2011, 2015 y 2022; subcampe\u00f3n ol\u00edmpico en Londres 2012 y bronce en R\u00edo 2016. Un curr\u00edculum dif\u00edcil de igualar.<\/p>\n<p>Gan\u00f3 el Eurobasket 2009 con Scariolo<\/p>\n<p class=\"v-p\">El nuevo seleccionador respira baloncesto por los cuatro costados. Con s\u00f3lo 16 a\u00f1os comenz\u00f3 a entrenar en el Colegio Agustiniano, en el madrile\u00f1o barrio de la Estrella. Su buen trabajo le abri\u00f3 las puertas del Real Madrid, donde comenz\u00f3 como ayudante de un equipo infantil. Permaneci\u00f3 en la cantera blanca seis a\u00f1os hasta que en 1999 Sergio Scariolo, cosas del destino, le llam\u00f3 para contar con \u00e9l como asistente del entrenador del primer equipo.<\/p>\n<p class=\"v-p\">Junto al t\u00e9cnico italiano estuvo tres a\u00f1os en la selecci\u00f3n y el buen &#8216;feeling&#8217; entre ambos les anim\u00f3 a continuar juntos en la aventura del Unicaja M\u00e1laga, durante otros tres a\u00f1os, as\u00ed como en el retorno de Scariolo a la selecci\u00f3n a partir de 2009. Aquel a\u00f1o el t\u00e1ndem formado por Scariolo y Mateo lograron conquistar el primer Eurobasket masculino de la selecci\u00f3n.<\/p>\n<p class=\"v-p\">Posteriormente, y ya como primer entrenador, Mateo dirigi\u00f3 al Zaragoza, Fuenlabrada y Unicaja antes de convertirse en ayudante de Pablo Laso en el Real Madrid en 2014. Junto a Laso, con el que estuvo ocho a\u00f1os, logr\u00f3 que el conjunto blanco fuera una referencia en el baloncesto europeo por su espectacular juego y palmar\u00e9s. El controvertido despido de Laso del Real Madrid le dio la oportunidad de hacerse cargo del equipo en 2022, donde ha permanecido hasta el pasado mes de junio.<\/p>\n","protected":false},"excerpt":{"rendered":"A rey muerto, rey puesto. De Sergio Scariolo a Chus Mateo. La selecci\u00f3n espa\u00f1ola de baloncesto tiene nuevo&hellip;\n","protected":false},"author":2,"featured_media":132848,"comment_status":"","ping_status":"","sticky":false,"template":"","format":"standard","meta":{"footnotes":""},"categories":[269],"tags":[299,298,9525,168,25,24,1489,7862,524,24921,23,167],"class_list":{"0":"post-132847","1":"post","2":"type-post","3":"status-publish","4":"format-standard","5":"has-post-thumbnail","7":"category-baloncesto","8":"tag-baloncesto","9":"tag-basketball","10":"tag-chus","11":"tag-deportes","12":"tag-es","13":"tag-espana","14":"tag-espanol","15":"tag-mateo","16":"tag-nuevo","17":"tag-seleccionador","18":"tag-spain","19":"tag-sports"},"share_on_mastodon":{"url":"","error":""},"_links":{"self":[{"href":"https:\/\/www.europesays.com\/es\/wp-json\/wp\/v2\/posts\/132847","targetHints":{"allow":["GET"]}}],"collection":[{"href":"https:\/\/www.europesays.com\/es\/wp-json\/wp\/v2\/posts"}],"about":[{"href":"https:\/\/www.europesays.com\/es\/wp-json\/wp\/v2\/types\/post"}],"author":[{"embeddable":true,"href":"https:\/\/www.europesays.com\/es\/wp-json\/wp\/v2\/users\/2"}],"replies":[{"embeddable":true,"href":"https:\/\/www.europesays.com\/es\/wp-json\/wp\/v2\/comments?post=132847"}],"version-history":[{"count":0,"href":"https:\/\/www.europesays.com\/es\/wp-json\/wp\/v2\/posts\/132847\/revisions"}],"wp:featuredmedia":[{"embeddable":true,"href":"https:\/\/www.europesays.com\/es\/wp-json\/wp\/v2\/media\/132848"}],"wp:attachment":[{"href":"https:\/\/www.europesays.com\/es\/wp-json\/wp\/v2\/media?parent=132847"}],"wp:term":[{"taxonomy":"category","embeddable":true,"href":"https:\/\/www.europesays.com\/es\/wp-json\/wp\/v2\/categories?post=132847"},{"taxonomy":"post_tag","embeddable":true,"href":"https:\/\/www.europesays.com\/es\/wp-json\/wp\/v2\/tags?post=132847"}],"curies":[{"name":"wp","href":"https:\/\/api.w.org\/{rel}","templated":true}]}}