{"id":132851,"date":"2025-09-23T00:29:15","date_gmt":"2025-09-23T00:29:15","guid":{"rendered":"https:\/\/www.europesays.com\/es\/132851\/"},"modified":"2025-09-23T00:29:15","modified_gmt":"2025-09-23T00:29:15","slug":"el-unico-milagro-que-se-le-conoce-a-charlie-kirk-es-el-de-volver-a-juntar-a-trump-y-musk","status":"publish","type":"post","link":"https:\/\/www.europesays.com\/es\/132851\/","title":{"rendered":"El \u00fanico milagro que se le conoce a Charlie Kirk es el de volver a juntar a Trump y Musk"},"content":{"rendered":"<p class=\"L6-news-detail__text\">Despu\u00e9s de tres meses alejados, <b><a title=\"Donald Trump y Elon Musk volvieron a verse las caras en el funeral de Charlie Kirk\" href=\"https:\/\/www.lasexta.com\/noticias\/internacional\/donald-trump-elon-musk-reencuentran-dan-mano-funeral-charlie-kirk-casi-tres-meses-despues-disputa-publica_2025092268d12dea6b16e40392d7f524.html\" target=\"_blank\" rel=\"nofollow noopener\">Donald Trump y Elon Musk volvieron a verse las caras en el funeral de Charlie Kirk<\/a><\/b>. Como se puede apreciar en el v\u00eddeo que hay sobre estas l\u00edneas, se les ve intercambiando palabras y gestos de cercan\u00eda, algo extra\u00f1o, pues, en principio, terminaron de malas maneras su amistad.<\/p>\n<p class=\"L6-news-detail__text\">Tras ver las im\u00e1genes, I\u00f1aki L\u00f3pez no pudo evitar comentar: \u00ab<b>El \u00fanico milagro que se le conoce a Charlie Kirk es este que estamos viendo<\/b>. El reencuentro entre Trump y Elon Musk, casi tres meses despu\u00e9s de su agrio desencuentro\u00bb.<\/p>\n<p class=\"L6-news-detail__text\">Cabe recordar que la \u00faltima vez que se vieron, el CEO de Tesla lleg\u00f3 a hacer, seg\u00fan I\u00f1aki, \u00abacusaciones muy graves hacia Trump\u00bb. \u00abSe han dado la mano e incluso han intercambiado algunas palabras\u00bb, se\u00f1ala el presentador de M\u00e1s Vale Tarde.<\/p>\n<p class=\"L6-support-news-video__title\">Madrid<\/p>\n<p>            <a href=\"https:\/\/www.lasexta.com\/programas\/mas-vale-tarde\/chapu-apaolaza-vamos-convertir-jjoo-asunto-politico-mejor-que-hagamos_2025092268d1a1386b16e40392d937a6.html\" class=\"L6-news__link\" rel=\"nofollow noopener\" target=\"_blank\"><br \/>\n                Chapu Apaolaza: \u00abSi vamos a convertir los JJOO en un asunto pol\u00edtico, es mejor que no lo hagamos\u00bb<\/p>\n<p class=\"recirculation-video-desc\">El periodista comenta las \u00faltimas declaraciones de Isabel D\u00edaz Ayuso y Jos\u00e9 Luis Mart\u00ednez-Almeida sobre su deseo de que Madrid se convierta en sede ol\u00edmpica en el a\u00f1o 2040.<\/p>\n<p>            <\/a><\/p>\n","protected":false},"excerpt":{"rendered":"Despu\u00e9s de tres meses alejados, Donald Trump y Elon Musk volvieron a verse las caras en el funeral&hellip;\n","protected":false},"author":2,"featured_media":132852,"comment_status":"","ping_status":"","sticky":false,"template":"","format":"standard","meta":{"footnotes":""},"categories":[174],"tags":[255,146,147,25,24,256,23],"class_list":{"0":"post-132851","1":"post","2":"type-post","3":"status-publish","4":"format-standard","5":"has-post-thumbnail","7":"category-famosos","8":"tag-celebrities","9":"tag-entertainment","10":"tag-entretenimiento","11":"tag-es","12":"tag-espana","13":"tag-famosos","14":"tag-spain"},"share_on_mastodon":{"url":"","error":""},"_links":{"self":[{"href":"https:\/\/www.europesays.com\/es\/wp-json\/wp\/v2\/posts\/132851","targetHints":{"allow":["GET"]}}],"collection":[{"href":"https:\/\/www.europesays.com\/es\/wp-json\/wp\/v2\/posts"}],"about":[{"href":"https:\/\/www.europesays.com\/es\/wp-json\/wp\/v2\/types\/post"}],"author":[{"embeddable":true,"href":"https:\/\/www.europesays.com\/es\/wp-json\/wp\/v2\/users\/2"}],"replies":[{"embeddable":true,"href":"https:\/\/www.europesays.com\/es\/wp-json\/wp\/v2\/comments?post=132851"}],"version-history":[{"count":0,"href":"https:\/\/www.europesays.com\/es\/wp-json\/wp\/v2\/posts\/132851\/revisions"}],"wp:featuredmedia":[{"embeddable":true,"href":"https:\/\/www.europesays.com\/es\/wp-json\/wp\/v2\/media\/132852"}],"wp:attachment":[{"href":"https:\/\/www.europesays.com\/es\/wp-json\/wp\/v2\/media?parent=132851"}],"wp:term":[{"taxonomy":"category","embeddable":true,"href":"https:\/\/www.europesays.com\/es\/wp-json\/wp\/v2\/categories?post=132851"},{"taxonomy":"post_tag","embeddable":true,"href":"https:\/\/www.europesays.com\/es\/wp-json\/wp\/v2\/tags?post=132851"}],"curies":[{"name":"wp","href":"https:\/\/api.w.org\/{rel}","templated":true}]}}