{"id":132859,"date":"2025-09-23T00:37:15","date_gmt":"2025-09-23T00:37:15","guid":{"rendered":"https:\/\/www.europesays.com\/es\/132859\/"},"modified":"2025-09-23T00:37:15","modified_gmt":"2025-09-23T00:37:15","slug":"la-rutina-deportiva-que-sigue-marilo-montero-para-mantenerse-en-forma-a-los-60-anos-me-levanto-a-las","status":"publish","type":"post","link":"https:\/\/www.europesays.com\/es\/132859\/","title":{"rendered":"La rutina deportiva que sigue Maril\u00f3 Montero para mantenerse en forma a los 60 a\u00f1os: \u00abMe levanto a las&#8230;\u00bb"},"content":{"rendered":"<p><img decoding=\"async\" class=\"voc-author__img\" src=\"https:\/\/s2.abcstatics.com\/comun\/2015\/img\/autor\/autor-6148-foto-6.png\" alt=\"Marina Ortiz\"\/><\/p>\n<p>22\/09\/2025<br \/>\n<br \/><strong><br \/>\nActualizado a las 22:09h.<br \/>\n<\/strong><\/p>\n<p class=\"voc-p\" style=\"\">El<a href=\"https:\/\/www.abc.es\/bienestar\/fitness\/ejercicio-mejor-andar-10000-pasos-dia-quema-20250901124628-nt.html\" title=\"www.abc.es\" data-voc-vtm-id=\"in-text-traffic\" data-mrf-link=\"www.abc.es\" rel=\"nofollow noopener\" target=\"_blank\"> ejercicio f\u00edsico <\/a>es una de esas cosas que nunca deber\u00edan faltar en nuestra vida. <strong>No solo ayuda a mantener el cuerpo fuerte y \u00e1gil<\/strong>, sino que tambi\u00e9n es un gran aliado de la mente: ayud\u00e1ndonos a mejorar el \u00e1nimo, reducir el estr\u00e9s y aportar energ\u00eda para el d\u00eda a d\u00eda.<\/p>\n<p class=\"voc-p\" style=\"\">Adem\u00e1s, no hay una edad l\u00edmite para empezar. Incluso cuando vamos cumpliendo a\u00f1os y dejamos de ser j\u00f3venes, <strong>seguir activos marca una diferencia <\/strong>enorme en nuestro bienestar.<\/p>\n<p class=\"voc-p\" style=\"\">Caminar, bailar, nadar o hacer cualquier tipo de <strong>ejercicio adaptado a cada persona<\/strong> mantiene las articulaciones en movimiento, fortalece los m\u00fasculos y ayuda a conservar cierta autonom\u00eda. <\/p>\n<p class=\"voc-p\" style=\"\">Un ejemplo de que el ejercicio es para cualquier edad es el de <strong>Maril\u00f3 Montero quien, a sus 60 a\u00f1os, puede presumir de realizar deporte de manera frecuente<\/strong> y comprometida. La periodista incluye el ejercicio f\u00edsico en su d\u00eda a d\u00eda para sentirse bien, algo que consigue con firmeza y dedicaci\u00f3n.<\/p>\n<p class=\"voc-p\" style=\"\">Tal como ha confesado a la revista Diez Minutos , la periodista hace \u00abmucho ejercicio\u00bb y cuida su alimentaci\u00f3n, basada en una dieta mediterr\u00e1nea, aunque reconoce compensar cuando se da alg\u00fan capricho: <strong>\u00abEl d\u00eda que me paso con la comida me machaco m\u00e1s\u00bb<\/strong>.<\/p>\n<p>\nEl\u00edptica desde las cuatro de la ma\u00f1ana\n<\/p>\n<p class=\"voc-p\" style=\"\">En referencia al ejercicio, Maril\u00f3 se muestra muy comprometida con su rutina: \u00abCada d\u00eda <strong>me levanto a las cuatro de la ma\u00f1ana para dedicar tres cuartos de hora a la el\u00edptica<\/strong>\u00bb, contaba al citado medio, una rutina que no suele ser la propia de una persona de a pie y que requiere gran dedicaci\u00f3n. Adem\u00e1s de la el\u00edptica, la periodista tambi\u00e9n practica otros ejercicios. <\/p>\n<p class=\"voc-p\" style=\"\">Recurrir a la el\u00edptica puede ser una opci\u00f3n muy buena para personas de determinadas edades ya que <strong>su uso no genera gran impacto en las articulaciones<\/strong>, protegiendo del riesgo de tener lesiones. A su vez, ayuda a fortalecer varios grupos de m\u00fasculos e implica cierta resistencia cardiovascular, coordinaci\u00f3n y equilibrio.<\/p>\n<p class=\"voc-p\" style=\"\">En conjunto, Maril\u00f3 basa que <strong>ese sacrificio por hacer deporte viene por \u00abel poder de la mente\u00bb<\/strong>, lo que le ayuda a ser constante, algo que, para ella, marca la diferencia, tanto a sus 60 a\u00f1os como para personas de cualquier edad.<\/p>\n<p class=\"voc-p\" style=\"\">Cabe recordar que cada cuerpo y situaci\u00f3n es diferente y siempre es recomendable consultar a un especialista antes de tomar empezar alg\u00fan ejercicio f\u00edsico por nuestra cuenta si no tenemos experiencia con ello.<\/p>\n<p>Reportar un error<\/p>\n","protected":false},"excerpt":{"rendered":"22\/09\/2025 Actualizado a las 22:09h. El ejercicio f\u00edsico es una de esas cosas que nunca deber\u00edan faltar en&hellip;\n","protected":false},"author":2,"featured_media":132860,"comment_status":"","ping_status":"","sticky":false,"template":"","format":"standard","meta":{"footnotes":""},"categories":[91],"tags":[988,7963,146,147,25,24,1142,42378,36325,2466,26480,1262,23],"class_list":{"0":"post-132859","1":"post","2":"type-post","3":"status-publish","4":"format-standard","5":"has-post-thumbnail","7":"category-entretenimiento","8":"tag-anos","9":"tag-deportiva","10":"tag-entertainment","11":"tag-entretenimiento","12":"tag-es","13":"tag-espana","14":"tag-forma","15":"tag-mantenerse","16":"tag-marilo","17":"tag-montero","18":"tag-rutina","19":"tag-sigue","20":"tag-spain"},"share_on_mastodon":{"url":"","error":""},"_links":{"self":[{"href":"https:\/\/www.europesays.com\/es\/wp-json\/wp\/v2\/posts\/132859","targetHints":{"allow":["GET"]}}],"collection":[{"href":"https:\/\/www.europesays.com\/es\/wp-json\/wp\/v2\/posts"}],"about":[{"href":"https:\/\/www.europesays.com\/es\/wp-json\/wp\/v2\/types\/post"}],"author":[{"embeddable":true,"href":"https:\/\/www.europesays.com\/es\/wp-json\/wp\/v2\/users\/2"}],"replies":[{"embeddable":true,"href":"https:\/\/www.europesays.com\/es\/wp-json\/wp\/v2\/comments?post=132859"}],"version-history":[{"count":0,"href":"https:\/\/www.europesays.com\/es\/wp-json\/wp\/v2\/posts\/132859\/revisions"}],"wp:featuredmedia":[{"embeddable":true,"href":"https:\/\/www.europesays.com\/es\/wp-json\/wp\/v2\/media\/132860"}],"wp:attachment":[{"href":"https:\/\/www.europesays.com\/es\/wp-json\/wp\/v2\/media?parent=132859"}],"wp:term":[{"taxonomy":"category","embeddable":true,"href":"https:\/\/www.europesays.com\/es\/wp-json\/wp\/v2\/categories?post=132859"},{"taxonomy":"post_tag","embeddable":true,"href":"https:\/\/www.europesays.com\/es\/wp-json\/wp\/v2\/tags?post=132859"}],"curies":[{"name":"wp","href":"https:\/\/api.w.org\/{rel}","templated":true}]}}