{"id":132892,"date":"2025-09-23T01:02:07","date_gmt":"2025-09-23T01:02:07","guid":{"rendered":"https:\/\/www.europesays.com\/es\/132892\/"},"modified":"2025-09-23T01:02:07","modified_gmt":"2025-09-23T01:02:07","slug":"la-cnmv-pone-en-pausa-el-periodo-de-aceptacion-de-la-opa-de-bbva-sobre-sabadell-expansion","status":"publish","type":"post","link":"https:\/\/www.europesays.com\/es\/132892\/","title":{"rendered":"La CNMV pone en pausa el per\u00edodo de aceptaci\u00f3n de la opa de BBVA sobre Sabadell &#8211; Expansi\u00f3n"},"content":{"rendered":"<ol>\n<li><a href=\"https:\/\/news.google.com\/rss\/articles\/CBMiiAFBVV95cUxOVmdzVFJlSC1iRUlnRHVLTk91eVdhbHRkT3VxdzRtSzRlejNxQTJfWlEwTWp6bEZNb0xaMG5OU1h0M2hyZmRxenBfQzdJbi1GQ29YQWhBU2hObHRQWnZaYTJiYkF4SUd3bGtZTUxwOXFQSkd6LXpiaHFKb3ZreExvdEdEVTRfX2lh0gGIAUFVX3lxTE9ueEJJREdoRXFxYms5RlVPX2VKZUJleFJmbHVBZklVZjUwZS1QTnVEaVo0MzgxZFlGbkp0dHJqYUpVUTZXUWJuMHhNQ3JtSDh2d3JSMVFzNjI4SjRIQmx6N01ma2Z2UnZTXzIwNkRqbEFVSkZFYlQzc2JobkJWOFJEcGJXUFFKblk?oc=5\" target=\"_blank\" rel=\"nofollow noopener\">La CNMV pone en pausa el per\u00edodo de aceptaci\u00f3n de la opa de BBVA sobre Sabadell<\/a>&nbsp;&nbsp;Expansi\u00f3n<\/li>\n<li><a href=\"https:\/\/news.google.com\/rss\/articles\/CBMifEFVX3lxTE9IWFRXOXFwM1lOSVRHbElBMlprRlJDdUt3bTFyYmxROWJRMEV3RWZ0emRzaFhzUENfXzB0Nl9VYkRiSEJnVnllNE9OR01HQlItdTM5bUpOU2RveV9xbmJzU1BOdl8wNnI5dVRiQ09haW1IMVBjeHVvVmhNeGXSAXxBVV95cUxPTzAxbHJhLWhIV24zRXVXWEYwb0JBQlYtdGRvQXNJN0RnTXIzNjRYUkR2c1hxMnAxTElJMDJUajdjRldCZ2oxWFczdVU2R3VFRk43dExFMW9IeDN4MDdRVks2RldwMVB2TFdWS2pKTldNZUtzN0tKNVgtZjA2?oc=5\" target=\"_blank\" rel=\"nofollow noopener\">BBVA, m\u00e1s cerca de ganar la primera batalla de la OPA: la mayor\u00eda de analistas creen que acaricia ya el 30% del capital<\/a>&nbsp;&nbsp;El Mundo<\/li>\n<li><a href=\"https:\/\/news.google.com\/rss\/articles\/CBMiqAFBVV95cUxPTzNEQzRBeVRUdFdERmQ3ZGVnTGFhOUdxRWRuZjRFTDdDYmlpYXo3YVZMQm1reUlDX1F3Y0trMV9ROVF3TFdtby1OUGh4OVZjM1gzVTFPOGlWY3p0YVFBLWVfeGtfMDMyS1FHdjVBZ3lON2pCT1BUemJ2c3JNdnR5Y25pWGRocUFTXzNybDdCcFgwenZWbENTZE1EWU5SX3Q2cGJtQmZzX20?oc=5\" target=\"_blank\" rel=\"nofollow noopener\">Los minoritarios del Banco Sabadell piden a la CNMV contundencia contra el BBVA<\/a>&nbsp;&nbsp;El Confidencial<\/li>\n<li><a href=\"https:\/\/news.google.com\/rss\/articles\/CBMimgFBVV95cUxQUm5jV1FqY0hGSEU3N3dpNkU3clRZNy0wc1Y2aXM0QmxFOGZEQzU5NE5hcmMtMjBDc3JzLXd6bU5FYUlJdlNVbkEwNTViUDlEVlMwRV9PSGVoWFhWVl94XzNjaWlyb2ZRNG5GX0RYVkU3cVljdjNBQVZ4TTRaZnBWTkQ3eTRUQk1HTEg5cXpPbmlFNWFnRDY3UEln?oc=5\" target=\"_blank\" rel=\"nofollow noopener\">El IBEX 35 baja el 1,17 % penalizado por la banca tras mejorar el BBVA su opa por Sabadell<\/a>&nbsp;&nbsp;ABC<\/li>\n<li><a href=\"https:\/\/news.google.com\/rss\/articles\/CBMiiAFBVV95cUxNUVIwdVNOT01Da29scG1OdlU5bWNsdTk2TGI5UDczVG53SEFEQmU3dlU5clE2ckd3NXFxTTdsby1qQm9acXF4WTF5dWpyUm5sRWlYbG4zeXAzU3dpZGhRWklWOVpmMmtJRUNXZkZoX1JqZEUyR3ozQXlod0Z0QzBoNXNvZTFzVFVN0gGIAUFVX3lxTE93UU1GUFY3bm5FRTgybzJLR29OZl9aRER4ei1LUWpVZVktcFg3THlhaUppVUVwZUk0UGhzOERPNGRPQzc0VDRENkhOSGlMOVE0bEh4OGlzNDlWMGJEMXhQNWE2blZKcF91QnhHVTlMWmtPVmVMS1NGZV9yUnlkeXY3WTg1b2Rsdmg?oc=5\" target=\"_blank\" rel=\"nofollow noopener\">\u00bfEs accionista de Sabadell? Esta es la &#8216;letra peque\u00f1a&#8217; de la \u00faltima oferta de BBVA: fiscalidad, plazos y una posible OPA en efectivo<\/a>&nbsp;&nbsp;El Mundo<\/li>\n<\/ol>\n","protected":false},"excerpt":{"rendered":"La CNMV pone en pausa el per\u00edodo de aceptaci\u00f3n de la opa de BBVA sobre Sabadell&nbsp;&nbsp;Expansi\u00f3n BBVA, m\u00e1s&hellip;\n","protected":false},"author":2,"featured_media":132893,"comment_status":"","ping_status":"","sticky":false,"template":"","format":"standard","meta":{"footnotes":""},"categories":[80],"tags":[5219,82,95,94,6133,25,24,23],"class_list":{"0":"post-132892","1":"post","2":"type-post","3":"status-publish","4":"format-standard","5":"has-post-thumbnail","7":"category-economia","8":"tag-banca","9":"tag-business","10":"tag-economia","11":"tag-economy","12":"tag-empresas-banca","13":"tag-es","14":"tag-espana","15":"tag-spain"},"share_on_mastodon":{"url":"","error":""},"_links":{"self":[{"href":"https:\/\/www.europesays.com\/es\/wp-json\/wp\/v2\/posts\/132892","targetHints":{"allow":["GET"]}}],"collection":[{"href":"https:\/\/www.europesays.com\/es\/wp-json\/wp\/v2\/posts"}],"about":[{"href":"https:\/\/www.europesays.com\/es\/wp-json\/wp\/v2\/types\/post"}],"author":[{"embeddable":true,"href":"https:\/\/www.europesays.com\/es\/wp-json\/wp\/v2\/users\/2"}],"replies":[{"embeddable":true,"href":"https:\/\/www.europesays.com\/es\/wp-json\/wp\/v2\/comments?post=132892"}],"version-history":[{"count":0,"href":"https:\/\/www.europesays.com\/es\/wp-json\/wp\/v2\/posts\/132892\/revisions"}],"wp:featuredmedia":[{"embeddable":true,"href":"https:\/\/www.europesays.com\/es\/wp-json\/wp\/v2\/media\/132893"}],"wp:attachment":[{"href":"https:\/\/www.europesays.com\/es\/wp-json\/wp\/v2\/media?parent=132892"}],"wp:term":[{"taxonomy":"category","embeddable":true,"href":"https:\/\/www.europesays.com\/es\/wp-json\/wp\/v2\/categories?post=132892"},{"taxonomy":"post_tag","embeddable":true,"href":"https:\/\/www.europesays.com\/es\/wp-json\/wp\/v2\/tags?post=132892"}],"curies":[{"name":"wp","href":"https:\/\/api.w.org\/{rel}","templated":true}]}}