{"id":132904,"date":"2025-09-23T01:15:11","date_gmt":"2025-09-23T01:15:11","guid":{"rendered":"https:\/\/www.europesays.com\/es\/132904\/"},"modified":"2025-09-23T01:15:11","modified_gmt":"2025-09-23T01:15:11","slug":"parecia-imposible-muchos-lo-intentaron","status":"publish","type":"post","link":"https:\/\/www.europesays.com\/es\/132904\/","title":{"rendered":"Parec\u00eda imposible, muchos lo intentaron"},"content":{"rendered":"<p class=\"article-text\">\n        <strong>Ag\u00e1rrate al sill\u00f3n<\/strong> ha demostrado que a la tercera va la vencida y es que, tras dos derrotas de <strong>Rafa Casta\u00f1o<\/strong>, este lunes 22 de septiembre, ha sido eliminado de forma definitiva y <strong>H\u00e9ctor<\/strong>, el nuevo concursante, se ha convertido en el nuevo campe\u00f3n.\n    <\/p>\n<p>    <a href=\"https:\/\/www.eldiario.es\/noticias\/rafa-castano-sufre-segunda-derrota-agarrate-al-sillon-mantiene-asiento-final-lleno-suspense_1_12609875.html\" data-mrf-recirculation=\"saber-mas\" data-dl-event=\"saber-mas\" rel=\"nofollow noopener\" target=\"_blank\"><\/p>\n<p class=\"know-more__title\">Rafa Casta\u00f1o sufre su segunda derrota en &#8216;Ag\u00e1rrate al sill\u00f3n&#8217;, pero mantiene el asiento tras un final lleno de suspense<\/p>\n<p>            <img decoding=\"async\" class=\"lazy\" loading=\"lazy\" data-src=\"https:\/\/static.eldiario.es\/clip\/b6be8064-fdd8-4c42-88b5-416c957c860d_16-9-aspect-ratio_default_0.jpg\" src=\"data:image\/svg+xml,%3Csvg xmlns=\" http:=\"\" viewbox=\"0 0 880 495\" alt=\"Rafa Casta\u00f1o sufre su segunda derrota en 'Ag\u00e1rrate al sill\u00f3n', pero mantiene el asiento tras un final lleno de suspense\"\/><\/p>\n<p>                        <\/a><\/p>\n<p class=\"article-text\">\n        Lo hac\u00eda al <strong>lograr 23 aciertos, ante los 21 de Casta\u00f1o<\/strong>, y reuniendo<strong> 6.900<\/strong> euros en la entrega. En ese instante, Casta\u00f1o us\u00f3 su \u00faltimo AS en la manga, ofreci\u00e9ndole dinero para que se lo llevara y \u00e9l pudiera seguir sentado.\n    <\/p>\n<p class=\"article-text\">\n        \u201cLa negociaci\u00f3n con Mario fue hace relativamente pocos programas, \u00faltimamanete me veo bastante irregular, as\u00ed que<strong> te voy a ofrecer 5.000 euros.<\/strong> Y ya t\u00fa haz lo que consideres\u201d, dijo Rafa. Una cantidad que no convenci\u00f3 al rival: \u201c<strong>Por esa cantidad creo que voy a probar el sill\u00f3n\u201d<\/strong>, dijo ante el asombro del p\u00fablico, que aplaud\u00eda la decisi\u00f3n.\n    <\/p>\n<p class=\"article-text\">\n        \u201c\u00a1Tenemos nuevo campe\u00f3n en el programa!\u201d exclamaba <strong>Eugeni Alemany<\/strong>, \u201cparec\u00eda imposible, muchos lo intentaron, estuvieron a punto de conseguirlo, pero la negociaci\u00f3n se impuso. <strong>Finalmente, \u00a1tenemos nuevo campe\u00f3n!\u201d<\/strong>, repet\u00eda sin casi cre\u00e9rselo.\n    <\/p>\n<blockquote class=\"twitter-tweet\" data-lang=\"es\"><p><a href=\"https:\/\/twitter.com\/X\/status\/1970204418122371442?ref_src=twsrc%5Etfw\" rel=\"nofollow noopener\" target=\"_blank\"><\/p><\/blockquote>\n<p class=\"article-text\">\n        Mientras H\u00e9ctor se sentaba en el sill\u00f3n, el presentador se acercaba a Rafa para preguntarle c\u00f3mo calificaba la experiencia: \u201c<strong>Ha sido un concurso duro de concursar<\/strong>, porque ha habido bastante programas en los que en el \u00faltimo momento se me ha aprecido la virgen y he ganado por un acierto. Es un concurso complicado. Cre\u00eda que era una etapa que iba a acabar, tarde o temprano, quer\u00eda ofrecer poquito si no lo aceptaba segu\u00eda, pero oye, lo ha aceptado y mira\u201d, conclu\u00eda.\n    <\/p>\n<p>    <a href=\"https:\/\/www.eldiario.es\/vertele\/noticias\/maria-patino-machismo-mar-flores-de-viernes-invitado-telecinco-no-somos-nadie_1_12623152.html\" data-mrf-recirculation=\"saber-mas-abajo\" data-dl-event=\"saber-mas-abajo\" rel=\"nofollow noopener\" target=\"_blank\"><\/p>\n<p class=\"know-more__title\">Mar\u00eda Pati\u00f1o critica el \u201cmachismo\u201d de &#8216;De Viernes&#8217; contra Mar Flores y desvela a su pr\u00f3ximo invitado en Telecinco<\/p>\n<p>            <img decoding=\"async\" class=\"lazy\" loading=\"lazy\" data-src=\"https:\/\/static.eldiario.es\/clip\/ca1f1c4d-696c-4797-b79c-33b612f2a553_16-9-aspect-ratio_default_0.jpg\" src=\"data:image\/svg+xml,%3Csvg xmlns=\" http:=\"\" viewbox=\"0 0 880 495\" alt=\"Mar\u00eda Pati\u00f1o critica el &quot;machismo&quot; de 'De Viernes' contra Mar Flores y desvela a su pr\u00f3ximo invitado en Telecinco\"\/><\/p>\n<p>                        <\/a><\/p>\n<p class=\"article-text\">\n        A lo que Alemany respond\u00eda agradecido de parte de todo el formato: \u201c<strong>Ha sido un placer conocerte, eres un gran tipo, una persona muy sensible. <\/strong>Nosotros te vamos a echar de menos, todo el equipo, gracias por hacerlo tan f\u00e1cil, por tirarte tantas veces al rollo y por compartir tus conocimientos e inquietudes\u201d, zanj\u00f3.\n    <\/p>\n<p>                                    <script async src=\"https:\/\/platform.twitter.com\/widgets.js\" charset=\"utf-8\"><\/script><\/p>\n","protected":false},"excerpt":{"rendered":"Ag\u00e1rrate al sill\u00f3n ha demostrado que a la tercera va la vencida y es que, tras dos derrotas&hellip;\n","protected":false},"author":2,"featured_media":132905,"comment_status":"","ping_status":"","sticky":false,"template":"","format":"standard","meta":{"footnotes":""},"categories":[174],"tags":[12831,5773,8991,255,16584,146,147,25,24,256,23830,42387,524,42386,12830,12832,23],"class_list":{"0":"post-132904","1":"post","2":"type-post","3":"status-publish","4":"format-standard","5":"has-post-thumbnail","7":"category-famosos","8":"tag-agarrate","9":"tag-campeon","10":"tag-castano","11":"tag-celebrities","12":"tag-elimina","13":"tag-entertainment","14":"tag-entretenimiento","15":"tag-es","16":"tag-espana","17":"tag-famosos","18":"tag-imposible","19":"tag-intentaron","20":"tag-nuevo","21":"tag-parecia","22":"tag-rafa","23":"tag-sillon","24":"tag-spain"},"share_on_mastodon":{"url":"","error":""},"_links":{"self":[{"href":"https:\/\/www.europesays.com\/es\/wp-json\/wp\/v2\/posts\/132904","targetHints":{"allow":["GET"]}}],"collection":[{"href":"https:\/\/www.europesays.com\/es\/wp-json\/wp\/v2\/posts"}],"about":[{"href":"https:\/\/www.europesays.com\/es\/wp-json\/wp\/v2\/types\/post"}],"author":[{"embeddable":true,"href":"https:\/\/www.europesays.com\/es\/wp-json\/wp\/v2\/users\/2"}],"replies":[{"embeddable":true,"href":"https:\/\/www.europesays.com\/es\/wp-json\/wp\/v2\/comments?post=132904"}],"version-history":[{"count":0,"href":"https:\/\/www.europesays.com\/es\/wp-json\/wp\/v2\/posts\/132904\/revisions"}],"wp:featuredmedia":[{"embeddable":true,"href":"https:\/\/www.europesays.com\/es\/wp-json\/wp\/v2\/media\/132905"}],"wp:attachment":[{"href":"https:\/\/www.europesays.com\/es\/wp-json\/wp\/v2\/media?parent=132904"}],"wp:term":[{"taxonomy":"category","embeddable":true,"href":"https:\/\/www.europesays.com\/es\/wp-json\/wp\/v2\/categories?post=132904"},{"taxonomy":"post_tag","embeddable":true,"href":"https:\/\/www.europesays.com\/es\/wp-json\/wp\/v2\/tags?post=132904"}],"curies":[{"name":"wp","href":"https:\/\/api.w.org\/{rel}","templated":true}]}}