{"id":132908,"date":"2025-09-23T01:19:10","date_gmt":"2025-09-23T01:19:10","guid":{"rendered":"https:\/\/www.europesays.com\/es\/132908\/"},"modified":"2025-09-23T01:19:10","modified_gmt":"2025-09-23T01:19:10","slug":"danny-ocean-y-mas-actuaran-en-premios-billboard-de-la-musica-latina-2025","status":"publish","type":"post","link":"https:\/\/www.europesays.com\/es\/132908\/","title":{"rendered":"Danny Ocean y m\u00e1s actuar\u00e1n en Premios Billboard de la M\u00fasica Latina 2025"},"content":{"rendered":"<p class=\"paragraph larva \/\/ lrv-u-margin-lr-auto  lrv-a-font-body-m   \">\n\tBillboard y Telemundo anunciaron el lunes (22 de septiembre) la primera ola de artistas que se presentar\u00e1n en los Premios Billboard de la M\u00fasica Latina 2025.<\/p>\n<p class=\"paragraph larva \/\/ lrv-u-margin-lr-auto  lrv-a-font-body-m   \">\n\tDanny Ocean, Ozuna, Olga Ta\u00f1\u00f3n y Laura Pausini subir\u00e1n al escenario del James L. Knight Center en Miami el jueves 23 de octubre. Tambi\u00e9n se ha confirmado la participaci\u00f3n de La Arrolladora Banda El Lim\u00f3n de Ren\u00e9 Camacho, Be\u00e9le, Juan Duque, Musza, Net\u00f3n Vega, NXNNI y \u00d3scar Maydon.<\/p>\n<p class=\"paragraph larva \/\/ lrv-u-margin-lr-auto  lrv-a-font-body-m   \">\n\tPausini \u2014 quien ser\u00e1 homenajeada con el Premio Billboard \u00cdcono \u2014 ya hab\u00eda sido anunciada como parte de los artistas que actuar\u00e1n. Por su parte, Danny Ocean, Net\u00f3n Vega y \u00d3scar Maydon son finalistas en los Premios Billboard de la M\u00fasica Latina 2025, con m\u00faltiples menciones en distintas categor\u00edas.<\/p>\n<p class=\"paragraph larva \/\/ lrv-u-margin-lr-auto  lrv-a-font-body-m   \">\n\t<a href=\"https:\/\/www.billboard.com\/artist\/bad-bunny\/\" rel=\"nofollow noopener\" target=\"_blank\">Bad Bunny<\/a> lidera la lista de finalistas con 27 menciones, estableciendo un r\u00e9cord hist\u00f3rico en los premios. El superastro puertorrique\u00f1o es seguido por <a href=\"https:\/\/www.billboard.com\/artist\/fuerza-regida\/\" rel=\"nofollow noopener\" target=\"_blank\">Fuerza Regida<\/a>\u00a0con 15 menciones y <a href=\"https:\/\/www.billboard.com\/artist\/rauw-alejandro\/\" rel=\"nofollow noopener\" target=\"_blank\">Rauw Alejandro\u00a0<\/a>con 14. Entre las artistas femeninas, <a href=\"https:\/\/www.billboard.com\/artist\/karol-g\/\" rel=\"nofollow noopener\" target=\"_blank\">Karol G<\/a> encabeza la lista con 10 menciones, empatando con el artista emergente de la m\u00fasica regional mexicana <a href=\"https:\/\/www.billboard.com\/artist\/tito-double-p\/\" rel=\"nofollow noopener\" target=\"_blank\">Tito Double P<\/a>, quien tambi\u00e9n tiene 10, mientras que <a href=\"https:\/\/www.billboard.com\/artist\/peso-pluma\/\" rel=\"nofollow noopener\" target=\"_blank\">Peso Pluma<\/a>\u00a0es finalista en nueve categor\u00edas.\u00a0<\/p>\n<p class=\"paragraph larva \/\/ lrv-u-margin-lr-auto  lrv-a-font-body-m   \">\n\tLos Premios Billboard de la M\u00fasica Latina 2025 se transmitir\u00e1n en vivo por Telemundo y tambi\u00e9n estar\u00e1n disponibles en streaming a trav\u00e9s de la aplicaci\u00f3n de Telemundo y Peacock, y en toda Am\u00e9rica Latina y el Caribe por Telemundo Internacional.<\/p>\n<p class=\"paragraph larva \/\/ lrv-u-margin-lr-auto  lrv-a-font-body-m   \">\n\tEl evento coincide con la Semana Billboard de la M\u00fasica Latina, que regresa a Miami Beach del 20 al 24 de octubre con un cartel de oradores destacados que incluyen a Kali Uchis, Daddy Yankee, Xavi, Laura Pausini, Ozuna y muchos m\u00e1s. Consigue tus boletos hoy para la Semana Billboard de la M\u00fasica Latina 2025 <a rel=\"noreferrer noopener nofollow\" target=\"_blank\" href=\"https:\/\/www.billboardlatinmusicweek.com\/\">aqu\u00ed<\/a>.<\/p>\n<p>\t<a class=\"c-logo lrv-a-unstyle-link u-display-inline-flex lrv-u-width-100p  u-max-width-100 u-height-26 u-max-width-130px@mobile-max u-margin-t-040@mobile-max u-margin-t-040@mobile-max\" href=\"https:\/\/www.billboard.com\/\" title=\"Billboard\" rel=\"nofollow noopener\" target=\"_blank\"><\/p>\n<p>\t<\/a><\/p>\n<p class=\"c-tagline  a-font-accent-l@desktop  a-font-accent-xs@mobile-max u-font-size-15@mobile-max u-line-height-22px@mobile-max lrv-u-text-align-center@mobile-max u-letter-spacing-0030@mobile-max lrv-u-padding-t-025 lrv-u-margin-a-00 u-padding-t-0125@mobile-max u-padding-b-0063@mobile-max\">Boletines diarios directo a su bandeja de entrada<\/p>\n<p><a class=\"c-link  lrv-a-unstyle-button lrv-u-cursor-pointer lrv-u-display-inline-flex lrv-u-background-color-brand-primary lrv-u-background-color-black:hover lrv-u-color-black lrv-u-color-brand-primary:hover u-padding-lr-0.875 u-padding-tb-10 lrv-u-flex-shrink-0 u-align-items-center a-font-basic-fancy-xs u-margin-t-0.188 u-margin-b-0188 u-margin-b-040@mobile-max u-margin-b-040@mobile-max\" href=\"https:\/\/cloud.email.billboard.com\/signup\/\" rel=\"noopener noreferrer nofollow\" target=\"_blank\"><br \/>\n\tInscribirse<\/a><\/p>\n","protected":false},"excerpt":{"rendered":"Billboard y Telemundo anunciaron el lunes (22 de septiembre) la primera ola de artistas que se presentar\u00e1n en&hellip;\n","protected":false},"author":2,"featured_media":132909,"comment_status":"","ping_status":"","sticky":false,"template":"","format":"standard","meta":{"footnotes":""},"categories":[170],"tags":[146,147,25,24,9834,184,185,9835,36800,23],"class_list":{"0":"post-132908","1":"post","2":"type-post","3":"status-publish","4":"format-standard","5":"has-post-thumbnail","7":"category-musica","8":"tag-entertainment","9":"tag-entretenimiento","10":"tag-es","11":"tag-espana","12":"tag-genre-espau00f1ol","13":"tag-music","14":"tag-musica","15":"tag-noticias-espau00f1ol","16":"tag-premios-billboard-espanol","17":"tag-spain"},"share_on_mastodon":{"url":"","error":""},"_links":{"self":[{"href":"https:\/\/www.europesays.com\/es\/wp-json\/wp\/v2\/posts\/132908","targetHints":{"allow":["GET"]}}],"collection":[{"href":"https:\/\/www.europesays.com\/es\/wp-json\/wp\/v2\/posts"}],"about":[{"href":"https:\/\/www.europesays.com\/es\/wp-json\/wp\/v2\/types\/post"}],"author":[{"embeddable":true,"href":"https:\/\/www.europesays.com\/es\/wp-json\/wp\/v2\/users\/2"}],"replies":[{"embeddable":true,"href":"https:\/\/www.europesays.com\/es\/wp-json\/wp\/v2\/comments?post=132908"}],"version-history":[{"count":0,"href":"https:\/\/www.europesays.com\/es\/wp-json\/wp\/v2\/posts\/132908\/revisions"}],"wp:featuredmedia":[{"embeddable":true,"href":"https:\/\/www.europesays.com\/es\/wp-json\/wp\/v2\/media\/132909"}],"wp:attachment":[{"href":"https:\/\/www.europesays.com\/es\/wp-json\/wp\/v2\/media?parent=132908"}],"wp:term":[{"taxonomy":"category","embeddable":true,"href":"https:\/\/www.europesays.com\/es\/wp-json\/wp\/v2\/categories?post=132908"},{"taxonomy":"post_tag","embeddable":true,"href":"https:\/\/www.europesays.com\/es\/wp-json\/wp\/v2\/tags?post=132908"}],"curies":[{"name":"wp","href":"https:\/\/api.w.org\/{rel}","templated":true}]}}