{"id":132920,"date":"2025-09-23T01:26:12","date_gmt":"2025-09-23T01:26:12","guid":{"rendered":"https:\/\/www.europesays.com\/es\/132920\/"},"modified":"2025-09-23T01:26:12","modified_gmt":"2025-09-23T01:26:12","slug":"rigoberta-bandini-suelta-estas-dos-frases-para-sentenciar-la-decision-de-no-ir-a-eurovision-si-lo-hace-israel","status":"publish","type":"post","link":"https:\/\/www.europesays.com\/es\/132920\/","title":{"rendered":"Rigoberta Bandini suelta estas dos frases para sentenciar la decisi\u00f3n de no ir a Eurovisi\u00f3n si lo hace Israel"},"content":{"rendered":"<p>Hace una semana, el <a href=\"https:\/\/eltelevisero.huffingtonpost.es\/2025\/09\/planton-historico-a-eurovision-el-consejo-de-administracion-de-rtve-aprueba-la-retirada-de-espana-si-israel-participa\/\" rel=\"nofollow noopener\" target=\"_blank\">Consejo de Administraci\u00f3n de RTVE <\/a>aprobaba por mayor\u00eda la retirada de Espa\u00f1a del pr\u00f3ximo Festival de Eurovisi\u00f3n si la UER no veta a Israel. Desde entonces las reacciones no se han hecho esperar. La \u00faltima en dar su opini\u00f3n al respecto ha sido <a href=\"https:\/\/eltelevisero.huffingtonpost.es\/2025\/03\/rigoberta-bandini-da-esta-sentencia-a-melody-en-eurovision-y-cree-que-lo-que-ella-piensa-es-unanime\/\" rel=\"nofollow noopener\" target=\"_blank\">Rigoberta Bandini<\/a>, quien estuvo a punto de representarnos hace tres a\u00f1os con su tema &#8216;Ay mam\u00e1&#8217;.<\/p>\n<p>Por el momento, Pa\u00edses Bajos, Eslovenia, Islania e Irlanda, junto con Espa\u00f1a, han decidido abandonar el certamen, a la espera de que la UER decida si Israel contin\u00faa, o no. En la industria musical, la mayor\u00eda parecen estar de acuerdo con la decisi\u00f3n de RTVE, ya que es la mejor forma de protestar ante el genocidio que se est\u00e1 cometiendo en Gaza.<\/p>\n<p>Si hace unos d\u00edas era Amaia Romero la que apoyaba la decisi\u00f3n de la Corporaci\u00f3n, ahora ha sido Rigoberta Bandini. Al ser preguntada por Europa Press sobre esta noticia, la cantante ha mostrado su total respaldo a la decisi\u00f3n tomada: \u00abEstoy muy orgullosa, me parece una decisi\u00f3n muy valiente. Creo que ya tocaba, por parte de todos los Estados de Europa\u00bb.<\/p>\n<p>Rigoberta Bandini critica la doble vara de medir de la UER<\/p>\n<p>Aunque considera que se ten\u00eda que haber tomado con m\u00e1s antelaci\u00f3n, ya que \u00abel a\u00f1o pasado Israel ya particip\u00f3 y ya estaba en guerra, cuando dos a\u00f1os antes Rusia fue eliminada precisamente por la guerra. Entonces, realmente, la paradoja del a\u00f1o pasado tampoco la entend\u00ed\u00bb.<\/p>\n<p>Pese a esto, Rigoberta Bandini se muestra muy contenta de que, finalmente, se haya dado el paso. \u00ab<strong>Me alegra que, aunque sea tarde, hayamos tomado esta decisi\u00f3n. Y claro, comparto totalmente que no vayamos, lo comparto al 100%, de verdad<\/strong>\u00ab, sentencia.<\/p>\n<p>Adem\u00e1s, la finalista del Benidorm Fest tambi\u00e9n desvela c\u00f3mo fue trabajar con Roc\u00edo Carrasco: \u00abNos conocimos en el concierto en homenaje a su madre. Fue super amable conmigo, me cay\u00f3 super bien, pero la conozco muy poco. Me parece una persona muy cercana, muy sensible y bien. Fue super f\u00e1cil trabajar con ella\u00bb.<\/p>\n<blockquote class=\"twitter-tweet\" data-width=\"550\" data-dnt=\"true\">\n<p lang=\"es\" dir=\"ltr\">Rigoberta Bandini apoya la salida de Espa\u00f1a de Eurovisi\u00f3n si participa Israel: &quot;Me siento muy orgullosa, es muy valiente. El a\u00f1o pasado ya particip\u00f3 y estaban en guerra, cuando dos a\u00f1os antes Rusia hab\u00eda sido eliminada&quot; <a href=\"https:\/\/t.co\/89J8sdWPFS\" rel=\"nofollow\">https:\/\/t.co\/89J8sdWPFS<\/a> <a href=\"https:\/\/t.co\/uv69G9dych\" rel=\"nofollow\">pic.twitter.com\/uv69G9dych<\/a><\/p>\n<p>&mdash; Europa Press (@europapress) <a href=\"https:\/\/twitter.com\/europapress\/status\/1968993690396791007?ref_src=twsrc%5Etfw\" rel=\"nofollow noopener\" target=\"_blank\">September 19, 2025<\/a><\/p><\/blockquote>\n<p><script async src=\"https:\/\/platform.twitter.com\/widgets.js\" charset=\"utf-8\"><\/script>\n<\/p>\n<p>\t\t\t\t\t\t                    <script async src=\"https:\/\/platform.twitter.com\/widgets.js\" charset=\"utf-8\"><\/script><\/p>\n","protected":false},"excerpt":{"rendered":"Hace una semana, el Consejo de Administraci\u00f3n de RTVE aprobaba por mayor\u00eda la retirada de Espa\u00f1a del pr\u00f3ximo&hellip;\n","protected":false},"author":2,"featured_media":132921,"comment_status":"","ping_status":"","sticky":false,"template":"","format":"standard","meta":{"footnotes":""},"categories":[42],"tags":[17,18,13,14,11,61,62,63,64,19,20,9,10,15,16,12,21,22,65,66,67],"class_list":{"0":"post-132920","1":"post","2":"type-post","3":"status-publish","4":"format-standard","5":"has-post-thumbnail","7":"category-internacional","8":"tag-breaking-news","9":"tag-breakingnews","10":"tag-featured-news","11":"tag-featurednews","12":"tag-headlines","13":"tag-internacional","14":"tag-international","15":"tag-international-news","16":"tag-internationalnews","17":"tag-latest-news","18":"tag-latestnews","19":"tag-news","20":"tag-noticias","21":"tag-noticias-destacadas","22":"tag-noticiasdestacadas","23":"tag-titulares","24":"tag-ultimas-noticias","25":"tag-ultimasnoticias","26":"tag-world","27":"tag-world-news","28":"tag-worldnews"},"share_on_mastodon":{"url":"","error":""},"_links":{"self":[{"href":"https:\/\/www.europesays.com\/es\/wp-json\/wp\/v2\/posts\/132920","targetHints":{"allow":["GET"]}}],"collection":[{"href":"https:\/\/www.europesays.com\/es\/wp-json\/wp\/v2\/posts"}],"about":[{"href":"https:\/\/www.europesays.com\/es\/wp-json\/wp\/v2\/types\/post"}],"author":[{"embeddable":true,"href":"https:\/\/www.europesays.com\/es\/wp-json\/wp\/v2\/users\/2"}],"replies":[{"embeddable":true,"href":"https:\/\/www.europesays.com\/es\/wp-json\/wp\/v2\/comments?post=132920"}],"version-history":[{"count":0,"href":"https:\/\/www.europesays.com\/es\/wp-json\/wp\/v2\/posts\/132920\/revisions"}],"wp:featuredmedia":[{"embeddable":true,"href":"https:\/\/www.europesays.com\/es\/wp-json\/wp\/v2\/media\/132921"}],"wp:attachment":[{"href":"https:\/\/www.europesays.com\/es\/wp-json\/wp\/v2\/media?parent=132920"}],"wp:term":[{"taxonomy":"category","embeddable":true,"href":"https:\/\/www.europesays.com\/es\/wp-json\/wp\/v2\/categories?post=132920"},{"taxonomy":"post_tag","embeddable":true,"href":"https:\/\/www.europesays.com\/es\/wp-json\/wp\/v2\/tags?post=132920"}],"curies":[{"name":"wp","href":"https:\/\/api.w.org\/{rel}","templated":true}]}}