{"id":132924,"date":"2025-09-23T01:29:31","date_gmt":"2025-09-23T01:29:31","guid":{"rendered":"https:\/\/www.europesays.com\/es\/132924\/"},"modified":"2025-09-23T01:29:31","modified_gmt":"2025-09-23T01:29:31","slug":"la-escuela-municipal-de-handball-e-independiente-fueron-los-animadores-de-una-extensa-jornada","status":"publish","type":"post","link":"https:\/\/www.europesays.com\/es\/132924\/","title":{"rendered":"La Escuela Municipal de Handball e Independiente fueron los animadores de una extensa jornada"},"content":{"rendered":"<p>        <a href=\"https:\/\/www.inscribite21.com.ar\/\" rel=\"nofollow noopener\" target=\"_blank\"><img loading=\"lazy\" decoding=\"async\" class=\"alignnone size-full wp-image-139369\" src=\"https:\/\/www.europesays.com\/es\/wp-content\/uploads\/2025\/08\/sigloxx1-12.gif\" alt=\"\" width=\"640\" height=\"96\"\/><\/a><img fetchpriority=\"high\" decoding=\"async\" class=\"wp-image-170095 size-full\" src=\"https:\/\/www.europesays.com\/es\/wp-content\/uploads\/2025\/09\/06915935-dca3-41d2-b0a4-ed4cd6bcd238.jpg\" alt=\"\" width=\"640\" height=\"360\"  \/>Acci\u00f3n en el CEF N\u00b0 40.<\/p>\n<p>El \u00faltimo s\u00e1bado 20 la Escuela Municipal de Handball volvi\u00f3 a tener acci\u00f3n por la S\u00faper Liga de AsAmBal, recibiendo en los dos gimnasios del CEF N\u00b0 40 a Independiente de Chivilcoy, atrapante jornada repleta de partidos en el marco de la cuarta fecha.<\/p>\n<p>Los equipos \u201cVerdes\u201d terminaron protagonizando grandes partidos ante los conjuntos \u201cRojos\u201d, marcando el notable progreso de los mercedinos ante un Independiente que siempre resulta ser uno de los importantes animadores de la Liga.<\/p>\n<p>Hubo triunfos en Menores masculino para destacarse Guillermo Martinelli con 17 tantos, el equipo de Infantil masculino cont\u00f3 con Gael Ramos y Sim\u00f3n Duarte con 5 tantos cada uno alcanzando la victoria. Adem\u00e1s, empataron los Cadetes masculino, destac\u00e1ndose Juan Marcelo con 11 goles.<\/p>\n<p>Otra igualdad se dio en la categor\u00eda Segunda masculina, 9 tantos para Bruno Saion y misma cantidad logr\u00f3 Tom\u00e1s Peralta. Lo que vendr\u00e1 el 11 de octubre pr\u00f3ximo es la local\u00eda ante Monte por la quinta fecha. Antes de ellos el resultado de lo sucedido el s\u00e1bado:<\/p>\n<p><img loading=\"lazy\" decoding=\"async\" class=\"alignnone size-full wp-image-170096\" src=\"https:\/\/www.europesays.com\/es\/wp-content\/uploads\/2025\/09\/551006237_18023581559729438_1692568413314463643_n.jpg\" alt=\"\" width=\"640\" height=\"456\"  \/><\/p>\n<p>Escuela Municipal de Handball \u2013 Independiente<br \/><strong>Menores masculino: 40 \u2013 39.<br \/><\/strong>Alevin masculino: 12- 30.<br \/>Alevin femenino: 29 \u2013 39.<br \/><strong>Infantil masculino:\u00a0 3 \u2013 1 (7-6, 9-5, 6-3 y 6-9).<br \/><\/strong>Primera B femenina:\u00a0 27- 28.<br \/>Infantil femenino:\u00a0 0 \u2013 4 (9-13, 12-14, 9-13 y 8-17).<br \/>Infantil mixto: 0-3 (6-14, 12-14, 4-14 y 10-10).<br \/>Junior femenino: 23-26.<br \/>Cadetes femenino: 20-32.<br \/>Juvenil masculino: 22-31.<br \/>Menores femenino: 34-39.<br \/>Juvenil femenino: 16-38.<br \/>Primera femenino: 24-35.<br \/>Primera masculina: 23-27.<br \/><strong>Cadetes masculino: 29-29.<br \/>Segunda masculina: 33-33.<\/strong><\/p>\n<p><img loading=\"lazy\" decoding=\"async\" class=\"alignnone size-full wp-image-170097\" src=\"https:\/\/www.europesays.com\/es\/wp-content\/uploads\/2025\/09\/551421767_18023581538729438_4416618937772840402_n.jpg\" alt=\"\" width=\"640\" height=\"401\"  \/><\/p>\n<p>Est\u00e1 previsto afrontar el Provincial en Chivilcoy los d\u00edas 3, 4 y 5 de octubre con las categor\u00edas Mini Infantil varones y mujeres m\u00e1s Menores mujeres, la Escuela Municipal terminar\u00e1 de confirmar si viajar\u00e1 con todos los equipos.<\/p>\n","protected":false},"excerpt":{"rendered":"Acci\u00f3n en el CEF N\u00b0 40. El \u00faltimo s\u00e1bado 20 la Escuela Municipal de Handball volvi\u00f3 a tener&hellip;\n","protected":false},"author":2,"featured_media":132925,"comment_status":"","ping_status":"","sticky":false,"template":"","format":"standard","meta":{"footnotes":""},"categories":[278],"tags":[16161,376,168,25,16162,24,375,23,167,42389],"class_list":{"0":"post-132924","1":"post","2":"type-post","3":"status-publish","4":"format-standard","5":"has-post-thumbnail","7":"category-balonmano","8":"tag-asambal","9":"tag-balonmano","10":"tag-deportes","11":"tag-es","12":"tag-escuela-municipal-de-handball","13":"tag-espana","14":"tag-handball","15":"tag-spain","16":"tag-sports","17":"tag-super-liga"},"share_on_mastodon":{"url":"","error":""},"_links":{"self":[{"href":"https:\/\/www.europesays.com\/es\/wp-json\/wp\/v2\/posts\/132924","targetHints":{"allow":["GET"]}}],"collection":[{"href":"https:\/\/www.europesays.com\/es\/wp-json\/wp\/v2\/posts"}],"about":[{"href":"https:\/\/www.europesays.com\/es\/wp-json\/wp\/v2\/types\/post"}],"author":[{"embeddable":true,"href":"https:\/\/www.europesays.com\/es\/wp-json\/wp\/v2\/users\/2"}],"replies":[{"embeddable":true,"href":"https:\/\/www.europesays.com\/es\/wp-json\/wp\/v2\/comments?post=132924"}],"version-history":[{"count":0,"href":"https:\/\/www.europesays.com\/es\/wp-json\/wp\/v2\/posts\/132924\/revisions"}],"wp:featuredmedia":[{"embeddable":true,"href":"https:\/\/www.europesays.com\/es\/wp-json\/wp\/v2\/media\/132925"}],"wp:attachment":[{"href":"https:\/\/www.europesays.com\/es\/wp-json\/wp\/v2\/media?parent=132924"}],"wp:term":[{"taxonomy":"category","embeddable":true,"href":"https:\/\/www.europesays.com\/es\/wp-json\/wp\/v2\/categories?post=132924"},{"taxonomy":"post_tag","embeddable":true,"href":"https:\/\/www.europesays.com\/es\/wp-json\/wp\/v2\/tags?post=132924"}],"curies":[{"name":"wp","href":"https:\/\/api.w.org\/{rel}","templated":true}]}}