{"id":132926,"date":"2025-09-23T01:30:08","date_gmt":"2025-09-23T01:30:08","guid":{"rendered":"https:\/\/www.europesays.com\/es\/132926\/"},"modified":"2025-09-23T01:30:08","modified_gmt":"2025-09-23T01:30:08","slug":"cultura-sin-censura-y-apoyo-a-la-tauromaquia-en-los-premios-de-la-comunidad-de-madrid","status":"publish","type":"post","link":"https:\/\/www.europesays.com\/es\/132926\/","title":{"rendered":"Cultura \u00absin censura\u00bb y apoyo a la tauromaquia en los Premios de la Comunidad de Madrid"},"content":{"rendered":"<p style=\"\">Un taur\u00f3filo como el escritor y catedr\u00e1tico Andr\u00e9s Amor\u00f3s, un \u00eddolo popular como<a href=\"https:\/\/www.abc.es\/espana\/madrid\/marisa-paredes-inditex-lardhy-premios-cultura-comunidad-20250917063344-nt.html\" target=\"_blank\" data-voc-vtm-id=\"in-text-traffic\" title=\" Ram\u00f3n Arcusa, la mitad del D\u00fao Din\u00e1mico\" data-mrf-link=\"www.abc.es\" rel=\"nofollow noopener\"> Ram\u00f3n Arcusa, la mitad del D\u00fao Din\u00e1mico<\/a>, o un fen\u00f3meno de la cinematograf\u00eda como Marisa Paredes son algunas de las figuras homenajeadas en la XXIII edici\u00f3n de los Premios de Cultura  &#8230; de la Comunidad de Madrid, que entreg\u00f3 la presidenta madrile\u00f1a, Isabel D\u00edaz Ayuso, en el Teatro Auditorio de San Lorenzo de El Escorial.<\/p>\n<p class=\"voc-p\" style=\"\">Quince  personalidades, creadores e instituciones fueron homenajeados en el evento, en el que la emoci\u00f3n se desbord\u00f3 cuando Arcusa recogi\u00f3 su premio recordando a la otra mitad de su grupo, Manolo de la Calva, recientemente fallecido.  \u00abNunca pretendimos nada. Trabajamos en lo que nos gustaba y siempre fuimos a nuestro aire. Fuimos libres. Fuimos amigos de todos y trabajamos con los m\u00e1s grandes y tambi\u00e9n ayudamos a los m\u00e1s peque\u00f1os. Lo que quer\u00edamos hacer no se ense\u00f1aba en ninguna universidad y humildemente he de decir que nos lo inventamos casi todo, sin pretenderlo. Abrimos caminos que otros transitaron despu\u00e9s\u00bb.<\/p>\n<p class=\"voc-p\" style=\"\">La presidenta regional aprovech\u00f3 el acto para reivindicar Madrid como \u00abpotencia cultural\u00bb y defendi\u00f3 una cultura que \u00abbate r\u00e9cords de espectadores y de difusi\u00f3n  por el mundo\u00bb, que ha hecho de Madrid \u00abcapital de la m\u00fasica en espa\u00f1ol y el lugar donde todos los artistas hispanos quieren estar\u00bb. En Madrid adem\u00e1s, seg\u00fan dijo, se lleva la cultura \u00aba los 179 municipios de la Comunidad sin censuras, libre, popular\u00bb. Y se est\u00e1 \u00abal servicio de Espa\u00f1a, y por eso somos ese plat\u00f3, escenario, tarima\u00bb.<\/p>\n<p class=\"voc-p\" style=\"\">El consejero de Cultura, Turismo y Deporte, Mariano De Paco Serrano, recibi\u00f3 la Medalla Internacional de las Artes concedida a t\u00edtulo p\u00f3stumo al premio Nobel de Literatura Mario Vargas Llosa hasta su entrega a los familiares del autor. Ese \u00abespa\u00f1ol del Per\u00fa, acad\u00e9mico, caballero, andante de la libertad, dandy, genio y figura de \u00e9xito y prestigio mundial\u00bb ha sido reconocido con la Medalla en la regi\u00f3n.<\/p>\n<p class=\"voc-p\" style=\"\">El premio de Danza ha ido a parar a la bailaora Bel\u00e9n L\u00f3pez \u00abpor su fuerza y virtuosismo, renovando el flamenco sin perder su esencia\u00bb. La actriz Esperanza Roy recibi\u00f3 el de Teatro \u00abpor una vida de versatilidad y rigor sobre las tablas de la escena madrile\u00f1a\u00bb, y en la categor\u00eda M\u00fasica Cl\u00e1sica se distingui\u00f3 al director de orquesta Enrique Garc\u00eda Asensio \u00abpor su batuta magistral y su incansable vocaci\u00f3n docente\u00bb.<\/p>\n<p class=\"voc-p\" style=\"\">Madrid ha mantenido contra viento y marea su premio a la Tauromaquia, como mensaje al Gobierno central que suprimi\u00f3 el nacional en este campo, y en esta edici\u00f3n se lo ha entregado al escritor y catedr\u00e1tico Andr\u00e9s Amor\u00f3s. Que defendi\u00f3 que \u00abme apasionan y me emocionan los toros, pero tambi\u00e9n me emocionan y me apasiona una buena pel\u00edcula, una buena obra de teatro, una buena novela\u00bb. Defendi\u00f3 que \u00ablos toros son un arte\u00bb, pese a que \u00abun ministro inculto\u00bb opine lo contrario.<\/p>\n<p class=\"voc-p\" style=\"\">El premio a las Artes Cinematogr\u00e1ficos se lo dieron, a t\u00edtulo p\u00f3stumo, a la actriz Marisa Paredes. Y en la modalidad de Artes Pl\u00e1sticas se ha distinguido en esta edici\u00f3n al madrile\u00f1o Salvador Amaya. \u00c1lvaro Herrero recibi\u00f3 el de fotograf\u00eda.<\/p>\n<p class=\"voc-p\" style=\"\">La empresa Inditex ha recibido el premio de Moda en el 50\u00ba aniversario de la emblem\u00e1tica Zara, con tiendas en todo el mundo actualmente. Y tambi\u00e9n recibi\u00f3 su galard\u00f3n la Asociaci\u00f3n de Belenistas de Madrid, por su contribuci\u00f3n a las Artes Populares. El reconocimiento de Patrimonio Hist\u00f3rico ha reca\u00eddo en esta ocasi\u00f3n en el Hotel Palace de la capital, \u00abpor ser historia viva de Madrid y ejemplo de renovaci\u00f3n y conservaci\u00f3n\u00bb.<\/p>\n<p class=\"voc-p\" style=\"\">En cuanto a Gastronom\u00eda, el Gobierno regional ha distinguido al restaurante Lhardy, ubicado en la misma casa de la Carrera de San Jer\u00f3nimo desde que abri\u00f3 sus puertas en 1839.  El Teatro Circo Price, fundado en 1853 por el irland\u00e9s Thomas Price, se ha hecho con el premio de Cultura en Artes Circenses.<\/p>\n<p class=\"voc-p\" style=\"\">Durante la gala tambi\u00e9n se ha reconocido al escritor y periodista madrile\u00f1o Alfonso Uss\u00eda, quien recibi\u00f3 el galard\u00f3n personalmente de manos de la presidenta madrile\u00f1a el pasado mes de agosto en su casa de Comillas (Cantabria).<\/p>\n<p class=\"voc-p\" style=\"\">En el apartado de Mecenazgo ha sido destacada la labor de la Fundaci\u00f3n Mapfre \u00abpor acercar el arte y la fotograf\u00eda con rigor, excelencia y continuidad\u00bb. <\/p>\n","protected":false},"excerpt":{"rendered":"Un taur\u00f3filo como el escritor y catedr\u00e1tico Andr\u00e9s Amor\u00f3s, un \u00eddolo popular como Ram\u00f3n Arcusa, la mitad del&hellip;\n","protected":false},"author":2,"featured_media":132927,"comment_status":"","ping_status":"","sticky":false,"template":"","format":"standard","meta":{"footnotes":""},"categories":[277],"tags":[6635,373,3374,10898,209,168,25,24,205,532,23,167,625,374],"class_list":{"0":"post-132926","1":"post","2":"type-post","3":"status-publish","4":"format-standard","5":"has-post-thumbnail","7":"category-toreo","8":"tag-apoyo","9":"tag-bullfighting","10":"tag-censura","11":"tag-comunidad","12":"tag-cultura","13":"tag-deportes","14":"tag-es","15":"tag-espana","16":"tag-madrid","17":"tag-premios","18":"tag-spain","19":"tag-sports","20":"tag-tauromaquia","21":"tag-toreo"},"share_on_mastodon":{"url":"","error":""},"_links":{"self":[{"href":"https:\/\/www.europesays.com\/es\/wp-json\/wp\/v2\/posts\/132926","targetHints":{"allow":["GET"]}}],"collection":[{"href":"https:\/\/www.europesays.com\/es\/wp-json\/wp\/v2\/posts"}],"about":[{"href":"https:\/\/www.europesays.com\/es\/wp-json\/wp\/v2\/types\/post"}],"author":[{"embeddable":true,"href":"https:\/\/www.europesays.com\/es\/wp-json\/wp\/v2\/users\/2"}],"replies":[{"embeddable":true,"href":"https:\/\/www.europesays.com\/es\/wp-json\/wp\/v2\/comments?post=132926"}],"version-history":[{"count":0,"href":"https:\/\/www.europesays.com\/es\/wp-json\/wp\/v2\/posts\/132926\/revisions"}],"wp:featuredmedia":[{"embeddable":true,"href":"https:\/\/www.europesays.com\/es\/wp-json\/wp\/v2\/media\/132927"}],"wp:attachment":[{"href":"https:\/\/www.europesays.com\/es\/wp-json\/wp\/v2\/media?parent=132926"}],"wp:term":[{"taxonomy":"category","embeddable":true,"href":"https:\/\/www.europesays.com\/es\/wp-json\/wp\/v2\/categories?post=132926"},{"taxonomy":"post_tag","embeddable":true,"href":"https:\/\/www.europesays.com\/es\/wp-json\/wp\/v2\/tags?post=132926"}],"curies":[{"name":"wp","href":"https:\/\/api.w.org\/{rel}","templated":true}]}}