{"id":132930,"date":"2025-09-23T01:36:12","date_gmt":"2025-09-23T01:36:12","guid":{"rendered":"https:\/\/www.europesays.com\/es\/132930\/"},"modified":"2025-09-23T01:36:12","modified_gmt":"2025-09-23T01:36:12","slug":"el-cb-telde-derrota-al-cb-las-palmas-en-su-segundo-amistoso-83-52","status":"publish","type":"post","link":"https:\/\/www.europesays.com\/es\/132930\/","title":{"rendered":"El CB Telde derrota al CB Las Palmas en su segundo amistoso (83-52)"},"content":{"rendered":"<p style=\"text-align:justify;\">El Club Baloncesto Telde consigui\u00f3 este domingo en El Hornillo su segunda victoria de pretemporada (83-52, 42-20 al descanso) ante el CB Las Palmas de Primera Auton\u00f3mica donde Ancor y Alberto Redondo fueron los m\u00e1ximos anotadores con once puntos.<\/p>\n<p style=\"text-align:justify;\">\u00a0<\/p>\n<p style=\"text-align:justify;\">El conjunto dirigido por Toni Esparrag\u00f3n fue superior desde los primeros compases donde casi consigue doblar a su rival en el primer cuarto (22-14), algo que s\u00ed obtuvo en el segundo periodo con un parcial de 20-10. A pesar de un inicio de tercer cuarto err\u00e1tico en las primeras posesiones, los teldistas se recompusieron para firmar el mejor de los cuatro con un 24-13 que dej\u00f3 el amistoso sentenciado, lo que dio paso a un \u00faltimo periodo m\u00e1s relajado donde fren\u00f3 su capacidad anotadora (17-15).<\/p>\n<p style=\"text-align:justify;\">\u00a0<\/p>\n<p style=\"text-align:justify;\">Se trata del segundo amistoso que disputa el Baloncesto Telde en este periodo de preparaci\u00f3n para la temporada en Tercera FEB que comenzar\u00e1 el 4 de octubre. El anterior lo disput\u00f3 con victoria ante el Inmobiliaria G\u00e1lvez Santa Cruz en la capital de Tenerife. Este s\u00e1bado a las 12.00 horas disputar\u00e1 el \u00fanico amistoso ante el sub-22 del CB Gran Canaria en el pabell\u00f3n Rita Hern\u00e1ndez.<\/p>\n<p style=\"text-align:justify;\">\u00a0<\/p>\n<p style=\"text-align:justify;\"><strong>Anotadores:\u00a0<\/strong>Alberto Redondo (11), Ancor (11), Alberto Vidal (10), Nacho Mencara (9), Guillermo Artiles (9), Enrique Vidal (9), Alejandro Mart\u00edn (7), Alejandro Santana (6), Daniel V\u00e1zquez (6), Pablo S\u00e1nchez (4) y Jorge Almenara (1).<\/p>\n","protected":false},"excerpt":{"rendered":"El Club Baloncesto Telde consigui\u00f3 este domingo en El Hornillo su segunda victoria de pretemporada (83-52, 42-20 al&hellip;\n","protected":false},"author":2,"featured_media":132931,"comment_status":"","ping_status":"","sticky":false,"template":"","format":"standard","meta":{"footnotes":""},"categories":[269],"tags":[299,298,1896,6219,26502,209,168,7051,1180,2958,25,2586,32619,24,41854,18496,41855,1897,1854,41851,32605,11741,12728,3641,6238,41852,10,1925,2330,41856,41853,492,23,167,29725,41850,1370,159,12,1529,21],"class_list":{"0":"post-132930","1":"post","2":"type-post","3":"status-publish","4":"format-standard","5":"has-post-thumbnail","7":"category-baloncesto","8":"tag-baloncesto","9":"tag-basketball","10":"tag-canarias","11":"tag-canary-islands","12":"tag-cartas-al-director","13":"tag-cultura","14":"tag-deportes","15":"tag-diario-digital","16":"tag-editorial","17":"tag-entrevistas","18":"tag-es","19":"tag-espaa","20":"tag-espagne","21":"tag-espana","22":"tag-fotodenuncia","23":"tag-fuerteventura","24":"tag-gomera","25":"tag-gran-canaria","26":"tag-hierro","27":"tag-informacin","28":"tag-informacion-general","29":"tag-islas-canarias","30":"tag-la-palma","31":"tag-lanzarote","32":"tag-las-palmas","33":"tag-majadero","34":"tag-noticias","35":"tag-opinion","36":"tag-prensa","37":"tag-prensa-espaola","38":"tag-pulsometro","39":"tag-sociedad","40":"tag-spain","41":"tag-sports","42":"tag-telde","43":"tag-teldeactualidad","44":"tag-tenerife","45":"tag-tiempo","46":"tag-titulares","47":"tag-ultima-hora","48":"tag-ultimas-noticias"},"share_on_mastodon":{"url":"","error":""},"_links":{"self":[{"href":"https:\/\/www.europesays.com\/es\/wp-json\/wp\/v2\/posts\/132930","targetHints":{"allow":["GET"]}}],"collection":[{"href":"https:\/\/www.europesays.com\/es\/wp-json\/wp\/v2\/posts"}],"about":[{"href":"https:\/\/www.europesays.com\/es\/wp-json\/wp\/v2\/types\/post"}],"author":[{"embeddable":true,"href":"https:\/\/www.europesays.com\/es\/wp-json\/wp\/v2\/users\/2"}],"replies":[{"embeddable":true,"href":"https:\/\/www.europesays.com\/es\/wp-json\/wp\/v2\/comments?post=132930"}],"version-history":[{"count":0,"href":"https:\/\/www.europesays.com\/es\/wp-json\/wp\/v2\/posts\/132930\/revisions"}],"wp:featuredmedia":[{"embeddable":true,"href":"https:\/\/www.europesays.com\/es\/wp-json\/wp\/v2\/media\/132931"}],"wp:attachment":[{"href":"https:\/\/www.europesays.com\/es\/wp-json\/wp\/v2\/media?parent=132930"}],"wp:term":[{"taxonomy":"category","embeddable":true,"href":"https:\/\/www.europesays.com\/es\/wp-json\/wp\/v2\/categories?post=132930"},{"taxonomy":"post_tag","embeddable":true,"href":"https:\/\/www.europesays.com\/es\/wp-json\/wp\/v2\/tags?post=132930"}],"curies":[{"name":"wp","href":"https:\/\/api.w.org\/{rel}","templated":true}]}}