{"id":132936,"date":"2025-09-23T01:41:04","date_gmt":"2025-09-23T01:41:04","guid":{"rendered":"https:\/\/www.europesays.com\/es\/132936\/"},"modified":"2025-09-23T01:41:04","modified_gmt":"2025-09-23T01:41:04","slug":"el-aviso-de-leire-martinez-a-los-concursantes-de-ot-2025-por-encajar-mal-las-nominaciones","status":"publish","type":"post","link":"https:\/\/www.europesays.com\/es\/132936\/","title":{"rendered":"El aviso de Leire Mart\u00ednez a los concursantes de &#8216;OT 2025&#8217; por encajar mal las nominaciones"},"content":{"rendered":"<p class=\"v-mdl-ath__p v-mdl-ath__p--6\">\nMartes, 23 de septiembre 2025, 00:19<\/p>\n<p class=\"v-p\">La nueva edici\u00f3n de &#8216;Operaci\u00f3n Triunfo&#8217; comienza a coger ritmo. La primera gala dej\u00f3 a Iv\u00e1n Rojo y Claudia Arenas como los dos primeros nominados y a la joven Cristina como la favorito del p\u00fablico. Los diecis\u00e9is concursantes han empezado a sudar la gota gorda y dejarse la voz mientras dan sus primeros pasos en una Academia donde tendr\u00e1n que convivir hasta diciembre si alcanzan la final. Tiene su miga. \u00bfEl resultado? Algunos m\u00e1s atinados y otros&#8230; pues menos. Cada propuesta para nominaci\u00f3n se encaj\u00f3 con un mar de l\u00e1grimas. <\/p>\n<p class=\"v-p\">Con las primeras clases y ensayos llegaron los primeros nervios, lloros, risas, alegr\u00edas, bromas&#8230; Un carrusel de emociones para afrontar la mejora de la t\u00e9cnica local y la &#8216;perfomance&#8217;. Arranc\u00f3 la noche con la canci\u00f3n grupal, &#8216;Yo quiero bailar&#8217;, de Sonia y Selena. Un tema \u00ab&#8217;dosmilero&#8217; de dos reinas\u00bb, en palabras de Chenoa, que no cuaj\u00f3 y grip\u00f3 para animar el inicio de la gala. Alg\u00fan micr\u00f3fono fall\u00f3 y se escuch\u00f3 m\u00e1s de un acople. <\/p>\n<p class=\"v-p\">El jurado ya lleg\u00f3 m\u00e1s aposentado. Leire Mart\u00ednez admiti\u00f3 la resaca emocional que conlleva el programa y explicaba que se lleva \u00abtrabajo a casa\u00bb. \u00abVes las cosas distintas, el calorcito del p\u00fablico, este sitio suena como suena&#8230; est\u00e1 bien saberlo. Esto va muy en serio\u00bb, se\u00f1alaba la exvocalista de &#8216;La Oreja de Van Gogh. Guille Milkyway reconoci\u00f3 que les iba a tocar tomar decisiones \u00abjodidas\u00bb y Cris Regatero avis\u00f3 que hab\u00edan sido \u00abmuy ben\u00e9volos en la gala 0\u00bb. Remat\u00f3 Abraham Mateo reconociendo que se hab\u00eda arreglado el bigote, visiblemente torcido en la anterior gala<\/p>\n<p class=\"v-p\">Aunque Noem\u00ed Galera, directora de la Academia, se\u00f1al\u00f3 que la semana hab\u00eda \u00abido muy bien\u00bb y desech\u00f3 \u00abbronca\u00bb alguna en estos primeros d\u00edas. \u00abSolo consejos\u00bb, insist\u00eda. La realidad es que sobre el escenario no se plasm\u00f3 esa din\u00e1mica. Claudia Arenas y Judit fallaron en la propuesta bailable de &#8216;Carita Triste&#8217;, el tema de moda de Ana Mena y Emilia. Salma de Diego y Max tambi\u00e9n patinaron con el &#8216;We Don&#8217;t Talk Anymore&#8217;, de Charlie Puth y Selena G\u00f3mez, y Olivia e Iv\u00e1n Rojo no estuvieron finos con su provocador &#8216;I Like The Way You Kiss Me&#8217;, de Artemas. Los \u00fanicos que salvaron la papeleta fueron Guillo Rist y Cristina, que pusieron el plat\u00f3 a bailar con el viral &#8216;APT&#8217;, de ROS\u00c9 y Bruno Mars. Consiguieron empastar la coreograf\u00eda sin que le penalizase en el aire para cantar. <\/p>\n<p>Jurado<\/p>\n<p class=\"v-p\">En general, les fue mucho mejor a los concursantes con las baladas y temas m\u00e1s lentos. Crespo y Guille Toledano solventaron al ritmo del piano y con nota &#8216;Mariposas&#8217;, una balada de Marc Segu\u00ed y Pablo Albor\u00e1n; y Luc\u00eda Casani y Carlos defendieron de forma correcta la sentida composici\u00f3n de Manuel Garc\u00eda, &#8216;La danza de las lib\u00e9lulas&#8217;, y sonaron potentes las voces de Laura Mu\u00f1oz y Tinho en el tema cl\u00e1sico de la noche, el Agains All Odds&#8217; de Phil Collins. Tambi\u00e9n algunas propuestas menos mainstream salvaron la papeleta, como la de T\u00e9you y Mar\u00eda Cruz, que defendieron bien el tema &#8216;Canijo&#8217; de la emergente Judeline. <\/p>\n<p class=\"v-p\">El jurado debut\u00f3 con mano izquierda. \u00abAlgunas cosas os gustar\u00e1n m\u00e1s y otras menos. Nunca ser\u00e1 por haceros da\u00f1o gratuitamente, sino para que aprend\u00e1is\u00bb, matizaba Leire Mart\u00ednez ante algunos lloros de aquellos propuestos para nominaci\u00f3n. Fueron unos cuantos. Tambi\u00e9n Abraham Mateo lanz\u00f3 un aviso amistoso a una de las aspirantes, la navarra Laura Mu\u00f1oz. \u00abHe visto el clip que dec\u00edas que me la apuntabas. Nosotros somos consejeros\u00bb. Todo queda grabado. Y tambi\u00e9n las quejas por las valoraciones del jurado. A esas cr\u00edticas deber\u00e1n acostumbrarse todos si quieren llegar lejos en el programa y hacer carrera musical fuera de la burbuja de la academia.<\/p>\n<p>Comenta<\/p>\n<p>Reporta un error<\/p>\n","protected":false},"excerpt":{"rendered":"Martes, 23 de septiembre 2025, 00:19 La nueva edici\u00f3n de &#8216;Operaci\u00f3n Triunfo&#8217; comienza a coger ritmo. La primera&hellip;\n","protected":false},"author":2,"featured_media":132937,"comment_status":"","ping_status":"","sticky":false,"template":"","format":"standard","meta":{"footnotes":""},"categories":[171],"tags":[45,2977,567,33606,146,147,25,24,25809,4627,825,16721,23,214],"class_list":{"0":"post-132936","1":"post","2":"type-post","3":"status-publish","4":"format-standard","5":"has-post-thumbnail","7":"category-tv","8":"tag-45","9":"tag-aviso","10":"tag-concursantes","11":"tag-encajar","12":"tag-entertainment","13":"tag-entretenimiento","14":"tag-es","15":"tag-espana","16":"tag-leire","17":"tag-mal","18":"tag-martinez","19":"tag-nominaciones","20":"tag-spain","21":"tag-tv"},"share_on_mastodon":{"url":"","error":""},"_links":{"self":[{"href":"https:\/\/www.europesays.com\/es\/wp-json\/wp\/v2\/posts\/132936","targetHints":{"allow":["GET"]}}],"collection":[{"href":"https:\/\/www.europesays.com\/es\/wp-json\/wp\/v2\/posts"}],"about":[{"href":"https:\/\/www.europesays.com\/es\/wp-json\/wp\/v2\/types\/post"}],"author":[{"embeddable":true,"href":"https:\/\/www.europesays.com\/es\/wp-json\/wp\/v2\/users\/2"}],"replies":[{"embeddable":true,"href":"https:\/\/www.europesays.com\/es\/wp-json\/wp\/v2\/comments?post=132936"}],"version-history":[{"count":0,"href":"https:\/\/www.europesays.com\/es\/wp-json\/wp\/v2\/posts\/132936\/revisions"}],"wp:featuredmedia":[{"embeddable":true,"href":"https:\/\/www.europesays.com\/es\/wp-json\/wp\/v2\/media\/132937"}],"wp:attachment":[{"href":"https:\/\/www.europesays.com\/es\/wp-json\/wp\/v2\/media?parent=132936"}],"wp:term":[{"taxonomy":"category","embeddable":true,"href":"https:\/\/www.europesays.com\/es\/wp-json\/wp\/v2\/categories?post=132936"},{"taxonomy":"post_tag","embeddable":true,"href":"https:\/\/www.europesays.com\/es\/wp-json\/wp\/v2\/tags?post=132936"}],"curies":[{"name":"wp","href":"https:\/\/api.w.org\/{rel}","templated":true}]}}