{"id":132951,"date":"2025-09-23T01:52:46","date_gmt":"2025-09-23T01:52:46","guid":{"rendered":"https:\/\/www.europesays.com\/es\/132951\/"},"modified":"2025-09-23T01:52:46","modified_gmt":"2025-09-23T01:52:46","slug":"el-dolmenes-antequera-gana-30-a-27-al-melilla-y-consigue-el-respaldo-del-fernando-arguelles","status":"publish","type":"post","link":"https:\/\/www.europesays.com\/es\/132951\/","title":{"rendered":"El D\u00f3lmenes Antequera gana 30 a 27 al Melilla y consigue el respaldo del Fernando Arg\u00fcelles"},"content":{"rendered":"<p>El\u00a0<strong>Fernando Arg\u00fcelles de Antequera\u00a0<\/strong>vibr\u00f3 con su equipo, el\u00a0<strong>D\u00f3lmenes Antequera<\/strong> que gan\u00f3 al <strong>Melilla (30-27)<\/strong> en su debut en casa, en un partido donde se palpa que el equipo est\u00e1 adapt\u00e1ndose, pero lo importante fue la victoria, pero sobre todo la respuesta de la afici\u00f3n, m\u00e1s incluso en que la \u00faltima \u00e9poca en Asobal. Se not\u00f3 la promoci\u00f3n de entradas para los chavales de los colegios.<\/p>\n<p>Vamos al partido. Hubo dos partes. En la primera, a los de Agust\u00edn Vidal les cost\u00f3 arrancar y defender. Los visitantes les pusieron en apuros con un parcial inicial de 1-4, aproxim\u00e1ndose en el marcador, pero sin conseguirlo. Pepe Mart\u00edn intent\u00f3 tirar de paradones, consiguiendo igualar la contienda, pero se fueron con un 13 a 14 al descanso.<\/p>\n<p>La segunda mitad fue diferente. Los nuestros se esmeraron m\u00e1s en defensa y aprovecharon m\u00e1s las ocasiones de ataque hasta llegar al 30 a 27 final. Gust\u00f3 ver a los nuevos y j\u00f3venes con minutos y aportando, por destacar a: Gonz\u00e1lez Ch\u00eda, Paco Andr\u00e9s y Fran Reyes. Se sumaron a un gran Fernan Moreno y Jeremy Figueredo, en un conjunto que no desentona.<\/p>\n<p>Victoria final, aunque la victoria mejor es la de enganchar al p\u00fablico. Visitar los colegios y que los ni\u00f1os lleven a los padres hacen que la grada ruja y eso viene muy bien.<\/p>\n<p>Segunda victoria, sumar es muy importante en un partido donde vimos a un Melilla que demuestra el nivel de la categor\u00eda, pero que el f\u00edsico no les dio m\u00e1s y los nuestros lo aprovecharon.<\/p>\n<p style=\"text-align: center;\"><img fetchpriority=\"high\" decoding=\"async\" class=\"alignnone size-full wp-image-202703\" src=\"https:\/\/www.europesays.com\/es\/wp-content\/uploads\/2025\/09\/bannernoticias_PinturasPedraza_2025.jpg\" alt=\"\" width=\"575\" height=\"113\"  \/><\/p>\n","protected":false},"excerpt":{"rendered":"El\u00a0Fernando Arg\u00fcelles de Antequera\u00a0vibr\u00f3 con su equipo, el\u00a0D\u00f3lmenes Antequera que gan\u00f3 al Melilla (30-27) en su debut en&hellip;\n","protected":false},"author":2,"featured_media":132952,"comment_status":"","ping_status":"","sticky":false,"template":"","format":"standard","meta":{"footnotes":""},"categories":[278],"tags":[376,168,37699,25,24,375,10255,1417,23,167],"class_list":{"0":"post-132951","1":"post","2":"type-post","3":"status-publish","4":"format-standard","5":"has-post-thumbnail","7":"category-balonmano","8":"tag-balonmano","9":"tag-deportes","10":"tag-dolmenes-antequera","11":"tag-es","12":"tag-espana","13":"tag-handball","14":"tag-melilla","15":"tag-primera-nacional","16":"tag-spain","17":"tag-sports"},"share_on_mastodon":{"url":"","error":""},"_links":{"self":[{"href":"https:\/\/www.europesays.com\/es\/wp-json\/wp\/v2\/posts\/132951","targetHints":{"allow":["GET"]}}],"collection":[{"href":"https:\/\/www.europesays.com\/es\/wp-json\/wp\/v2\/posts"}],"about":[{"href":"https:\/\/www.europesays.com\/es\/wp-json\/wp\/v2\/types\/post"}],"author":[{"embeddable":true,"href":"https:\/\/www.europesays.com\/es\/wp-json\/wp\/v2\/users\/2"}],"replies":[{"embeddable":true,"href":"https:\/\/www.europesays.com\/es\/wp-json\/wp\/v2\/comments?post=132951"}],"version-history":[{"count":0,"href":"https:\/\/www.europesays.com\/es\/wp-json\/wp\/v2\/posts\/132951\/revisions"}],"wp:featuredmedia":[{"embeddable":true,"href":"https:\/\/www.europesays.com\/es\/wp-json\/wp\/v2\/media\/132952"}],"wp:attachment":[{"href":"https:\/\/www.europesays.com\/es\/wp-json\/wp\/v2\/media?parent=132951"}],"wp:term":[{"taxonomy":"category","embeddable":true,"href":"https:\/\/www.europesays.com\/es\/wp-json\/wp\/v2\/categories?post=132951"},{"taxonomy":"post_tag","embeddable":true,"href":"https:\/\/www.europesays.com\/es\/wp-json\/wp\/v2\/tags?post=132951"}],"curies":[{"name":"wp","href":"https:\/\/api.w.org\/{rel}","templated":true}]}}