{"id":132957,"date":"2025-09-23T02:00:10","date_gmt":"2025-09-23T02:00:10","guid":{"rendered":"https:\/\/www.europesays.com\/es\/132957\/"},"modified":"2025-09-23T02:00:10","modified_gmt":"2025-09-23T02:00:10","slug":"aitana-bonmati-graba-su-nombre-en-el-balon-de-oro-por-tercera-vez-consecutiva","status":"publish","type":"post","link":"https:\/\/www.europesays.com\/es\/132957\/","title":{"rendered":"Aitana Bonmat\u00ed graba su nombre en el Bal\u00f3n de Oro por tercera vez consecutiva"},"content":{"rendered":"<p class=\"ft-text ft-helper-closenews\">Tercera corona. La maga, la futbolista que ve el f\u00fatbol como ninguna otra.<strong> Aitana Bonmat\u00ed se llev\u00f3 por tercer a\u00f1o consecutivo <\/strong>el m\u00e1ximo galard\u00f3n del f\u00fatbol.<strong> El Bal\u00f3n de Oro vuelve a Ribes, a casa de la centrocampista que encarna el juego de Johan Cruyff, de quien porta el &#8217;14&#8217; con honor y orgullo<\/strong>. \u00ab<strong>Nunca imagin\u00e9, cuando era una ni\u00f1a, que conseguir\u00eda esto<\/strong>\u00ab, confes\u00f3 la futbolista emocionada y a\u00fan un poco aturdida en Par\u00eds.<\/p>\n<p class=\"ft-text\">Sentada en la primera fila, entre<strong> Lamine Yamal y Pau Cubars\u00ed,<\/strong> miraba el escenario. Los jugadores la miraban de reojo mientras se decid\u00eda entre <strong>ella y Mariona Caldentey<\/strong>, las dos finalistas a la espera del veredicto. Son\u00f3 el nombre de la catalana por los altavoces, para sorpresa de algunos. <strong>Volvi\u00f3 a repetir el camino hacia el escenario<\/strong>, donde todos los focos regresaban a ella.<\/p>\n<p><img decoding=\"async\" src=\"https:\/\/www.europesays.com\/es\/wp-content\/uploads\/2025\/09\/3b2d3b8b-8c4c-40ec-aa21-54d20169fb04_alta-libre-aspect-ratio_default_0.jpg\" width=\"1200\" height=\"800\" alt=\"Aitana Bonmat\u00ed.\" class=\"ft-helper-img-rd\" loading=\"lazy\" hasdataaida=\"true\"\/><\/p>\n<p class=\"ft-helper-fontColor-quaternary ft-helper-fontSize-body-S ft-helper-spacer-t-xxs\">Aitana Bonmat\u00ed.  \/ FRANCK FIFE \/ AFP<\/p>\n<p class=\"ft-text\"><strong>All\u00ed la esperaba Andr\u00e9s Iniesta<\/strong>, uno de los sus grandes \u00eddolos. Era el gui\u00f3n perfecto, pero ni ella misma se cre\u00eda posible que esto sucediera. De hecho,<strong> ni se hab\u00eda preparado un discurso por si ganaba el galard\u00f3n<\/strong>, para el que no part\u00eda como favorita. Cogi\u00f3 el trofeo con las dos manos, aup\u00e1ndolo y cercandolo. Como si no fuera real, como si necesitara sentirlo m\u00e1s cerca para creerlo. Ya tras el atril, asent\u00eda mientras la platea la clamaba en v\u00edtores y aplausos.<strong> Tomaba aire, intentaba aterrizar en ese preciso momento.<\/strong> \u00abVoy a improvisar un poco. <strong>Tercera vez consecutiva. No s\u00e9 qu\u00e9 decir. <\/strong>El teatro impresiona much\u00edsimo, la verdad\u00bb, confes\u00f3 con los ojos bien abiertos, como intentando capturar en su memoria lo que estaba sucediendo.<\/p>\n<p>Con su \u00eddolo Iniesta<\/p>\n<p class=\"ft-text\">\u00abGracias a France Football por otorgarme el tercero, que perfectamente podr\u00eda haber sido de cualquiera de vosotras. Si pudiera compartilo, lo har\u00eda.<strong> Recibirlo de la mano de Andr\u00e9s Iniesta, uno de mis \u00eddolos desde peque\u00f1a junto con Xavi. He aprendido de ellos y en gran parte mi f\u00fatbol de hoy es gracias a ellos<\/strong>\u00ab, coment\u00f3 la centrocampista.<\/p>\n<p class=\"ft-text\">\u00abGracias a la organizaci\u00f3n mejorar, este es <strong>el primer a\u00f1o que tenemos los mismos premios que el masculino<\/strong>. Hoy lo hemos conseguido. Al Bar\u00e7a, a mi club, al presidente Joan Laporta, acompa\u00f1ado de la directiva, compa\u00f1eras,\u00a0staff, a<strong> todos los que reman cada d\u00eda para que nosotras sigamos creciendo. No lo conseguimos solas, es gracias a un trabajo colectivo.<\/strong> Este a\u00f1o cumplo 14 a\u00f1os en el club de mi vida\u00bb, a\u00f1adi\u00f3 poniendo en valor el trabajo hecho desde el Bar\u00e7a para que el f\u00fatbol femenino haya crecido a nivel mundial pero tambi\u00e9n en cada una de las futbolistas.<\/p>\n<p class=\"ft-text\">\u00abNunca me olvido de d\u00f3nde vengo. <strong>Gracias a mis padres, que supongo que me estar\u00e1n viendo<\/strong>. Gracias a ellos y a toda a gente que rema para que cada d\u00eda sea mejor jugadora y mejor persona. <strong>Nunca imagin\u00e9 cuando era una ni\u00f1a, que conseguir\u00eda esto. <\/strong>Siempre digo que tengo \u00eddolos como Iniesta y Xavi porque cuando era peque\u00f1a solo los ve\u00eda a ellos por la tele. <strong>Es incre\u00edble estar aqu\u00ed y hacer historia<\/strong>\u00ab, a\u00f1adi\u00f3 m\u00e1s pausada, degustando el momento.<\/p>\n<p>\u00abDar ejemplo a todo el mundo\u00bb<\/p>\n<p class=\"ft-text\">La tres veces Bal\u00f3n de Oro, antes de cerrar su discurso, quiso dar un mensaje cristalino: \u00abSomos m\u00e1s que futbolistas<strong>. Tenemos que dar ejemplo a todo el mundo para las generaciones que vienen<\/strong>\u00bb. Y es que para Aitana, cualquier altavoz es bueno y necesario para lanzar un mensaje. No hay palabras vac\u00edas y discursos encargados, la futbolista que se convirti\u00f3 este lunes en la \u00fanica en ser coronada por tercera vez (y adem\u00e1s de manera consecutiva) con el mayor galard\u00f3n del f\u00fatbol, sigue siendo la misma que antes de ganar al primero. Una p<strong>ersona sencilla, cercana y fiel a ella misma. <\/strong>Al fin y al cabo, una leyenda y una referente para todos.<\/p>\n<p class=\"ft-text\">Aitana se impuso ante<strong> Mariona Caldentey<\/strong>, su excompa\u00f1era de equipo, que le arrebat\u00f3 la final de la Champions en Lisboa en favor de las &#8216;gunners&#8217;. <strong>El tercer lugar del podio fue para Alessia Russo<\/strong>, por delante de <strong>Alexia Putellas<\/strong>, que acab\u00f3 cuarta, por delante de la heroina de Inglaterra en la Eurocopa, <strong>Chloe Kelly<\/strong>.<\/p>\n<p data-close=\"closedContent\" class=\"subscribeHideForDisplay\">Suscr\u00edbete para seguir leyendo<\/p>\n","protected":false},"excerpt":{"rendered":"Tercera corona. La maga, la futbolista que ve el f\u00fatbol como ninguna otra. Aitana Bonmat\u00ed se llev\u00f3 por&hellip;\n","protected":false},"author":2,"featured_media":132958,"comment_status":"","ping_status":"","sticky":false,"template":"","format":"standard","meta":{"footnotes":""},"categories":[268],"tags":[3519,6748,1548,4711,1547,168,25,24,280,282,42398,14043,281,23,167],"class_list":{"0":"post-132957","1":"post","2":"type-post","3":"status-publish","4":"format-standard","5":"has-post-thumbnail","7":"category-futbol","8":"tag-aitana","9":"tag-aitana-bonmati","10":"tag-alexia-putellas","11":"tag-balon","12":"tag-bonmati","13":"tag-deportes","14":"tag-es","15":"tag-espana","16":"tag-football","17":"tag-futbol","18":"tag-graba","19":"tag-nombre","20":"tag-soccer","21":"tag-spain","22":"tag-sports"},"share_on_mastodon":{"url":"","error":""},"_links":{"self":[{"href":"https:\/\/www.europesays.com\/es\/wp-json\/wp\/v2\/posts\/132957","targetHints":{"allow":["GET"]}}],"collection":[{"href":"https:\/\/www.europesays.com\/es\/wp-json\/wp\/v2\/posts"}],"about":[{"href":"https:\/\/www.europesays.com\/es\/wp-json\/wp\/v2\/types\/post"}],"author":[{"embeddable":true,"href":"https:\/\/www.europesays.com\/es\/wp-json\/wp\/v2\/users\/2"}],"replies":[{"embeddable":true,"href":"https:\/\/www.europesays.com\/es\/wp-json\/wp\/v2\/comments?post=132957"}],"version-history":[{"count":0,"href":"https:\/\/www.europesays.com\/es\/wp-json\/wp\/v2\/posts\/132957\/revisions"}],"wp:featuredmedia":[{"embeddable":true,"href":"https:\/\/www.europesays.com\/es\/wp-json\/wp\/v2\/media\/132958"}],"wp:attachment":[{"href":"https:\/\/www.europesays.com\/es\/wp-json\/wp\/v2\/media?parent=132957"}],"wp:term":[{"taxonomy":"category","embeddable":true,"href":"https:\/\/www.europesays.com\/es\/wp-json\/wp\/v2\/categories?post=132957"},{"taxonomy":"post_tag","embeddable":true,"href":"https:\/\/www.europesays.com\/es\/wp-json\/wp\/v2\/tags?post=132957"}],"curies":[{"name":"wp","href":"https:\/\/api.w.org\/{rel}","templated":true}]}}