{"id":132969,"date":"2025-09-23T02:10:12","date_gmt":"2025-09-23T02:10:12","guid":{"rendered":"https:\/\/www.europesays.com\/es\/132969\/"},"modified":"2025-09-23T02:10:12","modified_gmt":"2025-09-23T02:10:12","slug":"pokemon-escarlata-y-purpura-regalan-a-miraidon-y-koraidon-shiny","status":"publish","type":"post","link":"https:\/\/www.europesays.com\/es\/132969\/","title":{"rendered":"Pok\u00e9mon Escarlata y P\u00farpura regalan a Miraidon y Koraidon Shiny"},"content":{"rendered":"<p>\u00bfQuieres conseguir a <strong>Miraidon y Koraidon Shiny<\/strong> en <strong><a href=\"https:\/\/nintenduo.com\/juegos\/pokemon-escarlata\/\" rel=\"nofollow noopener\" target=\"_blank\">Pok\u00e9mon Escarlata<\/a> y <a href=\"https:\/\/nintenduo.com\/juegos\/pokemon-purpura\/\" rel=\"nofollow noopener\" target=\"_blank\">P\u00farpura<\/a><\/strong>? The Pok\u00e9mon Company ha anunciado un evento especial para que todos los jugadores puedan conseguir las <strong>formas Variocolor de los Pok\u00e9mon Legendarios de Paldea<\/strong>.<\/p>\n<p>Es un evento que ya se ha confirmado en <strong>Europa, Jap\u00f3n, Am\u00e9rica, Australia y Nueva Zelanda<\/strong>, y que dar\u00e1 comienzo el <strong>26 de septiembre de 2025 <\/strong>en diferentes tiendas. De hecho, a continuaci\u00f3n recopilamos las tiendas en las que se regalar\u00e1n estos Pok\u00e9mon, a trav\u00e9s de <strong>C\u00f3digos de Regalo Misterioso<\/strong>:<\/p>\n<ul class=\"wp-block-list\">\n<li><strong>Estados Unidos <\/strong>\u2013 Gamestop.<\/li>\n<li><strong>Canad\u00e1, Australia y Nueva Zelanda<\/strong> \u2013 EB Games.<\/li>\n<li><strong>Europa (Francia)<\/strong> \u2013 Micromania.<\/li>\n<\/ul>\n<blockquote class=\"twitter-tweet\">\n<p lang=\"es\" dir=\"ltr\">El evento de Pok\u00e9mon Escarlata y P\u00farpura de Koraidon Shiny \ud83d\udcab y Miraidon Shiny \ud83d\udcab se ha confirmado en las tiendas de Micromania (Francia) a partir del 26 de septiembre.<\/p>\n<p>(Sin noticias de Espa\u00f1a o LATAM) <a href=\"https:\/\/t.co\/p7DLf6CWtu\" rel=\"nofollow\">pic.twitter.com\/p7DLf6CWtu<\/a><\/p>\n<p>\u2014 Pok\u00e9Xperto (@pokexperto) <a href=\"https:\/\/twitter.com\/pokexperto\/status\/1969063266283372874?ref_src=twsrc%5Etfw\" rel=\"nofollow noopener\" target=\"_blank\">September 19, 2025<\/a><\/p><\/blockquote>\n<p>Por ahora<strong> no hay confirmaci\u00f3n en Espa\u00f1a<\/strong>, pero es cuesti\u00f3n de tiempo que se formalice el anuncio, y todo apunta a que, <a href=\"https:\/\/nintenduo.com\/como-conseguir-eternatus-shiny-pokemon-espada-escudo-casa\/\" rel=\"nofollow noopener\" target=\"_blank\">como sucedi\u00f3 con Eternatus Shiny<\/a>, el regalo se de a trav\u00e9s de las <strong>tiendas GAME <\/strong>del pa\u00eds.<\/p>\n<p>Permaneceremos atentos a m\u00e1s detalles y actualizaremos para que sep\u00e1is c\u00f3mo <strong>conseguir a Miraidon Shiny y Koraidon Shiny<\/strong> con este evento de Regalo Misterioso de Pok\u00e9mon Escarlata y P\u00farpura.<\/p>\n<p><a href=\"https:\/\/www.gamespot.com\/articles\/get-a-free-shiny-koraidon-and-miraidon-in-pokemon-scarlet-and-violet\/1100-6534715\/\" target=\"_blank\" rel=\"noreferrer noopener nofollow\">Fuente 1<\/a> | <a href=\"https:\/\/x.com\/pokexperto\/status\/1969063266283372874\" target=\"_blank\" rel=\"noreferrer noopener nofollow\">Fuente 2<\/a><\/p>\n<p><script async src=\"https:\/\/platform.twitter.com\/widgets.js\" charset=\"utf-8\"><\/script><\/p>\n","protected":false},"excerpt":{"rendered":"\u00bfQuieres conseguir a Miraidon y Koraidon Shiny en Pok\u00e9mon Escarlata y P\u00farpura? The Pok\u00e9mon Company ha anunciado un&hellip;\n","protected":false},"author":2,"featured_media":132970,"comment_status":"","ping_status":"","sticky":false,"template":"","format":"standard","meta":{"footnotes":""},"categories":[81],"tags":[119,123,124,25,24,117,121,122,23,118,120],"class_list":{"0":"post-132969","1":"post","2":"type-post","3":"status-publish","4":"format-standard","5":"has-post-thumbnail","7":"category-ciencia-y-tecnologia","8":"tag-ciencia","9":"tag-ciencia-y-tecnologia","10":"tag-cienciaytecnologia","11":"tag-es","12":"tag-espana","13":"tag-science","14":"tag-science-and-technology","15":"tag-scienceandtechnology","16":"tag-spain","17":"tag-technology","18":"tag-tecnologia"},"share_on_mastodon":{"url":"","error":""},"_links":{"self":[{"href":"https:\/\/www.europesays.com\/es\/wp-json\/wp\/v2\/posts\/132969","targetHints":{"allow":["GET"]}}],"collection":[{"href":"https:\/\/www.europesays.com\/es\/wp-json\/wp\/v2\/posts"}],"about":[{"href":"https:\/\/www.europesays.com\/es\/wp-json\/wp\/v2\/types\/post"}],"author":[{"embeddable":true,"href":"https:\/\/www.europesays.com\/es\/wp-json\/wp\/v2\/users\/2"}],"replies":[{"embeddable":true,"href":"https:\/\/www.europesays.com\/es\/wp-json\/wp\/v2\/comments?post=132969"}],"version-history":[{"count":0,"href":"https:\/\/www.europesays.com\/es\/wp-json\/wp\/v2\/posts\/132969\/revisions"}],"wp:featuredmedia":[{"embeddable":true,"href":"https:\/\/www.europesays.com\/es\/wp-json\/wp\/v2\/media\/132970"}],"wp:attachment":[{"href":"https:\/\/www.europesays.com\/es\/wp-json\/wp\/v2\/media?parent=132969"}],"wp:term":[{"taxonomy":"category","embeddable":true,"href":"https:\/\/www.europesays.com\/es\/wp-json\/wp\/v2\/categories?post=132969"},{"taxonomy":"post_tag","embeddable":true,"href":"https:\/\/www.europesays.com\/es\/wp-json\/wp\/v2\/tags?post=132969"}],"curies":[{"name":"wp","href":"https:\/\/api.w.org\/{rel}","templated":true}]}}