{"id":132975,"date":"2025-09-23T02:16:11","date_gmt":"2025-09-23T02:16:11","guid":{"rendered":"https:\/\/www.europesays.com\/es\/132975\/"},"modified":"2025-09-23T02:16:11","modified_gmt":"2025-09-23T02:16:11","slug":"otro-premio-para-jose-luis-ramon-avance-taurino","status":"publish","type":"post","link":"https:\/\/www.europesays.com\/es\/132975\/","title":{"rendered":"Otro premio para Jos\u00e9 Luis Ram\u00f3n \u2013 Avance Taurino"},"content":{"rendered":"<p>Ha sido galardonado con el premio Doctor Z\u00famel de literatura taurina.<\/p>\n<p>\u00a0<\/p>\n<p>En un acto al que asistieron numerosos invitados, el\u00a0s\u00e1bado pasado fue entregado en Madrid el prestigioso Premio Literario-Taurino Internacional Doctor Z\u00famel, el m\u00e1s importante de\u00a0cuantos de tem\u00e1tica taurina que se conceden en Espa\u00f1a. Fundado y patrocinado por David Shohet El\u00edas,el galard\u00f3n ha alcanzado este a\u00f1o su 37\u00aa edici\u00f3n.<\/p>\n<p>El tema obligado del concurso era \u201cTauromaquia del siglo XXI: Toros, Toreros y nuevas suertes del toreo\u201d, y los premiados fueron el periodista y escritor Jos\u00e9 Luis Ram\u00f3n (primer premio) y Roberto Rodr\u00edguez Guti\u00e9rrez (segundo premio).<\/p>\n<p>Rosa Basante, presidenta del jurado, indic\u00f3 que al concurso se hab\u00edan presentado obras de gran calidad, al tiempo que se\u00f1al\u00f3 que el premio concedido a Jos\u00e9 Luis Ram\u00f3n se hab\u00eda otorgado por unanimidad.<\/p>\n<p>Es la segunda vez que este autor conquista este galard\u00f3n, pues tambi\u00e9n lo obtuvo en 1999.<\/p>\n","protected":false},"excerpt":{"rendered":"Ha sido galardonado con el premio Doctor Z\u00famel de literatura taurina. \u00a0 En un acto al que asistieron&hellip;\n","protected":false},"author":2,"featured_media":132976,"comment_status":"","ping_status":"","sticky":false,"template":"","format":"standard","meta":{"footnotes":""},"categories":[277],"tags":[373,168,25,24,23,167,374],"class_list":{"0":"post-132975","1":"post","2":"type-post","3":"status-publish","4":"format-standard","5":"has-post-thumbnail","7":"category-toreo","8":"tag-bullfighting","9":"tag-deportes","10":"tag-es","11":"tag-espana","12":"tag-spain","13":"tag-sports","14":"tag-toreo"},"share_on_mastodon":{"url":"","error":""},"_links":{"self":[{"href":"https:\/\/www.europesays.com\/es\/wp-json\/wp\/v2\/posts\/132975","targetHints":{"allow":["GET"]}}],"collection":[{"href":"https:\/\/www.europesays.com\/es\/wp-json\/wp\/v2\/posts"}],"about":[{"href":"https:\/\/www.europesays.com\/es\/wp-json\/wp\/v2\/types\/post"}],"author":[{"embeddable":true,"href":"https:\/\/www.europesays.com\/es\/wp-json\/wp\/v2\/users\/2"}],"replies":[{"embeddable":true,"href":"https:\/\/www.europesays.com\/es\/wp-json\/wp\/v2\/comments?post=132975"}],"version-history":[{"count":0,"href":"https:\/\/www.europesays.com\/es\/wp-json\/wp\/v2\/posts\/132975\/revisions"}],"wp:featuredmedia":[{"embeddable":true,"href":"https:\/\/www.europesays.com\/es\/wp-json\/wp\/v2\/media\/132976"}],"wp:attachment":[{"href":"https:\/\/www.europesays.com\/es\/wp-json\/wp\/v2\/media?parent=132975"}],"wp:term":[{"taxonomy":"category","embeddable":true,"href":"https:\/\/www.europesays.com\/es\/wp-json\/wp\/v2\/categories?post=132975"},{"taxonomy":"post_tag","embeddable":true,"href":"https:\/\/www.europesays.com\/es\/wp-json\/wp\/v2\/tags?post=132975"}],"curies":[{"name":"wp","href":"https:\/\/api.w.org\/{rel}","templated":true}]}}