{"id":132980,"date":"2025-09-23T02:24:12","date_gmt":"2025-09-23T02:24:12","guid":{"rendered":"https:\/\/www.europesays.com\/es\/132980\/"},"modified":"2025-09-23T02:24:12","modified_gmt":"2025-09-23T02:24:12","slug":"alejandra-osborne-revela-como-se-entero-de-la-nueva-paternidad-de-bertin-con-gabriela-guillen","status":"publish","type":"post","link":"https:\/\/www.europesays.com\/es\/132980\/","title":{"rendered":"Alejandra Osborne revela c\u00f3mo se enter\u00f3 de la nueva paternidad de Bert\u00edn con Gabriela Guill\u00e9n"},"content":{"rendered":"<p><strong>Alejandra Osborne<\/strong> ha acudido al plat\u00f3 de Y ahora Sonsoles, donde <a href=\"https:\/\/okdiario.com\/look\/actualidad\/alejandra-osborne-hija-mayor-pieza-clave-familia-del-cantante-2143189\" rel=\"nofollow noopener\" target=\"_blank\">ha recordado algunos de los eventos m\u00e1s impactantes de su vida<\/a> y que la han marcado profundamente. Entre ellos, se encuentra el \u00abtraum\u00e1tico\u00bb divorcio de sus padres, cuando ella ten\u00eda apenas 10 a\u00f1os, o la dolorosa p\u00e9rdida de su madre, Sandra Domecq, a causa de un c\u00e1ncer. Un<strong> aut\u00e9ntico shock tanto para ella<\/strong>, como para sus hermanas, que a d\u00eda de hoy la siguen recordando con un inmenso cari\u00f1o.<\/p>\n<p>Sin embargo, ella destaca que una de las situaciones m\u00e1s dolorosas fue enterarse por la televisi\u00f3n de su fallecimiento. <strong>\u00abHay gente que puede hacer mucho da\u00f1o\u00bb<\/strong>, se ha lamentado.<\/p>\n<blockquote class=\"twitter-tweet\">\n<p dir=\"ltr\" lang=\"es\">\ud83d\udde3\ufe0f Alejandra Osborne: \u201cCuando mi madre se puso enferma fue una \u00e9poca dura\u00bb.<a href=\"https:\/\/twitter.com\/hashtag\/YAS22Sep?src=hash&amp;ref_src=twsrc%5Etfw\" rel=\"nofollow noopener\" target=\"_blank\">#YAS22Sep<\/a> \u25b6\ufe0f <a href=\"https:\/\/t.co\/Zbpc7ajfOk\" rel=\"nofollow\">https:\/\/t.co\/Zbpc7ajfOk<\/a> <a href=\"https:\/\/t.co\/3oB6cvPj7L\" rel=\"nofollow\">pic.twitter.com\/3oB6cvPj7L<\/a><\/p>\n<p>\u2014 Y Ahora Sonsoles (@YAhoraSonsoles) <a href=\"https:\/\/twitter.com\/YAhoraSonsoles\/status\/1970177951997272137?ref_src=twsrc%5Etfw\" rel=\"nofollow noopener\" target=\"_blank\">September 22, 2025<\/a><\/p>\n<\/blockquote>\n<p>Y es que no cabe duda de que Alejandra ejerce <strong>un papel clave dentro de su familia<\/strong>, que la lleva incluso a compartir proyectos profesionales con sus hermanas, &#8211;<strong>Alejandra, Eugenia, Claudia y Ana Cristina<\/strong>-, demostrando lo unidas que est\u00e1n. Una magnifica relaci\u00f3n que tambi\u00e9n mantiene con Carlos y Kike, fruto del matrimonio de Bert\u00edn con Fabiola Mart\u00ednez.<\/p>\n<p><strong>\u00abSiempre han procurado que seamos una pi\u00f1a, son muchos a\u00f1os y nos adoramos\u00bb,<\/strong> ha comentado sobre su relaci\u00f3n con la modelo y empresaria.\u00a0Una gran familia, a la que hace poco de incorporaba el peque\u00f1o David, el hijo que Bert\u00edn ha tenido con Gabriela Guill\u00e9n.<\/p>\n<p>\n<img decoding=\"async\" loading=\"lazy\" class=\"wp-image-2385423 size-full\" alt=\"Alejandra Osborne en 'Y ahora Sonsoles'. (Foto: Gtres)\" width=\"1028\" height=\"565\"  src=\"https:\/\/www.europesays.com\/es\/wp-content\/uploads\/2025\/09\/1758214691_923_placeholder.jpg\"  bad-src=\"https:\/\/www.europesays.com\/es\/wp-content\/uploads\/2025\/09\/1758214691_923_placeholder.jpg\"\/><\/p>\n<p><img decoding=\"async\" loading=\"lazy\" class=\"wp-image-2385423 size-full\" src=\"https:\/\/www.europesays.com\/es\/wp-content\/uploads\/2025\/09\/sin-titulo.png\" alt=\"Alejandra Osborne en 'Y ahora Sonsoles'. (Foto: Gtres)\" width=\"1028\" height=\"565\"  \/><\/p>\n<p> Alejandra Osborne en \u2018Y ahora Sonsoles\u2019. (Foto: Gtres)\n<\/p>\n<p>Respecto a <a href=\"https:\/\/okdiario.com\/look\/actualidad\/bertin-osborne-cara-b-posado-hijo-estrategica-indumentaria-distancia-gabriela-guillen-2360340\" rel=\"nofollow noopener\" target=\"_blank\">la pol\u00e9mica portada que protagonizaban hace poco Osborne y Gabriela junto al peque\u00f1o<\/a>, Alejandra tampoco ha dudado en pronunciarse. \u00ab<strong>No nos pidi\u00f3 permiso, simplemente nos lo comunic\u00f3<\/strong>. No nos tiene que pedir permiso, porque \u00e9l nunca se ha metido en nuestra vida y nosotros tampoco en la suya\u00bb, asegura. \u00abVer, o\u00edr y callar\u00bb.<\/p>\n<p>\n<img decoding=\"async\" loading=\"lazy\" class=\"size-medium wp-image-2313437\" alt=\"Gabriela Guill\u00e9n, Bert\u00edn Osborne\" width=\"620\" height=\"349\"  src=\"https:\/\/www.europesays.com\/es\/wp-content\/uploads\/2025\/09\/1758214691_923_placeholder.jpg\"  bad-src=\"https:\/\/www.europesays.com\/es\/wp-content\/uploads\/2025\/09\/1758214691_923_placeholder.jpg\"\/><\/p>\n<p><img decoding=\"async\" loading=\"lazy\" class=\"size-medium wp-image-2313437\" src=\"https:\/\/www.europesays.com\/es\/wp-content\/uploads\/2025\/09\/gab-620x349.jpg\" alt=\"Gabriela Guill\u00e9n, Bert\u00edn Osborne\" width=\"620\" height=\"349\"  \/><\/p>\n<p> Gabriela Guill\u00e9n y Bert\u00edn Osborne. (Foto: Gtres)\n<\/p>\n<p>Del mismo modo, ella afirma que todav\u00eda no conoce al \u00faltimo miembro de la familia, aunque espera que llegue el momento. Y no solo eso, sino que ha desvelado la forma en la que se enter\u00f3 de que su padre iba a tener otro hijo con 70 a\u00f1os.<\/p>\n<p>Al parecer, <strong>Alejandra se encontraba en una reuni\u00f3n cuando su padre le llam\u00f3 para cont\u00e1rselo<\/strong>. En ese momento, la empresaria se quedaba totalmente en shock, y reconoce que le costaba asimilar la noticia. \u00abPens\u00e1bamos que ya se hab\u00eda cortado la coleta, porque lleva dici\u00e9ndolo desde hace a\u00f1os, pero no\u00bb, ha apuntado entre risas.<\/p>\n<blockquote class=\"twitter-tweet\">\n<p dir=\"ltr\" lang=\"es\">\ud83d\udde3\ufe0fAlejandra, la hija mayor de Bert\u00edn Osborne: \u00abCuando me dijo que iba a tener otro hijo, me tuve que ir del trabajo\u00bb<a href=\"https:\/\/twitter.com\/hashtag\/YAS22Sep?src=hash&amp;ref_src=twsrc%5Etfw\" rel=\"nofollow noopener\" target=\"_blank\">#YAS22Sep<\/a> <a href=\"https:\/\/t.co\/EnWEf43mie\" rel=\"nofollow\">https:\/\/t.co\/EnWEf43mie<\/a><\/p>\n<p>\u2014 Y Ahora Sonsoles (@YAhoraSonsoles) <a href=\"https:\/\/twitter.com\/YAhoraSonsoles\/status\/1970190112962068563?ref_src=twsrc%5Etfw\" rel=\"nofollow noopener\" target=\"_blank\">September 22, 2025<\/a><\/p>\n<\/blockquote>\n<p>En cuanto a Gabriela, la ha definido como <strong>\u00abuna chica maravillosa\u00bb.<\/strong> Ah\u00ed, Sonsoles \u00d3nega ha aprovechado para sacar el tema del posible reparto de la herencia de Bert\u00edn.<\/p>\n<p><strong>\u00abNo me gusta pensar en eso, me parece muy feo\u00bb<\/strong>, ha argumentado Alejandra. Y es que ella asegura que est\u00e1 totalmente dispuesta a renunciar a la misma. \u00abUn d\u00eda le dije a Fabiola: \u00a1pero si yo no quiero nada de esto! \u00bfC\u00f3mo puedo renunciar?\u00bb, ha declarado en tono de broma.<\/p>\n<p>\t\t\t\t\t\t\t<script async src=\"https:\/\/platform.twitter.com\/widgets.js\" charset=\"utf-8\"><\/script><\/p>\n","protected":false},"excerpt":{"rendered":"Alejandra Osborne ha acudido al plat\u00f3 de Y ahora Sonsoles, donde ha recordado algunos de los eventos m\u00e1s&hellip;\n","protected":false},"author":2,"featured_media":132981,"comment_status":"","ping_status":"","sticky":false,"template":"","format":"standard","meta":{"footnotes":""},"categories":[174],"tags":[42399,255,146,147,25,24,256,23],"class_list":{"0":"post-132980","1":"post","2":"type-post","3":"status-publish","4":"format-standard","5":"has-post-thumbnail","7":"category-famosos","8":"tag-alejandra-osborne","9":"tag-celebrities","10":"tag-entertainment","11":"tag-entretenimiento","12":"tag-es","13":"tag-espana","14":"tag-famosos","15":"tag-spain"},"share_on_mastodon":{"url":"","error":""},"_links":{"self":[{"href":"https:\/\/www.europesays.com\/es\/wp-json\/wp\/v2\/posts\/132980","targetHints":{"allow":["GET"]}}],"collection":[{"href":"https:\/\/www.europesays.com\/es\/wp-json\/wp\/v2\/posts"}],"about":[{"href":"https:\/\/www.europesays.com\/es\/wp-json\/wp\/v2\/types\/post"}],"author":[{"embeddable":true,"href":"https:\/\/www.europesays.com\/es\/wp-json\/wp\/v2\/users\/2"}],"replies":[{"embeddable":true,"href":"https:\/\/www.europesays.com\/es\/wp-json\/wp\/v2\/comments?post=132980"}],"version-history":[{"count":0,"href":"https:\/\/www.europesays.com\/es\/wp-json\/wp\/v2\/posts\/132980\/revisions"}],"wp:featuredmedia":[{"embeddable":true,"href":"https:\/\/www.europesays.com\/es\/wp-json\/wp\/v2\/media\/132981"}],"wp:attachment":[{"href":"https:\/\/www.europesays.com\/es\/wp-json\/wp\/v2\/media?parent=132980"}],"wp:term":[{"taxonomy":"category","embeddable":true,"href":"https:\/\/www.europesays.com\/es\/wp-json\/wp\/v2\/categories?post=132980"},{"taxonomy":"post_tag","embeddable":true,"href":"https:\/\/www.europesays.com\/es\/wp-json\/wp\/v2\/tags?post=132980"}],"curies":[{"name":"wp","href":"https:\/\/api.w.org\/{rel}","templated":true}]}}