{"id":132982,"date":"2025-09-23T02:27:11","date_gmt":"2025-09-23T02:27:11","guid":{"rendered":"https:\/\/www.europesays.com\/es\/132982\/"},"modified":"2025-09-23T02:27:11","modified_gmt":"2025-09-23T02:27:11","slug":"el-desesperado-llanto-de-camilota-por-la-salud-de-thiago-medina-esta-con-los-pulmones-comprometidos","status":"publish","type":"post","link":"https:\/\/www.europesays.com\/es\/132982\/","title":{"rendered":"El desesperado llanto de Camilota por la salud de Thiago Medina: \u201cEst\u00e1 con los pulmones comprometidos\u201d"},"content":{"rendered":"<p>Camila habla de la salud de su hermano Thiago, pidi\u00f3 luz y esperanza para su pronta mejor\u00eda<\/p>\n<p class=\"paragraph\">En las \u00faltimas horas<b> <\/b><a rel=\"noopener noreferrer nofollow\" href=\"https:\/\/www.infobae.com\/tag\/camilota\/\" target=\"_blank\" title=\"https:\/\/www.infobae.com\/tag\/camilota\/\"><b>Camilota<\/b><\/a>, la hermana de <a rel=\"noopener noreferrer nofollow\" href=\"https:\/\/www.infobae.com\/tag\/thiago-medina\/\" target=\"_blank\" title=\"https:\/\/www.infobae.com\/tag\/thiago-medina\/\"><b>Thiago Medina<\/b><\/a> subi\u00f3 varios posteos y un video con mucha emoci\u00f3n. Comenz\u00f3 diciendo algunas palabras, pero luego termin\u00f3 quebrada por el llanto: \u201cHola, gente. Bueno, vengo ac\u00e1 a pedirle a todos aquellos que creen, todos aquellos creyentes que <b>oremos por la vida de Thiago Agust\u00edn Medina\u00bb.<\/b><\/p>\n<p class=\"paragraph\">\u201cEst\u00e1 con los pulmones comprometidos. Ayer y hoy tuvo fiebre, as\u00ed que le pido de todo coraz\u00f3n como hermana, como todos que estamos pasando un mal momento, que oremos por \u00e9l, oremos por, <b>por \u00e9l y por todos los que est\u00e1n en terapia intensiva.<\/b> Pero en este momento me toc\u00f3 a m\u00ed vivir esto con mi familia. Oremos por la vida de cada uno. <b>Brisa tambi\u00e9n est\u00e1 mal, todo lo que est\u00e1 pasando le est\u00e1 afectando porque es melliza de Thiago.<\/b> As\u00ed que nada, les pido con la desesperaci\u00f3n como hermana que oremos por \u00e9l\u201d, enfatiz\u00f3. <\/p>\n<p><img alt=\"Camilota incondicional al lado de\" class=\"global-image\" decoding=\"async\" fetchpriority=\"low\" height=\"1080\" loading=\"lazy\" src=\"https:\/\/www.europesays.com\/es\/wp-content\/uploads\/2025\/09\/NRO73MLT7RCCZPQCL5NNMC23LI.jpg\" width=\"1920\"\/>Camilota incondicional al lado de su hermano<\/p>\n<p class=\"paragraph\">La preocupaci\u00f3n por la evoluci\u00f3n de <a rel=\"noopener noreferrer nofollow\" href=\"https:\/\/www.infobae.com\/teleshow\/2025\/09\/17\/la-advertencia-de-daniela-celis-a-thiago-medina-antes-del-accidente-que-sufrio-con-su-moto-acordate-de-el-noba\/\" target=\"_blank\" title=\"https:\/\/www.infobae.com\/teleshow\/2025\/09\/17\/la-advertencia-de-daniela-celis-a-thiago-medina-antes-del-accidente-que-sufrio-con-su-moto-acordate-de-el-noba\/\"><b>Thiago Medina<\/b><\/a> se intensific\u00f3 tras el reciente mensaje difundido por Camila, donde solicit\u00f3 el apoyo espiritual de la comunidad ante el delicado estado de salud del ex participante de Gran Hermano. <b>\u201cQueremos pedirles, desde lo m\u00e1s profundo del coraz\u00f3n, que nos acompa\u00f1en con sus oraciones y buenas energ\u00edas por la salud de Thiago Medina. Hoy necesitamos rodearlo de fe, de luz y de esperanza, especialmente por sus pulmones, para que se fortalezcan y le den la fuerza que necesita en este momento\u201d<\/b>, escribi\u00f3 en su cuenta, apelando a la solidaridad de sus seguidores. Adem\u00e1s subi\u00f3 un video contando algunos detalles sobre su hermano y estado de salud despu\u00e9s de la operaci\u00f3n<\/p>\n<p><img alt=\"Camila y su posteo pidiendo\" class=\"global-image\" decoding=\"async\" fetchpriority=\"low\" height=\"3390\" loading=\"lazy\" src=\"https:\/\/www.europesays.com\/es\/wp-content\/uploads\/2025\/09\/SOPNB7X4QNBQZANKC3HHXWX5BI.jpg\" width=\"1920\"\/>Camila y su posteo pidiendo por la salud de su hermano<\/p>\n<p class=\"paragraph\">El viernes pasado,<a rel=\"noopener noreferrer nofollow\" href=\"https:\/\/www.infobae.com\/teleshow\/2025\/09\/21\/alfa-conto-detalles-desconocidos-de-thiago-medina-previo-al-grave-accidente-estaba-triste-por-todo\/\" target=\"_blank\" title=\"https:\/\/www.infobae.com\/teleshow\/2025\/09\/21\/alfa-conto-detalles-desconocidos-de-thiago-medina-previo-al-grave-accidente-estaba-triste-por-todo\/\"> <b>Thiago Medina<\/b><\/a> fue sometido a una intervenci\u00f3n quir\u00fargica para reparar la parrilla costal. Aunque la operaci\u00f3n fue considerada exitosa, la familia inform\u00f3 que los pulmones del joven presentaban un da\u00f1o considerable, lo que mantiene en vilo a su entorno y a quienes siguen de cerca su recuperaci\u00f3n. <b>\u201cCada palabra, cada pensamiento positivo y cada plegaria cuentan. Creemos en el poder de la uni\u00f3n y en que, juntos, podemos enviarle toda la energ\u00eda para que salga adelante\u201d<\/b>, agreg\u00f3 la participante de Cuesti\u00f3n de peso en su publicaci\u00f3n, reforzando el pedido de acompa\u00f1amiento colectivo.<\/p>\n<p><img alt=\"Camila subi\u00f3 un video hablando\" class=\"global-image\" decoding=\"async\" fetchpriority=\"low\" height=\"1080\" loading=\"lazy\" src=\"https:\/\/www.europesays.com\/es\/wp-content\/uploads\/2025\/09\/JSTK2M5RBFF3FKTDM6TICS643Y.jpg\" width=\"1920\"\/>Camila subi\u00f3 un video hablando de la salud de su hermano Thiago<\/p>\n<p class=\"paragraph\">Esta tarde voceros del Ministerio de Salud de la Provincia de Buenos Aires en comunicaci\u00f3n con <b>Teleshow<\/b> aclararon que hoy no se emiti\u00f3 un comunicado sobre la salud del exparticipante del reality show de Telefe, pero aclararon que el paciente continuaba estable.<\/p>\n<p><img alt=\"Camila habla de la salud\" class=\"global-image\" decoding=\"async\" fetchpriority=\"low\" height=\"3413\" loading=\"lazy\" src=\"https:\/\/www.europesays.com\/es\/wp-content\/uploads\/2025\/09\/ZICZFHWFYZE3HN5QPMIO2NU6RA.jpg\" width=\"1920\"\/>Camila habla de la salud de su hermano Thiago<\/p>\n<p class=\"paragraph\"><b>Daniela Celis inform\u00f3 este finde semana sobre la evoluci\u00f3n de la salud de su expareja<\/b>, quien permanece en estado estable bajo asistencia respiratoria mec\u00e1nica y sedaci\u00f3n. La exparticipante de Gran Hermano detall\u00f3 que <b>los pulmones son el \u00f3rgano m\u00e1s afectado<\/b> y que la recuperaci\u00f3n se eval\u00faa diariamente. <a rel=\"noopener noreferrer nofollow\" href=\"https:\/\/www.infobae.com\/teleshow\/2025\/09\/18\/el-conmovedor-relato-de-los-hermanos-de-thiago-medina-en-plena-vigilia-por-su-salud-es-un-orgullo-para-la-familia\/\" target=\"_blank\" title=\"https:\/\/www.infobae.com\/teleshow\/2025\/09\/18\/el-conmovedor-relato-de-los-hermanos-de-thiago-medina-en-plena-vigilia-por-su-salud-es-un-orgullo-para-la-familia\/\"><b>Celis reiter\u00f3 el pedido de oraci\u00f3n y acompa\u00f1amiento para el padre de sus hijas, subrayando la incertidumbre que atraviesa la familia.<\/b><\/a><\/p>\n<p class=\"paragraph\"><b>El accidente que provoc\u00f3 la internaci\u00f3n de Medina ocurri\u00f3 el viernes 12 de septiembre, cuando sufri\u00f3 un grave incidente con su motocicleta. Debido a la gravedad de las lesiones, fue trasladado de inmediato al hospital de Moreno e ingres\u00f3 en terapia intensiva.<\/b> Los partes m\u00e9dicos posteriores mencionaron estados febriles persistentes<b> <\/b>que demoraron la cirug\u00eda, la cual finalmente se realiz\u00f3 cuando su condici\u00f3n lo permiti\u00f3, enfoc\u00e1ndose en la recuperaci\u00f3n de la funci\u00f3n tor\u00e1cica. El viernes se llev\u00f3 a cabo una intervenci\u00f3n quir\u00fargica de cuatro horas y media, coordinada entre el<b> Hospital Mariano y Luciano de la Vega y el Hospital de Alta Complejidad Bicentenario.<\/b> <\/p>\n<p><img alt=\"Camila Deniz y toda su\" class=\"global-image\" decoding=\"async\" fetchpriority=\"low\" height=\"1080\" loading=\"lazy\" src=\"https:\/\/www.europesays.com\/es\/wp-content\/uploads\/2025\/09\/URG7KD6CMBHYHC7ANWPJGCSCHU.jpg\" width=\"1920\"\/>Camila Deniz y toda su familia piden por la pronta recuperaci\u00f3n de Thiago<\/p>\n<p class=\"paragraph\">Durante la operaci\u00f3n, se reconstruy\u00f3 la parrilla costal, lo que permiti\u00f3 una mejora en la situaci\u00f3n hemodin\u00e1mica y respiratoria. <b>Los m\u00e9dicos informaron que la cirug\u00eda transcurri\u00f3 sin complicaciones y que, tras el procedimiento, Medina regres\u00f3 a terapia intensiva, donde permanece bajo monitoreo constante y sin requerir f\u00e1rmacos especiales para mantener la presi\u00f3n arterial<\/b>.<\/p>\n<p class=\"paragraph\"><b>La primera comunicaci\u00f3n oficial sobre el estado cl\u00ednico de Medin<\/b>a fue emitida por el hospital Mariano y Luciano de la Vega y el Ministerio de Salud de la provincia de Buenos Aires, <b>confirmando su estabilidad y la ausencia de necesidad de inotr\u00f3picos. <\/b><\/p>\n<p><img alt=\"Daniela Celis y Thiago Medina\" class=\"global-image\" decoding=\"async\" fetchpriority=\"low\" height=\"1080\" loading=\"lazy\" src=\"https:\/\/www.europesays.com\/es\/wp-content\/uploads\/2025\/09\/SNXR3C2AHNDN5K7GSOKX2M726Y.jpg\" width=\"1920\"\/>Daniela Celis y Thiago Medina cuando mostraron las primeras im\u00e1genes de sus gemelas <\/p>\n<p class=\"paragraph\">El pron\u00f3stico se mantiene reservado, a la espera de la evoluci\u00f3n en las pr\u00f3ximas horas. <b>Par\u00e1metros respiratorios adecuados<\/b> y la respuesta positiva a la asistencia mec\u00e1nica han sido destacados por los equipos m\u00e9dicos. En el entorno familiar,<b> <\/b>Daniela Celis ha reorganizado su rutina para priorizar el cuidado de sus hijas, suspendiendo actividades laborales y manteniendo la presencia paterna a trav\u00e9s de gestos cotidianos. El apoyo de familiares y seguidores se refleja en mensajes de aliento y cadenas de oraci\u00f3n difundidas en redes sociales, mientras el c\u00edrculo \u00edntimo agradece la solidaridad y sigue atento a la evoluci\u00f3n diaria del joven.<\/p>\n","protected":false},"excerpt":{"rendered":"Camila habla de la salud de su hermano Thiago, pidi\u00f3 luz y esperanza para su pronta mejor\u00eda En&hellip;\n","protected":false},"author":2,"featured_media":132983,"comment_status":"","ping_status":"","sticky":false,"template":"","format":"standard","meta":{"footnotes":""},"categories":[171],"tags":[146,147,25,24,23,214],"class_list":{"0":"post-132982","1":"post","2":"type-post","3":"status-publish","4":"format-standard","5":"has-post-thumbnail","7":"category-tv","8":"tag-entertainment","9":"tag-entretenimiento","10":"tag-es","11":"tag-espana","12":"tag-spain","13":"tag-tv"},"share_on_mastodon":{"url":"","error":""},"_links":{"self":[{"href":"https:\/\/www.europesays.com\/es\/wp-json\/wp\/v2\/posts\/132982","targetHints":{"allow":["GET"]}}],"collection":[{"href":"https:\/\/www.europesays.com\/es\/wp-json\/wp\/v2\/posts"}],"about":[{"href":"https:\/\/www.europesays.com\/es\/wp-json\/wp\/v2\/types\/post"}],"author":[{"embeddable":true,"href":"https:\/\/www.europesays.com\/es\/wp-json\/wp\/v2\/users\/2"}],"replies":[{"embeddable":true,"href":"https:\/\/www.europesays.com\/es\/wp-json\/wp\/v2\/comments?post=132982"}],"version-history":[{"count":0,"href":"https:\/\/www.europesays.com\/es\/wp-json\/wp\/v2\/posts\/132982\/revisions"}],"wp:featuredmedia":[{"embeddable":true,"href":"https:\/\/www.europesays.com\/es\/wp-json\/wp\/v2\/media\/132983"}],"wp:attachment":[{"href":"https:\/\/www.europesays.com\/es\/wp-json\/wp\/v2\/media?parent=132982"}],"wp:term":[{"taxonomy":"category","embeddable":true,"href":"https:\/\/www.europesays.com\/es\/wp-json\/wp\/v2\/categories?post=132982"},{"taxonomy":"post_tag","embeddable":true,"href":"https:\/\/www.europesays.com\/es\/wp-json\/wp\/v2\/tags?post=132982"}],"curies":[{"name":"wp","href":"https:\/\/api.w.org\/{rel}","templated":true}]}}