{"id":132988,"date":"2025-09-23T02:34:14","date_gmt":"2025-09-23T02:34:14","guid":{"rendered":"https:\/\/www.europesays.com\/es\/132988\/"},"modified":"2025-09-23T02:34:14","modified_gmt":"2025-09-23T02:34:14","slug":"digna-confiesa-su-crimen-y-hunde-a-damian-capitulo-399-martes-23-de-septiembre","status":"publish","type":"post","link":"https:\/\/www.europesays.com\/es\/132988\/","title":{"rendered":"Digna confiesa su crimen y hunde a Dami\u00e1n (cap\u00edtulo 399, martes 23 de septiembre)"},"content":{"rendered":"<p class=\"entrada\">Digna se libera del chantaje de don Pedro al contarle ella misma a Dami\u00e1n las circunstancias en las que muri\u00f3 Jes\u00fas en \u201cSue\u00f1os de libertad\u201d, el martes 23 de septiembre a las 15:45 en Antena 3.<\/p>\n<p>\t\t\t\t\t\t\t<img decoding=\"async\" class=\"mimg\" src=\"https:\/\/www.europesays.com\/es\/wp-content\/uploads\/2025\/09\/15701_xxl_1.webp.webp\" width=\"650\" height=\"421\" alt=\"Dami\u00e1n se derrumba tras la confesi\u00f3n de Digna en Sue\u00f1os de libertad\" title=\"Dami\u00e1n se derrumba tras la confesi\u00f3n de Digna en Sue\u00f1os de libertad\" fetchpriority=\"high\" oncontextmenu=\"return false\"\/><\/p>\n<p>\t\t\t\t\t\t\tDami\u00e1n en \u00abSue\u00f1os de libertad\u00bb &#8211; Antena 3\/vemosTV<\/p>\n<p>\u201cSue\u00f1os de libertad\u201d, que ameniza las tardes de lunes a viernes en Antena 3, est\u00e1 en <strong>un momento clave para sus tramas. <\/strong>La vida de los personajes est\u00e1 a punto de explotar con todo lo que<strong> <\/strong>nos tiene preparado el episodio del martes, \u00bfte lo vas a perder?<\/p>\n<p>Por si necesitas refrescar la memoria, en el cap\u00edtulo anterior de \u201cSue\u00f1os de libertad\u201d, <strong>Tasio y Dami\u00e1n acercaron posturas<\/strong>, don Agust\u00edn critic\u00f3 el perfume Pasi\u00f3n oculta, Claudia lo pas\u00f3 mal dando una vuelta en coche con Ra\u00fal, la junta se puso de acuerdo para nombrar un nuevo l\u00edder, <strong>Marta rechaz\u00f3 su nombramiento como directora,<\/strong> Cristina le cont\u00f3 a Irene que perdon\u00f3 a don Pedro y Luz y Bego\u00f1a trataron de <a href=\"https:\/\/www.vemostv.com\/noticias\/15693\/suenos-de-libertad-capitulo-398-lunes-22-septiembre\" id=\"posRelAnchor1-15693\" class=\"link_dotted\" rel=\"nofollow noopener\" target=\"_blank\">desenmascarar la farsa de Mar\u00eda<\/a>.<\/p>\n<p>Si quieres descubrir todo lo que ocurrir\u00e1 en el siguiente episodio, te lo contamos en el <strong>avance exclusivo que te ofrecemos en vemosTV del cap\u00edtulo 399<\/strong>, que se emitir\u00e1 el <strong>martes 23 de septiembre<\/strong> a las 15:45 horas en Antena 3.<\/p>\n<p>Avance de lo que pasar\u00e1 el martes 23 de septiembre en el cap\u00edtulo 399 de \u201cSue\u00f1os de libertad\u201d<\/p>\n<p>El episodio del martes arranca con <strong>Luz y Bego\u00f1a tras el examen que le realizaron a Mar\u00eda a traici\u00f3n<\/strong>. La doctora confirma lo que ya se sab\u00eda, <strong>no puede caminar<\/strong>. Ante la evidencia m\u00e9dica, Bego\u00f1a se queda convencida de que<strong> <\/strong>sus sospechas eran infundadas.<\/p>\n<p>Mientras, en casa de los Carpena, <strong>Tasio informa a don Pedro del fracaso de la moci\u00f3n de censura<\/strong> que hicieron contra \u00e9l en Perfumer\u00edas De la Reina. En ese momento, <strong>aparece Dami\u00e1n para interesarse<\/strong> por el estado del enfermo. La situaci\u00f3n da pie a un peque\u00f1o enfrentamiento que termina con <strong>don Pedro nombrando a Tasio como su sucesor<\/strong> al frente de la f\u00e1brica.<\/p>\n<p>\t\t\t\t\t\t\t<img loading=\"lazy\" decoding=\"async\" class=\"mimg lazy\" src=\"https:\/\/www.europesays.com\/es\/wp-content\/uploads\/2025\/09\/15701_xxl_2.webp.webp\" width=\"650\" height=\"427\" alt=\"Tasio informa a don Pedro de lo ocurrido en la junta en Sue\u00f1os de libertad\" title=\"Tasio informa a don Pedro de lo ocurrido en la junta en Sue\u00f1os de libertad\" oncontextmenu=\"return false\"\/><\/p>\n<p>\t\t\t\t\t\t\tTasio y don Pedro &#8211; Antena 3\/vemosTV<\/p>\n<p>En la casa grande, Mar\u00eda le agradece a Gabriel <strong>la ayuda que le brind\u00f3 para mantener su farsa<\/strong> un poco m\u00e1s. \u00c9l, por su parte, le cuenta lo ocurrido en la junta. Con el cambio de parecer de Tasio en el \u00faltimo momento no le queda otra que <strong>modificar sus planes<\/strong>.<\/p>\n<p>En la tienda, Claudia le confiesa a su t\u00eda <strong>el amargo episodio que vivi\u00f3 a bordo del coche de \u201cEl Cuerdas\u201d<\/strong>. El paseo le hizo revivir <a href=\"https:\/\/www.vemostv.com\/noticias\/13889\/suenos-de-libertad-avance-capitulo-206-martes-17-diciembre\" id=\"posRelAnchor4-13889\" class=\"link_dotted\" rel=\"nofollow noopener\" target=\"_blank\">el terrible accidente donde perdi\u00f3 la vida Mateo<\/a>. Dada la gran afici\u00f3n de Ra\u00fal por los coches y la velocidad, la joven piensa que<strong> <\/strong>esto puede afectar a la relaci\u00f3n. \u00bfEstar\u00e1 en lo cierto?<\/p>\n<p>En otro frente, <strong>los Merino dan con una persona interesada en comprar sus tierras<\/strong>. De este modo, podr\u00e1n afrontar la ampliaci\u00f3n de capital de la empresa mucho antes de lo previsto. Mientras Luis y Joaqu\u00edn est\u00e1n plet\u00f3ricos por la noticia, <strong>Gabriel se da cuenta de que todo se est\u00e1 complicando<\/strong> para \u00e9l.\u00a0<\/p>\n<p>En la tienda, Carmen se lamenta por las ideas que tuvo para el nuevo perfume debido a la <strong>nefasta acogida que est\u00e1 teniendo<\/strong>. En esas, aparece Tasio para contarle que <strong>es el nuevo director de Perfumer\u00edas De la Reina<\/strong>. Deber\u00eda estar feliz, pero no puede parar de pensar en que se trata de <strong>un regalo envenenado<\/strong>. Aun as\u00ed, Carmen lo anima a aprovechar la oportunidad y demostrar su val\u00eda.<\/p>\n<p>\t\t\t\t\t\t\t<img loading=\"lazy\" decoding=\"async\" class=\"mimg lazy\" src=\"https:\/\/www.europesays.com\/es\/wp-content\/uploads\/2025\/09\/15701_xxl_4.webp.webp\" width=\"650\" height=\"421\" alt=\"Bego\u00f1a se disculpa con Luz por haberla implicado en su cruzada personal contra Mar\u00eda, en Sue\u00f1os de libertad\" title=\"Bego\u00f1a se disculpa con Luz por haberla implicado en su cruzada personal contra Mar\u00eda, en Sue\u00f1os de libertad\" oncontextmenu=\"return false\"\/><\/p>\n<p>\t\t\t\t\t\t\tLuz y Bego\u00f1a &#8211; Antena 3\/vemosTV<\/p>\n<p>En el dispensario, <strong>Bego\u00f1a se disculpa con Luz <\/strong>por haberla implicado en su cruzada personal contra Mar\u00eda. Tal y como le cuenta, <strong>se arrepiente de su actitud<\/strong>, pero lo hizo movida por su deseo de que<strong> Andr\u00e9s pueda ser tan feliz como lo es ella con Gabriel. <\/strong>A pesar de que su historia de amor ha llegado a su fin, Andr\u00e9s sigue siendo una persona muy importante para ella.<\/p>\n<p>Paralelamente, despu\u00e9s de que Tasio toma posesi\u00f3n de su nuevo despacho, <strong>Dami\u00e1n entra para felicitarle por su nuevo cargo<\/strong> y ofrecerle su apoyo con todo lo que se le viene encima.\u00a0<\/p>\n<p>En casa de los Carpena, <strong>don Pedro arremete contra todos los que lo traicionaron<\/strong> con el asunto de la moci\u00f3n de censura, como Mar\u00eda y Digna. Con esta \u00faltima hasta hace el amago de llamar a la Guardia Civil para delatarla. Sin embargo, <strong>Digna, harta de chantajes, le reta a que lo cuente todo<\/strong>.<\/p>\n<p>\t\t\t\t\t\t\t<img loading=\"lazy\" decoding=\"async\" class=\"mimg lazy\" src=\"https:\/\/www.europesays.com\/es\/wp-content\/uploads\/2025\/09\/15701_xxl_3.webp.webp\" width=\"650\" height=\"418\" alt=\"Marta se desahoga con su diario cuando aparece Pelayo en Sue\u00f1os de libertad\" title=\"Marta se desahoga con su diario cuando aparece Pelayo en Sue\u00f1os de libertad\" oncontextmenu=\"return false\"\/><\/p>\n<p>\t\t\t\t\t\t\tMarta &#8211; Antena 3\/vemosTV<\/p>\n<p>En la casa grande, <strong>Marta se desahoga con su diario<\/strong> cuando aparece Pelayo. No puede m\u00e1s con la espiral de tristeza en la que ha ca\u00eddo su mujer y, por eso, <strong>el pol\u00edtico la insta a recuperarse,<\/strong> a volver a ser la mujer fuerte que siempre ha sido. Por desgracia, parece que <strong>esa versi\u00f3n de Marta ya no est\u00e1 ni se la espera<\/strong>.<\/p>\n<p>El episodio culmina con <strong>un dram\u00e1tico momento<\/strong> que inicia con la llegada de Digna a la casa grande. Cansada de tantas mentiras y la opresi\u00f3n de su marido, <strong>toma la valiente decisi\u00f3n de confesarle a Dami\u00e1n <\/strong><a href=\"https:\/\/www.vemostv.com\/noticias\/14507\/desvelado-brutal-destino-jesus-actor-alain-hernandez-suenos-de-libertad\" id=\"posRelAnchor2-14507\" class=\"link_dotted\" rel=\"nofollow noopener\" target=\"_blank\">su papel en la muerte de Jes\u00fas<\/a>. El patriarca escucha at\u00f3nito cada una de las sentidas palabras que salen de su boca hasta que la <strong>ira se apodera de \u00e9l<\/strong>. Finalmente, despu\u00e9s de echarla a gritos de su casa, <strong>Dami\u00e1n se hunde por completo<\/strong>.<\/p>\n<p>Si quieres saber en detalle todo lo que est\u00e1 pasando esta semana en la serie, te invitamos a leer el <a href=\"https:\/\/www.vemostv.com\/noticias\/15692\/suenos-de-libertad-avance-semanal-22-al-26-septiembre-2025\" id=\"posRelAnchor3-15692\" class=\"link_dotted\" rel=\"nofollow noopener\" target=\"_blank\">avance semanal de \u201cSue\u00f1os de libertad\u201d del 22 al 26 de septiembre<\/a> que te ofrecemos en vemosTV.<\/p>\n","protected":false},"excerpt":{"rendered":"Digna se libera del chantaje de don Pedro al contarle ella misma a Dami\u00e1n las circunstancias en las&hellip;\n","protected":false},"author":2,"featured_media":132989,"comment_status":"","ping_status":"","sticky":false,"template":"","format":"standard","meta":{"footnotes":""},"categories":[91],"tags":[146,147,25,24,23],"class_list":{"0":"post-132988","1":"post","2":"type-post","3":"status-publish","4":"format-standard","5":"has-post-thumbnail","7":"category-entretenimiento","8":"tag-entertainment","9":"tag-entretenimiento","10":"tag-es","11":"tag-espana","12":"tag-spain"},"share_on_mastodon":{"url":"","error":""},"_links":{"self":[{"href":"https:\/\/www.europesays.com\/es\/wp-json\/wp\/v2\/posts\/132988","targetHints":{"allow":["GET"]}}],"collection":[{"href":"https:\/\/www.europesays.com\/es\/wp-json\/wp\/v2\/posts"}],"about":[{"href":"https:\/\/www.europesays.com\/es\/wp-json\/wp\/v2\/types\/post"}],"author":[{"embeddable":true,"href":"https:\/\/www.europesays.com\/es\/wp-json\/wp\/v2\/users\/2"}],"replies":[{"embeddable":true,"href":"https:\/\/www.europesays.com\/es\/wp-json\/wp\/v2\/comments?post=132988"}],"version-history":[{"count":0,"href":"https:\/\/www.europesays.com\/es\/wp-json\/wp\/v2\/posts\/132988\/revisions"}],"wp:featuredmedia":[{"embeddable":true,"href":"https:\/\/www.europesays.com\/es\/wp-json\/wp\/v2\/media\/132989"}],"wp:attachment":[{"href":"https:\/\/www.europesays.com\/es\/wp-json\/wp\/v2\/media?parent=132988"}],"wp:term":[{"taxonomy":"category","embeddable":true,"href":"https:\/\/www.europesays.com\/es\/wp-json\/wp\/v2\/categories?post=132988"},{"taxonomy":"post_tag","embeddable":true,"href":"https:\/\/www.europesays.com\/es\/wp-json\/wp\/v2\/tags?post=132988"}],"curies":[{"name":"wp","href":"https:\/\/api.w.org\/{rel}","templated":true}]}}