{"id":132994,"date":"2025-09-23T02:38:08","date_gmt":"2025-09-23T02:38:08","guid":{"rendered":"https:\/\/www.europesays.com\/es\/132994\/"},"modified":"2025-09-23T02:38:08","modified_gmt":"2025-09-23T02:38:08","slug":"evacuados-por-el-techo-de-un-bus-escolar-seis-menores-y-la-conductora-tras-volcar-en-ponteareas","status":"publish","type":"post","link":"https:\/\/www.europesays.com\/es\/132994\/","title":{"rendered":"Evacuados por el techo de un bus escolar seis menores y la conductora\u00a0tras volcar\u00a0en Ponteareas"},"content":{"rendered":"<p>\t\t\t\t\t\tEl veh\u00edculo qued\u00f3 apoyado sobre el lado en el que ten\u00eda las puertas de acceso<br \/>\n\t\t\t\t\t\t\t\t\t\t\t\t<strong>23 sep 2025<\/strong> . Actualizado a las 01:47 h.\t\t\t\t\t\t<\/p>\n<p class=\"first-paragraph txt\">Seis menores y una conductora de autob\u00fas tuvieron que ser evacuados por el techo de un veh\u00edculo escolar despu\u00e9s de <strong>sufrir un accidente y terminar volcados en la parroquia de Padr\u00f3ns, en <a href=\"https:\/\/www.lavozdegalicia.es\/temas\/ponteareas\" rel=\"nofollow noopener\" target=\"_blank\">Ponteareas<\/a><\/strong>. Ninguno de los siete result\u00f3 herido, pese a protagonizar un aparatoso suceso en la ma\u00f1ana de este lunes.<\/p>\n<p class=\"txt\">Los hechos tuvieron lugar en la carretera EP-2703 sobre las 8.05 horas, seg\u00fan tuvo noticia el servicio del 112 Galicia. Un particular avis\u00f3 de que el veh\u00edculo qued\u00f3 volcado en la cuneta y, debido a la posici\u00f3n, las puertas de acceso estaban inutilizadas y los ocupantes no pod\u00edan salir por ellas.<\/p>\n<p class=\"txt\">Ante esta situaci\u00f3n desde la sala de operaciones <strong>se solicit\u00f3 ayuda a los bomberos de <a href=\"https:\/\/www.lavozdegalicia.es\/temas\/ponteareas\" rel=\"nofollow noopener\" target=\"_blank\">Ponteareas<\/a>, que procedieron a evacuar a trav\u00e9s del techo a la conductora y a los menores, de entre 13 y 15 a\u00f1os de edad<\/strong>. Todos ellos se encontraban en buen estado y no necesitaron asistencia sanitaria. Desde el 112 tambi\u00e9n se dio aviso a la Guardia Civil de <a href=\"https:\/\/www.lavozdegalicia.es\/temas\/trafico\" rel=\"nofollow noopener\" target=\"_blank\">Tr\u00e1fico<\/a> y a la polic\u00eda local de Ponteareas.<\/p>\n<p>&#13;<br \/>\n\tArchivado en:&#13;<br \/>\n\t\t\t\t\t<a href=\"https:\/\/www.lavozdegalicia.es\/temas\/ponteareas\/\" target=\"_blank\" class=\"mg-l\" rel=\"nofollow noopener\">Ponteareas<\/a>&#13;<br \/>\n\t\t\t\t\t<a href=\"https:\/\/www.lavozdegalicia.es\/temas\/trafico\/\" target=\"_blank\" class=\"mg-l\" rel=\"nofollow noopener\">Tr\u00e1fico<\/a>&#13;<br \/>\n\t\t\t\t\t<a href=\"https:\/\/www.lavozdegalicia.es\/temas\/accidentes-de-trafico\/\" target=\"_blank\" class=\"mg-l\" rel=\"nofollow noopener\">Accidentes de Tr\u00e1fico<\/a>&#13;<br \/>\n\t&#13;<\/p>\n","protected":false},"excerpt":{"rendered":"El veh\u00edculo qued\u00f3 apoyado sobre el lado en el que ten\u00eda las puertas de acceso 23 sep 2025&hellip;\n","protected":false},"author":2,"featured_media":132995,"comment_status":"","ping_status":"","sticky":false,"template":"","format":"standard","meta":{"footnotes":""},"categories":[8],"tags":[18261,17,18,25,24,13,14,11,19,20,9,10,15,16,42424,23,12,589,21,22],"class_list":{"0":"post-132994","1":"post","2":"type-post","3":"status-publish","4":"format-standard","5":"has-post-thumbnail","7":"category-espana","8":"tag-accidentes-de-trafico","9":"tag-breaking-news","10":"tag-breakingnews","11":"tag-es","12":"tag-espana","13":"tag-featured-news","14":"tag-featurednews","15":"tag-headlines","16":"tag-latest-news","17":"tag-latestnews","18":"tag-news","19":"tag-noticias","20":"tag-noticias-destacadas","21":"tag-noticiasdestacadas","22":"tag-ponteareas","23":"tag-spain","24":"tag-titulares","25":"tag-trafico","26":"tag-ultimas-noticias","27":"tag-ultimasnoticias"},"share_on_mastodon":{"url":"","error":""},"_links":{"self":[{"href":"https:\/\/www.europesays.com\/es\/wp-json\/wp\/v2\/posts\/132994","targetHints":{"allow":["GET"]}}],"collection":[{"href":"https:\/\/www.europesays.com\/es\/wp-json\/wp\/v2\/posts"}],"about":[{"href":"https:\/\/www.europesays.com\/es\/wp-json\/wp\/v2\/types\/post"}],"author":[{"embeddable":true,"href":"https:\/\/www.europesays.com\/es\/wp-json\/wp\/v2\/users\/2"}],"replies":[{"embeddable":true,"href":"https:\/\/www.europesays.com\/es\/wp-json\/wp\/v2\/comments?post=132994"}],"version-history":[{"count":0,"href":"https:\/\/www.europesays.com\/es\/wp-json\/wp\/v2\/posts\/132994\/revisions"}],"wp:featuredmedia":[{"embeddable":true,"href":"https:\/\/www.europesays.com\/es\/wp-json\/wp\/v2\/media\/132995"}],"wp:attachment":[{"href":"https:\/\/www.europesays.com\/es\/wp-json\/wp\/v2\/media?parent=132994"}],"wp:term":[{"taxonomy":"category","embeddable":true,"href":"https:\/\/www.europesays.com\/es\/wp-json\/wp\/v2\/categories?post=132994"},{"taxonomy":"post_tag","embeddable":true,"href":"https:\/\/www.europesays.com\/es\/wp-json\/wp\/v2\/tags?post=132994"}],"curies":[{"name":"wp","href":"https:\/\/api.w.org\/{rel}","templated":true}]}}