{"id":133002,"date":"2025-09-23T02:46:06","date_gmt":"2025-09-23T02:46:06","guid":{"rendered":"https:\/\/www.europesays.com\/es\/133002\/"},"modified":"2025-09-23T02:46:06","modified_gmt":"2025-09-23T02:46:06","slug":"a-que-hora-es-el-gran-premio-de-azerbaiyan-de-la-formula-1-2025","status":"publish","type":"post","link":"https:\/\/www.europesays.com\/es\/133002\/","title":{"rendered":"A qu\u00e9 hora es el Gran Premio de Azerbaiy\u00e1n de la F\u00f3rmula 1 2025"},"content":{"rendered":"<p class=\"com-paragraph   --s\"><strong>La F\u00f3rmula 1 sigue su marcha este fin de semana,<\/strong> con la <strong>fecha 17<\/strong> del Gran Circo que tiene lugar en el circuito callejero de <strong>Bak\u00fa, en el Gran Premio de Azerbaiy\u00e1n.<\/strong> <strong>La carrera central<\/strong> de la competencia que lideran el australiano Oscar Piastri y McLaren <strong>se llevar\u00e1 a cabo este domingo a las 8 (horario argentino).<\/strong> El pilarense <strong>Franco Colapinto,<\/strong> \u00fanico piloto que a\u00fan no pudo sumar puntos, asumir\u00e1 su <strong>d\u00e9cimo desaf\u00edo<\/strong> a bordo del segundo auto de Alpine. <\/p>\n<p class=\"com-paragraph   --s\">La competencia se puede ver en vivo por televisi\u00f3n a trav\u00e9s de <strong>Fox Sports<\/strong>, como as\u00ed tambi\u00e9n por streaming por intermedio de las plataformas <strong>Disney+ Premium <\/strong>y <strong>F1 TV Pro. <\/strong>Por su parte, quienes cuenten con Telecentro Play, Flow o DGO, pueden sintonizar el canal deportivo directamente a trav\u00e9s del cableoperador (en todos los casos se requiere una suscripci\u00f3n activa).<\/p>\n<p>El tetracampe\u00f3n neerland\u00e9s Max Verstappen gan\u00f3 en Monza, en la \u00faltima jornada, y pretende dar pelea hasta el finalLuca Bruno &#8211; AP<\/p>\n<p class=\"com-paragraph   --s\"><strong>Max Verstappen (Red Bull) domin\u00f3 ampliamente en el Gran Premio de Italia<\/strong> que se realiz\u00f3 el domingo 7 y correspondi\u00f3 a la \u00faltima jornada disputada de la competencia en curso y <strong>le descont\u00f3 algunos puntos en la tabla de posiciones de pilotos a los McLaren de Lando Norris y Oscar Piastri, <\/strong>quienes se ubicaron segundo y tercero, respectivamente.<\/p>\n<p class=\"com-paragraph   --s\">El neerland\u00e9s, con su tercera victoria en el a\u00f1o, lleg\u00f3 a las 230 unidades y sigue lejos de Piastri y Norris, pero no se baja de la pelea por el t\u00edtulo a falta de ocho jornadas (contando la de este domingo). <\/p>\n<p class=\"com-paragraph   --s\"><strong>El l\u00edder del torneo es el australiano con 324 tantos mientras que el brit\u00e1nico suma 293 y achic\u00f3 el margen apenas tres puntos gracias a que lleg\u00f3 por delante suyo<\/strong> en un cierre de carrera at\u00edpico y curioso por lo que est\u00e1 en juego. A poco del ep\u00edlogo, Norris, siendo segundo en la pista en el aut\u00f3dromo de Monza por detr\u00e1s del tetracampe\u00f3n vigente, ingres\u00f3 a los pits y su equipo tuvo un error que retras\u00f3 su regreso, lo que fue aprovechado por Piastri para escalar al segundo lugar. Sin embargo, McLaren se hizo cargo de la situaci\u00f3n y dio la orden de que Piastri le devuelva ese lugar.<\/p>\n<p>As\u00ed qued\u00f3 la tabla de posiciones de la F\u00f3rmula 1, tras el GP de Italia en MonzaOptaCalendario, ganadores y posiciones de la F\u00f3rmula 1 2025<\/p>\n<p class=\"com-paragraph   --s\"><strong>Franco Colapinto compite este fin de semana, por und\u00e9cima vez en 2025 y a bordo de uno de los A525 de Alpine<\/strong>. El argentino, que <strong>viene de quedar 17\u00b0 en el GP de Italia<\/strong>, es el \u00fanico de los 20 pilotos titulares en la actualidad que a\u00fan no sum\u00f3 puntos.<\/p>\n<p class=\"com-paragraph   --s\">Pero justamente Colapinto <strong>sum\u00f3 en Bak\u00fas, el a\u00f1o pasado, sus primeros puntos en la m\u00e1xima categor\u00eda, aunque con Williams, escuder\u00eda con la que debut\u00f3. <\/strong>Este fin de semana intentar\u00e1 dar otra sorpresa. <\/p>\n<p>Franco Colapinto disputar\u00e1 su d\u00e9cima carrera con Alpine, pero el auto nunca respondi\u00f3 a sus expectativas Alpine<\/p>\n<p class=\"com-paragraph   --s\"><strong>El piloto argentino lleg\u00f3 a Alpine a principios de este a\u00f1o, proveniente de Williams, <\/strong>donde debut\u00f3 en F1 en 2024 y corri\u00f3 nueve carreras con una irrupci\u00f3n asombrosa.<strong> <\/strong>En lo que va del 2025 afront\u00f3 diez fechas y a\u00fan no pudo sumar puntos, como si lo hizo el a\u00f1o pasado en Bak\u00fa (4) y Austin (1). El rendimiento del auto en la actualidad es el peor de la grilla, muy por detr\u00e1s de rivales directos como Haas o Kick Sauber. Y el pilarense sufre las consecuencias. Fue <strong>11\u00b0<\/strong> en <strong>Pa\u00edses Bajos, 13\u00b0 <\/strong>en<strong> M\u00f3naco y Canad\u00e1, 15\u00b0 <\/strong>en<strong> Espa\u00f1a y Austria, 16\u00b0 <\/strong>en <strong>Imola, 17\u00b0 <\/strong>en <strong>Monza, 18\u00b0 <\/strong>en<strong> Hungr\u00eda <\/strong>y<strong> 19\u00b0 <\/strong>en <strong>B\u00e9lgica; mientras que en Gran Breta\u00f1a se vio obligado a abandonar antes de la largada por una falla mec\u00e1nica.<\/strong><\/p>\n","protected":false},"excerpt":{"rendered":"La F\u00f3rmula 1 sigue su marcha este fin de semana, con la fecha 17 del Gran Circo que&hellip;\n","protected":false},"author":2,"featured_media":133003,"comment_status":"","ping_status":"","sticky":false,"template":"","format":"standard","meta":{"footnotes":""},"categories":[270],"tags":[2692,26323,168,25,24,306,271,272,42425,6220,23,167],"class_list":{"0":"post-133002","1":"post","2":"type-post","3":"status-publish","4":"format-standard","5":"has-post-thumbnail","7":"category-formula-1","8":"tag-automotive","9":"tag-automotive-equipment","10":"tag-deportes","11":"tag-es","12":"tag-espana","13":"tag-f1","14":"tag-formula-1","15":"tag-formula1","16":"tag-motor-rallying","17":"tag-motorsport","18":"tag-spain","19":"tag-sports"},"share_on_mastodon":{"url":"","error":""},"_links":{"self":[{"href":"https:\/\/www.europesays.com\/es\/wp-json\/wp\/v2\/posts\/133002","targetHints":{"allow":["GET"]}}],"collection":[{"href":"https:\/\/www.europesays.com\/es\/wp-json\/wp\/v2\/posts"}],"about":[{"href":"https:\/\/www.europesays.com\/es\/wp-json\/wp\/v2\/types\/post"}],"author":[{"embeddable":true,"href":"https:\/\/www.europesays.com\/es\/wp-json\/wp\/v2\/users\/2"}],"replies":[{"embeddable":true,"href":"https:\/\/www.europesays.com\/es\/wp-json\/wp\/v2\/comments?post=133002"}],"version-history":[{"count":0,"href":"https:\/\/www.europesays.com\/es\/wp-json\/wp\/v2\/posts\/133002\/revisions"}],"wp:featuredmedia":[{"embeddable":true,"href":"https:\/\/www.europesays.com\/es\/wp-json\/wp\/v2\/media\/133003"}],"wp:attachment":[{"href":"https:\/\/www.europesays.com\/es\/wp-json\/wp\/v2\/media?parent=133002"}],"wp:term":[{"taxonomy":"category","embeddable":true,"href":"https:\/\/www.europesays.com\/es\/wp-json\/wp\/v2\/categories?post=133002"},{"taxonomy":"post_tag","embeddable":true,"href":"https:\/\/www.europesays.com\/es\/wp-json\/wp\/v2\/tags?post=133002"}],"curies":[{"name":"wp","href":"https:\/\/api.w.org\/{rel}","templated":true}]}}