{"id":133008,"date":"2025-09-23T02:49:06","date_gmt":"2025-09-23T02:49:06","guid":{"rendered":"https:\/\/www.europesays.com\/es\/133008\/"},"modified":"2025-09-23T02:49:06","modified_gmt":"2025-09-23T02:49:06","slug":"eugenia-martinez-de-irujo-y-tana-rivera-se-sinceran-en-su-entrevista-mas-intima-hubo-una-epoca-en-la-que-no-diferenciabamos-el-rol-de-madre-y-el-de-amiga-y-nos-peleabamos-mas-hoy-nos-llevam","status":"publish","type":"post","link":"https:\/\/www.europesays.com\/es\/133008\/","title":{"rendered":"Eugenia Mart\u00ednez de Irujo y Tana Rivera se sinceran en su entrevista m\u00e1s \u00edntima: \u201cHubo una \u00e9poca en la que no diferenci\u00e1bamos el rol de madre y el de amiga y nos pele\u00e1bamos m\u00e1s. Hoy nos llevamos muy bien\u201d"},"content":{"rendered":"<p>Eugenia ten\u00eda tres a\u00f1os cuando <strong>Luis Mart\u00ednez de Irujo<\/strong> falleci\u00f3 y, desde ese momento, empez\u00f3 a ganarse a pulso el adjetivo de la m\u00e1s rebelde de la casa. Tra\u00eda loca a su nana, Margarita, con sus travesuras. Por ejemplo, se empe\u00f1aba en galopar en su caballo m\u00e1s r\u00e1pido que su hermano <strong>Cayetano<\/strong>. \u201cEra valiente, muy valiente\u201d, contaba en 2012 a esta revista la mujer con la que se crio. Durante su adolescencia, las broncas con la duquesa empezaron a ser bastante frecuentes.<\/p>\n<p><strong>V. F.:<\/strong> Cayetano cont\u00f3 en su d\u00eda que, cuando su madre se enfadaba, \u201ctemblaban las columnas de palacio\u201d.<\/p>\n<p><strong>E. M. I.:<\/strong> Temblaban las columnas y tembl\u00e1bamos todos.<\/p>\n<p><strong>V. F.:<\/strong> \u00bfAlguna vez pens\u00f3: \u201cLa he liado parda\u201d?<\/p>\n<p><strong>E. M. I.:<\/strong> S\u00ed. Por mi puesta de largo, que parec\u00eda m\u00e1s la de mi madre que la m\u00eda. Me cay\u00f3 una bronca por el vestido [Eugenia escogi\u00f3 uno de color negro en lugar de blanco como manda el protocolo]. Los gritos se o\u00edan\u2026 No te puedo explicar. Luego, yo viv\u00eda en Madrid y casi todas mis amistades, salvo cuatro o cinco, tambi\u00e9n. Pues resulta que no invit\u00f3 a nadie de Madrid. As\u00ed que falsifiqu\u00e9 50 invitaciones. Las buenas eran preciosas, y las m\u00edas imag\u00ednate: una cartulina blanca. Mi madre se enter\u00f3 por el administrador de Due\u00f1as y me cay\u00f3 una que no te puedes imaginar. Pero lo consegu\u00ed.<\/p>\n<p><strong>C. R.:<\/strong> T\u00fa fuiste mucho m\u00e1s rebelde que yo.<\/p>\n<p><strong>RETRATO AL NATURAL.<\/strong> Bomber y falda de <strong>Dries Van Noten<\/strong>.<\/p>\n<p>Javier Biosca<\/p>\n<p class=\"has-dropcap\"><strong>CAYETANA RIVERA<\/strong> (Sevilla, 1999), que debe su apodo familiar, Tana, a su abuela Cayetana \u2014as\u00ed es como la llamaba a ella su padre\u2014, ha llegado a la sesi\u00f3n de fotos puntual, vestida con camiseta blanca, vaqueros anchos a juego y una bandolera de piel. Es una joven de hoy. Algo de lo que sus padres pueden estar orgullosos. \u201cA m\u00ed no me molestan. Es raro que me paren por la calle y me pidan una foto. Me han ense\u00f1ado desde peque\u00f1a que tenemos que lidiar con esto, pero que tu vida sigue. Gracias a Dios, no me dedico a nada que tenga que ver con la prensa o con la televisi\u00f3n. Yo los respeto mucho a ellos y ellos me respetan mucho a m\u00ed\u201d, explica con naturalidad sobre la que quiz\u00e1 sea su mayor rebeld\u00eda: ser normal.<\/p>\n<p>Si la duquesa de Alba protagoniz\u00f3 su primera portada \u2014la de la revista inglesa Modern Girl\u2014 con apenas 15 a\u00f1os y su madre sale en la prensa desde que naci\u00f3, la hija de Eugenia Mart\u00ednez de Irujo y el torero y empresario <a href=\"https:\/\/www.revistavanityfair.es\/sociedad\/articulos\/francisco-rivera-mi-madre-y-orson-welles-convivieron-mucho-lo-llamaba-tio-orson-incluso-alguna-vez-fue-al-colegio-a-recogerla\/49310\" rel=\"nofollow noopener\" target=\"_blank\"><strong>Francisco Rivera Ord\u00f3\u00f1ez<\/strong><\/a> fue uno de esos ni\u00f1os que crecieron pixelados por iniciativa de tres mujeres: su madre, <a href=\"https:\/\/www.revistavanityfair.es\/sociedad\/articulos\/ana-obregon-entrevista-muerte-hijo-aless-lequio\/49894\" rel=\"nofollow noopener\" target=\"_blank\"><strong>Ana Obreg\u00f3n<\/strong><\/a> y <a href=\"https:\/\/www.revistavanityfair.es\/cultura\/entretenimiento\/articulos\/terelu-campos-maria-teresa-campos-las-campos-nueva-york\/27940\" rel=\"nofollow noopener\" target=\"_blank\"><strong>Terelu Campos<\/strong><\/a>, que se dirigieron al Defensor del Menor para proteger su intimidad de la intromisi\u00f3n de los medios de comunicaci\u00f3n. Hasta que alcanz\u00f3 la mayor\u00eda de edad, las mismas cr\u00f3nicas sociales que aplaudieron la boda de sus padres, celebrada en 1998 en Sevilla, como la uni\u00f3n definitiva entre la aristocracia y la realeza del toreo, fantaseaban con los parecidos de la joven. La realidad no cumpli\u00f3 del todo las expectativas. Tana ha heredado los rasgos rotundos de su abuela materna, <a href=\"https:\/\/www.revistavanityfair.es\/articulos\/carmina-ordonez-muerte-aniversario-biografia-hijos\" rel=\"nofollow noopener\" target=\"_blank\"><strong>Carmen Ord\u00f3\u00f1ez<\/strong><\/a>, y la pasi\u00f3n por Sevilla, los toros y el flamenco de la duquesa de Alba, pero no parece muy fan de los esc\u00e1ndalos y los titulares. Hace unos d\u00edas, en la presentaci\u00f3n de su colaboraci\u00f3n con la firma de moda E.R.A.X., reconoci\u00f3 que lo que m\u00e1s le impon\u00eda eran las preguntas de unos medios a los que, sin embargo, se ha ganado con su sencillez y simpat\u00eda. \u201cMe produc\u00eda muchos nervios. No voy a photocalls, no hablo con la prensa. Era la primera vez que los convocaba y, la verdad, me sent\u00ed muy a gusto. Me trataron muy bien. Hablamos de moda, de mi colecci\u00f3n. No sacaron ning\u00fan tema que pudiese afectarme. Lo super\u00e9 fenomenal\u201d.<\/p>\n","protected":false},"excerpt":{"rendered":"Eugenia ten\u00eda tres a\u00f1os cuando Luis Mart\u00ednez de Irujo falleci\u00f3 y, desde ese momento, empez\u00f3 a ganarse a&hellip;\n","protected":false},"author":2,"featured_media":133009,"comment_status":"","ping_status":"","sticky":false,"template":"","format":"standard","meta":{"footnotes":""},"categories":[174],"tags":[22347,255,18762,146,147,2958,25,24,20221,256,23],"class_list":{"0":"post-133008","1":"post","2":"type-post","3":"status-publish","4":"format-standard","5":"has-post-thumbnail","7":"category-famosos","8":"tag-cayetana-rivera","9":"tag-celebrities","10":"tag-duquesa-de-alba","11":"tag-entertainment","12":"tag-entretenimiento","13":"tag-entrevistas","14":"tag-es","15":"tag-espana","16":"tag-eugenia-martinez-de-irujo","17":"tag-famosos","18":"tag-spain"},"share_on_mastodon":{"url":"","error":""},"_links":{"self":[{"href":"https:\/\/www.europesays.com\/es\/wp-json\/wp\/v2\/posts\/133008","targetHints":{"allow":["GET"]}}],"collection":[{"href":"https:\/\/www.europesays.com\/es\/wp-json\/wp\/v2\/posts"}],"about":[{"href":"https:\/\/www.europesays.com\/es\/wp-json\/wp\/v2\/types\/post"}],"author":[{"embeddable":true,"href":"https:\/\/www.europesays.com\/es\/wp-json\/wp\/v2\/users\/2"}],"replies":[{"embeddable":true,"href":"https:\/\/www.europesays.com\/es\/wp-json\/wp\/v2\/comments?post=133008"}],"version-history":[{"count":0,"href":"https:\/\/www.europesays.com\/es\/wp-json\/wp\/v2\/posts\/133008\/revisions"}],"wp:featuredmedia":[{"embeddable":true,"href":"https:\/\/www.europesays.com\/es\/wp-json\/wp\/v2\/media\/133009"}],"wp:attachment":[{"href":"https:\/\/www.europesays.com\/es\/wp-json\/wp\/v2\/media?parent=133008"}],"wp:term":[{"taxonomy":"category","embeddable":true,"href":"https:\/\/www.europesays.com\/es\/wp-json\/wp\/v2\/categories?post=133008"},{"taxonomy":"post_tag","embeddable":true,"href":"https:\/\/www.europesays.com\/es\/wp-json\/wp\/v2\/tags?post=133008"}],"curies":[{"name":"wp","href":"https:\/\/api.w.org\/{rel}","templated":true}]}}