{"id":133020,"date":"2025-09-23T03:00:08","date_gmt":"2025-09-23T03:00:08","guid":{"rendered":"https:\/\/www.europesays.com\/es\/133020\/"},"modified":"2025-09-23T03:00:08","modified_gmt":"2025-09-23T03:00:08","slug":"sanchez-aconseja-a-israel-acabar-con-el-terrorismo-de-hamas-como-espana-hizo-con-eta-justicia-y-diplomacia-el-espanol","status":"publish","type":"post","link":"https:\/\/www.europesays.com\/es\/133020\/","title":{"rendered":"S\u00e1nchez aconseja a Israel acabar con el terrorismo de Ham\u00e1s como Espa\u00f1a hizo con ETA: &quot;Justicia y diplomacia&quot; &#8211; El Espa\u00f1ol"},"content":{"rendered":"<ol>\n<li><a href=\"https:\/\/news.google.com\/rss\/articles\/CBMi6wFBVV95cUxQX3FGRFhGZ2RFZGhhSmtRb28tN1BRNUNUVVZ3Vkl1RXlDZHBNaTNtTWx3YzFMYUI1TEZzLXBzbVRKMGJrZGg4bWI4Q0lwSVRYNHMxdzV4eEFjUGZtUkNHcktNSFhoVVF4VFZIRWF6cUdzeGsweXFXWmgwY3JSQ3RtQndSMm02dm9UVEFKd0pnYnJyZ0s4amZjWkp3VXd0b09QRzVHc1ZJc042QVBES21UMWNFTUhEcTBmbF9CRkxSeWpDbmxJX0NDeVFNVXQzVjU5SGhGWHpVU1VGZ05RQU4xbFhUQ0d1ZUhxQkIw?oc=5\" target=\"_blank\" rel=\"nofollow noopener\">S\u00e1nchez aconseja a Israel acabar con el terrorismo de Ham\u00e1s como Espa\u00f1a hizo con ETA: \u00abJusticia y diplomacia\u00bb<\/a>&nbsp;&nbsp;El Espa\u00f1ol<\/li>\n<li><a href=\"https:\/\/news.google.com\/rss\/articles\/CBMiekFVX3lxTE50Tl9pUXc1UkZVQU1iS0dPYm1zV24yYW5JR2pDLUZvRnhXVlZtWmZleExrZGlrTDdVWE5yM0M4S1I3MEpQTlZ5UUltb2NDZm94azc2ZXpZWHdqRnhpRnl0aDhPaWNobGZYUUZxU05lMzRrSVh4LXcybXlB0gF6QVVfeXFMTUdEeUlVcDY2ek9ZTUJsbDZiR3FuVkF6Z19zNlZ1VkJ4dGNobDNEa2IwT25FbTY0dnZxckNOSHlNWjhXUEV2a2ZvSFdreDh2al9nT2p4QlBTYlVxenhILUpLbVlsaGhQWEttclFLY1VMRHV2TTdlN1FJVGc?oc=5\" target=\"_blank\" rel=\"nofollow noopener\">S\u00e1nchez vende &#8216;marca Espa\u00f1a&#8217; en Nueva York en su cruzada contra Trump y por la causa palestina: \u00abLa historia juzgar\u00e1 a quienes callaron o miraron hacia otro lado ante la barbarie\u00bb<\/a>&nbsp;&nbsp;El Mundo<\/li>\n<li><a href=\"https:\/\/news.google.com\/rss\/articles\/CBMiwAFBVV95cUxNX3k5dzRyWTBtLThhWHJReUNFX2pXcTFXNE5hb3lnd1pyX2pyVUlBOTVVXzR5UTdieENSYjdZV29YNTM3WGQ1TDNzZkNrd1I3VmhsSU5MMGZja05lZnB3Tm1Sc0hvekkxTld4RWlIVzU3WDlJOHJSZjI4YWRxbjVPMmVyRUVUVWpUaFdidkZIVHRoS0VlSXFVVXlvSGVHakdpSGdVcGFVcTY1cmIySFU3akhTOS0yVGk0cFZ4cUk3TE8?oc=5\" target=\"_blank\" rel=\"nofollow noopener\">S\u00e1nchez clama por Palestina en la ONU: \u201cEn nombre de la dignidad humana, paremos esta matanza\u201d<\/a>&nbsp;&nbsp;EL PA\u00cdS<\/li>\n<li><a href=\"https:\/\/news.google.com\/rss\/articles\/CBMinAFBVV95cUxPXzRjR2dKa2hUeHEtR3UtZE1zaXZEbTZjMndsdjBEeThoRnNvZm5Xc2lJaHJOZTItRWdrTVhpUEZpeHhhWnRLTTR5VEIxZkNOM0ZoaU5BMWRJLVByNWdqWEVZZmo0UVk4WjRrdHVnQ2ZMZGRQTDB6elVjX2tkTEhGNHUtS0k4bzk4NThlcVJwWVNqNE9ONk1TTVBGSzU?oc=5\" target=\"_blank\" rel=\"nofollow noopener\">S\u00e1nchez acusa a Netanyahu en Nueva York de querer crear \u00abun gran Israel sin presencia palestina\u00bb<\/a>&nbsp;&nbsp;ABC<\/li>\n<li><a href=\"https:\/\/news.google.com\/rss\/articles\/CBMiuAFBVV95cUxOVGZ3SWdHSV9EWWx6aFdqemVLUEg1N2lZYXF0Sy1oOW95YVlGRG9wX3lQRUVxZm1XS1V0a295TFluSUREWWloTlV0bmp4b0dxNWxOS2dVQkxnOGFleUJkYWFFWm5jRFZHM0k0TXpwbm5HckVKSm9UaERLRmM3MjlSR3lqUktiU01mNDFmSF9kM0g2NnFVVGgtdzd4aE82eXlzVHZVQVpYSklzT1NueU1CREtoNHdqQlFD0gG-AUFVX3lxTE5fWTRha1dBR3BXeGRlcEJmcjZwSGhqZjR6ZDUyZkNqNVUza0NQVHd4QzN3b2x1UFc0RHhFNm9CNHEydEFqNkNDWW9lWDNOV0plT3Jla3RBS1RqT2FLbmFXU0VoczlNSFk4QVBnWlVaTU0zQU9sbFE5WFBlUTNuUm5jQ214Rzd4ZDdfU3FVSUVyZUx4OGUwX1VXdFpkZmhyRmpfRFhfM183ZFQ4eEJBdW1aZkFVdlYtZ3Y4c05laFE?oc=5\" target=\"_blank\" rel=\"nofollow noopener\">S\u00e1nchez exige en la ONU adoptar medidas inmediatas para parar el \u00abgenocidio\u00bb en Gaza<\/a>&nbsp;&nbsp;El Confidencial<\/li>\n<\/ol>\n","protected":false},"excerpt":{"rendered":"S\u00e1nchez aconseja a Israel acabar con el terrorismo de Ham\u00e1s como Espa\u00f1a hizo con ETA: \u00abJusticia y diplomacia\u00bb&nbsp;&nbsp;El&hellip;\n","protected":false},"author":2,"featured_media":132646,"comment_status":"","ping_status":"","sticky":false,"template":"","format":"standard","meta":{"footnotes":""},"categories":[42],"tags":[17,18,13,14,11,61,62,63,64,19,20,9,10,15,16,12,21,22,65,66,67],"class_list":{"0":"post-133020","1":"post","2":"type-post","3":"status-publish","4":"format-standard","5":"has-post-thumbnail","7":"category-internacional","8":"tag-breaking-news","9":"tag-breakingnews","10":"tag-featured-news","11":"tag-featurednews","12":"tag-headlines","13":"tag-internacional","14":"tag-international","15":"tag-international-news","16":"tag-internationalnews","17":"tag-latest-news","18":"tag-latestnews","19":"tag-news","20":"tag-noticias","21":"tag-noticias-destacadas","22":"tag-noticiasdestacadas","23":"tag-titulares","24":"tag-ultimas-noticias","25":"tag-ultimasnoticias","26":"tag-world","27":"tag-world-news","28":"tag-worldnews"},"share_on_mastodon":{"url":"","error":""},"_links":{"self":[{"href":"https:\/\/www.europesays.com\/es\/wp-json\/wp\/v2\/posts\/133020","targetHints":{"allow":["GET"]}}],"collection":[{"href":"https:\/\/www.europesays.com\/es\/wp-json\/wp\/v2\/posts"}],"about":[{"href":"https:\/\/www.europesays.com\/es\/wp-json\/wp\/v2\/types\/post"}],"author":[{"embeddable":true,"href":"https:\/\/www.europesays.com\/es\/wp-json\/wp\/v2\/users\/2"}],"replies":[{"embeddable":true,"href":"https:\/\/www.europesays.com\/es\/wp-json\/wp\/v2\/comments?post=133020"}],"version-history":[{"count":0,"href":"https:\/\/www.europesays.com\/es\/wp-json\/wp\/v2\/posts\/133020\/revisions"}],"wp:featuredmedia":[{"embeddable":true,"href":"https:\/\/www.europesays.com\/es\/wp-json\/wp\/v2\/media\/132646"}],"wp:attachment":[{"href":"https:\/\/www.europesays.com\/es\/wp-json\/wp\/v2\/media?parent=133020"}],"wp:term":[{"taxonomy":"category","embeddable":true,"href":"https:\/\/www.europesays.com\/es\/wp-json\/wp\/v2\/categories?post=133020"},{"taxonomy":"post_tag","embeddable":true,"href":"https:\/\/www.europesays.com\/es\/wp-json\/wp\/v2\/tags?post=133020"}],"curies":[{"name":"wp","href":"https:\/\/api.w.org\/{rel}","templated":true}]}}