{"id":133021,"date":"2025-09-23T03:01:07","date_gmt":"2025-09-23T03:01:07","guid":{"rendered":"https:\/\/www.europesays.com\/es\/133021\/"},"modified":"2025-09-23T03:01:07","modified_gmt":"2025-09-23T03:01:07","slug":"el-gobierno-afirmo-en-2024-que-no-sustituia-las-pulseras-antimaltrato-hasta-que-comprobaba-que-las-nuevas-funcionaban","status":"publish","type":"post","link":"https:\/\/www.europesays.com\/es\/133021\/","title":{"rendered":"El Gobierno afirm\u00f3 en 2024 que no sustitu\u00eda las pulseras antimaltrato hasta que comprobaba que las nuevas funcionaban"},"content":{"rendered":"<p style=\"\">El 6 de marzo de 2024, dos diputados del Congreso pertenecientes a Sumar preguntaron por escrito al Gobierno sobre \u00abla alarmante escasez de personal t\u00e9cnico\u00bb encargado de la instalaci\u00f3n de <a href=\"https:\/\/www.abc.es\/sociedad\/fallo-sistema-pulseras-maltratadores-deja-gran-cantidad-20250917165514-nt.html\" target=\"_self\" data-voc-vtm-id=\"in-text-traffic\" title=\"las pulseras para maltratadores\" rel=\"nofollow noopener\">las pulseras para maltratadores<\/a> en Canarias. Aunque en las cuestiones no mencionaban posibles fallos,  &#8230; s\u00ed advert\u00edan de que el d\u00e9ficit de personal \u00aben la empresa concesionaria\u00bb en el archipi\u00e9lago expon\u00eda a las mujeres \u00aba riesgos inminentes\u00bb y compromet\u00eda la eficacia de los dispositivos. El Ejecutivo, que respondi\u00f3 un mes m\u00e1s tarde, se refiri\u00f3 a la sustituci\u00f3n de las pulseras que, dijo, estaba sucediendo en ese momento tras el cambio de la empresa adjudicataria de Telef\u00f3nica a Vodafone. Concretamente afirm\u00f3 que durante el proceso, no se estaba desinstalando ninguno de los antiguos dispositivos hasta que se comprobaba que los nuevos funcionaban correctamente. <\/p>\n<p class=\"voc-p\" style=\"\">En ese momento, y aunque en su respuesta el Gobierno no hizo ninguna alusi\u00f3n a que tuviera conocimiento de los fallos de las nuevas pulseras de los que ha advertido la Fiscal\u00eda, el Ministerio de Igualdad ya era consciente de los problemas que suscitaban los dispositivos. Tal como explic\u00f3<a href=\"https:\/\/www.abc.es\/sociedad\/ministra-igualdad-miente-enviamos-meses-quejas-respecto-20250919194815-nt.html\" target=\"_self\" data-voc-vtm-id=\"in-text-traffic\" title=\" el pasado s\u00e1bado a ABC \u00c1ngeles Carmona\" rel=\"nofollow noopener\"> el pasado s\u00e1bado a ABC \u00c1ngeles Carmona<\/a>, que fue presidenta del Observatorio contra la Violencia Dom\u00e9stica y de G\u00e9nero del Consejo General del Poder Judicial (CGPJ) hasta julio de 2024, ya en enero de ese a\u00f1o tanto ella como el entonces presidente del CGPJ, Vicente Guilarte, se reunieron con la ministra de Igualdad, Ana Redondo, y su gabinete para transmitirles la preocupaci\u00f3n por los nuevos dispositivos. Estos se hab\u00edan cambiado despu\u00e9s de que en la anterior legislatura el equipo de Irene Montero adjudicara la gesti\u00f3n a una uni\u00f3n temporal de empresas formada por Vodafone y Securitas.<\/p>\n<p class=\"voc-p\" style=\"\">\u00abComo resultado del cambio de adjudicataria actualmente se est\u00e1 en proceso de sustituci\u00f3n progresiva de<a href=\"https:\/\/www.abc.es\/sociedad\/fallo-sistema-pulseras-maltratadores-deja-gran-cantidad-20250917165514-nt.html\" target=\"_self\" data-voc-vtm-id=\"in-text-traffic\" title=\" los dispositivos\" rel=\"nofollow noopener\"> los dispositivos<\/a>. En el marco de actuaciones de cooperaci\u00f3n que se llevan a cabo se ha solicitado la colaboraci\u00f3n de todas las instituciones implicadas para el cambio de dispositivos, puesto que la desinstalaci\u00f3n del antiguo dispositivo y la instalaci\u00f3n del nuevo podr\u00e1 tener lugar en dependencias judiciales o policiales a los investigados\/encausados, condenados y a las v\u00edctimas en su domicilio o el lugar que estas indiquen. No se desinstala el dispositivo actual hasta que se haya comprobado que todo funciona correctamente\u00ab, dijo el Ejecutivo en su respuesta, fechada el 12 de abril de 2024. <\/p>\n<p class=\"voc-p\" style=\"\">En su escrito, los diputados de Sumar Nahuel Gonz\u00e1lez y Engracia Rivera advert\u00edan al Ejecutivo sobre la empresa concesionaria, concretamente sobre la falta de personal t\u00e9cnico en la misma. Aseguraban que esta situaci\u00f3n supon\u00eda \u00abun retroceso en la calidad del servicio\u00bb y \u00abun peligro para la integridad de las v\u00edctimas\u00bb, por lo que ped\u00edan que se supervisara \u00abadecuadamente\u00bb la labor de la empresa. <\/p>\n<p class=\"voc-p\" style=\"\">Son varias las preguntas que quedan por responder sobre el fallo de las pulseras. Para empezar, el Ministerio de Igualdad asegur\u00f3 tras conocerse el esc\u00e1ndalo que <a href=\"https:\/\/www.abc.es\/sociedad\/igualdad-escuda-poder-judicial-aviso-posible-problema-20250919164146-nt.html\" target=\"_self\" data-voc-vtm-id=\"in-text-traffic\" title=\"en \u00abning\u00fan momento el Poder Judicial advirti\u00f3\u00bb a la ministra\" rel=\"nofollow noopener\">en \u00abning\u00fan momento el Poder Judicial advirti\u00f3\u00bb a la ministra<\/a> Ana Redondo sobre el asunto. La expresidenta del Observatorio contra la Violencia sobre la Mujer \u00c1ngeles Carmona ya lo desminti\u00f3. Pero este lunes se uni\u00f3 tambi\u00e9n la actual presidenta del Observatorio, Esther Erice, que remiti\u00f3 una carta a la delegada del gobierno contra la Violencia de G\u00e9nero, Carmen Mart\u00ednez Perza, en la que confirma que avisaron reiteradamente de los fallos de las pulseras antimaltrato.<\/p>\n<p>\nExplicaciones a Igualdad\n<\/p>\n<p class=\"voc-p\" style=\"\">Tambi\u00e9n este lunes la Fundaci\u00f3n Mujeres, presidida por Elena Valenciano, reclamaba explicaciones a Igualdad. \u00abQueremos pedirles a las instituciones responsables, empezando por el propio Ministerio de Igualdad, que pongan urgentemente a disposici\u00f3n la informaci\u00f3n real y concreta del alcance de dicha afectaci\u00f3n\u00bb para que no \u00abse ponga en entredicho\u00bb el sistema de las pulseras, que, aseguran, funciona. \u00abNada de lo que haya pasado puede ser peor que la sospecha sobre la efectividad del sistema en su conjunto y la desconfianza de las mujeres en la seguridad que les proporcionan los dispositivos\u00bb, criticaba la fundaci\u00f3n en un comunicado.<\/p>\n<p class=\"voc-p\" style=\"\">En la misma l\u00ednea, la organizaci\u00f3n insiste en que el ministerio y el poder judicial deben evaluar el impacto de los fallos sobre la vida de las mujeres \u00abpara, en su caso, proceder a una reparaci\u00f3n acorde con el da\u00f1o que se haya podido padecer en cada caso\u00bb. <\/p>\n","protected":false},"excerpt":{"rendered":"El 6 de marzo de 2024, dos diputados del Congreso pertenecientes a Sumar preguntaron por escrito al Gobierno&hellip;\n","protected":false},"author":2,"featured_media":133022,"comment_status":"","ping_status":"","sticky":false,"template":"","format":"standard","meta":{"footnotes":""},"categories":[8],"tags":[1382,2977,17,18,25,24,1998,13,14,582,11,42427,42426,19,20,5083,15094,4044,9,10,15,16,3053,40977,18551,23,4453,12,21,22],"class_list":{"0":"post-133021","1":"post","2":"type-post","3":"status-publish","4":"format-standard","5":"has-post-thumbnail","7":"category-espana","8":"tag-1382","9":"tag-aviso","10":"tag-breaking-news","11":"tag-breakingnews","12":"tag-es","13":"tag-espana","14":"tag-falta","15":"tag-featured-news","16":"tag-featurednews","17":"tag-gobierno","18":"tag-headlines","19":"tag-implementacion","20":"tag-inminentes","21":"tag-latest-news","22":"tag-latestnews","23":"tag-maltrato","24":"tag-marzo","25":"tag-mujeres","26":"tag-news","27":"tag-noticias","28":"tag-noticias-destacadas","29":"tag-noticiasdestacadas","30":"tag-personal","31":"tag-pulseras","32":"tag-riesgos","33":"tag-spain","34":"tag-sumar","35":"tag-titulares","36":"tag-ultimas-noticias","37":"tag-ultimasnoticias"},"share_on_mastodon":{"url":"","error":""},"_links":{"self":[{"href":"https:\/\/www.europesays.com\/es\/wp-json\/wp\/v2\/posts\/133021","targetHints":{"allow":["GET"]}}],"collection":[{"href":"https:\/\/www.europesays.com\/es\/wp-json\/wp\/v2\/posts"}],"about":[{"href":"https:\/\/www.europesays.com\/es\/wp-json\/wp\/v2\/types\/post"}],"author":[{"embeddable":true,"href":"https:\/\/www.europesays.com\/es\/wp-json\/wp\/v2\/users\/2"}],"replies":[{"embeddable":true,"href":"https:\/\/www.europesays.com\/es\/wp-json\/wp\/v2\/comments?post=133021"}],"version-history":[{"count":0,"href":"https:\/\/www.europesays.com\/es\/wp-json\/wp\/v2\/posts\/133021\/revisions"}],"wp:featuredmedia":[{"embeddable":true,"href":"https:\/\/www.europesays.com\/es\/wp-json\/wp\/v2\/media\/133022"}],"wp:attachment":[{"href":"https:\/\/www.europesays.com\/es\/wp-json\/wp\/v2\/media?parent=133021"}],"wp:term":[{"taxonomy":"category","embeddable":true,"href":"https:\/\/www.europesays.com\/es\/wp-json\/wp\/v2\/categories?post=133021"},{"taxonomy":"post_tag","embeddable":true,"href":"https:\/\/www.europesays.com\/es\/wp-json\/wp\/v2\/tags?post=133021"}],"curies":[{"name":"wp","href":"https:\/\/api.w.org\/{rel}","templated":true}]}}