{"id":133023,"date":"2025-09-23T03:02:10","date_gmt":"2025-09-23T03:02:10","guid":{"rendered":"https:\/\/www.europesays.com\/es\/133023\/"},"modified":"2025-09-23T03:02:10","modified_gmt":"2025-09-23T03:02:10","slug":"the-telegraph-senala-a-sanchez-por-su-ridicula-hostilidad-hacia-israel-para-tapar-su-corrupcion","status":"publish","type":"post","link":"https:\/\/www.europesays.com\/es\/133023\/","title":{"rendered":"&#8216;The Telegraph&#8217; se\u00f1ala a S\u00e1nchez por su \u00abrid\u00edcula hostilidad\u00bb hacia Israel para tapar su corrupci\u00f3n"},"content":{"rendered":"<p>El <a href=\"https:\/\/okdiario.com\/espana\/telegraph-advierte-pesadilla-socialista-espanola-que-provoca-apagones-cierra-nucleares-14872409\" rel=\"nofollow noopener\" target=\"_blank\">diario brit\u00e1nico<\/a> The Telegraph ha se\u00f1alado a<a href=\"https:\/\/okdiario.com\/espana\/prensa-extranjera-retrata-espana-manchada-problemas-que-amenazan-atrapar-sanchez-14937851\" target=\"_blank\" rel=\"noopener noreferrer nofollow\"> Pedro S\u00e1nchez<\/a>, presidente del Gobierno, por su \u00abrid\u00edcula hostilidad\u00bb contra Israel como un modo de tapar la corrupci\u00f3n que rodea al jefe del Ejecutivo. El medio de comunicaci\u00f3n ingl\u00e9s ha se\u00f1alado que el Gobierno socialista de Espa\u00f1a se ha \u00abestablecido como uno de los m\u00e1s ruidosos\u00bb contra el Gobierno israel\u00ed de <strong>Benjamin Netanyahu.<\/strong> Entre los motivos que da para esta postura del Ejecutivo, el diario brit\u00e1nico recalca los casos de corrupci\u00f3n que envuelven al presidente y como este ha encontrado un tema en el que encuentra \u00abapoyo popular\u00bb.<\/p>\n<p>El <strong><a href=\"https:\/\/www.telegraph.co.uk\/news\/2025\/09\/21\/spain-hostility-to-israel\/\" target=\"_blank\" rel=\"noopener noreferrer nofollow\">art\u00edculo<\/a> publicado<\/strong> por el medio brit\u00e1nico recuerda, entre otros momentos, como S\u00e1nchez aplaudi\u00f3 las protestas para boicotear la Vuelta a Espa\u00f1a \u00abporque un equipo israel\u00ed estaba participando\u00bb y que obligaron a cancelar la \u00faltima etapa de la carrera en Madrid. S\u00e1nchez <a href=\"https:\/\/okdiario.com\/espana\/sanchez-alenta-radicales-propalestinos-vuelta-nuestra-admiracion-pueblo-que-moviliza-15407648\" target=\"_blank\" rel=\"noopener noreferrer nofollow\">agradeci\u00f3 \u00abal pueblo espa\u00f1ol<\/a> que se moviliza por causas justas como la de Palestina\u00bb el mismo d\u00eda que se celebraba la \u00faltima etapa de la Vuelta, algo que ha recordado el Telegraph.<\/p>\n<p>El medio de comunicaci\u00f3n brit\u00e1nico tambi\u00e9n ha recordado a <strong>Ernest Urtasun,<\/strong> ministro de Cultura y miembro de Sumar, que alab\u00f3 a los manifestantes por mostrar \u00abal mundo que la sociedad espa\u00f1ola no tolerar\u00e1 el blanqueamiento del genocidio en eventos culturales y deportivos\u00bb. El titular de cultura y varias voces de su partido han pedido que Israel sea excluida del Festival de Eurovisi\u00f3n y desde<strong> Radio Televisi\u00f3n Espa\u00f1ola (RTVE)<\/strong> ya se amenaza con que Espa\u00f1a se retirar\u00e1 si Israel participa.<\/p>\n<p>El Telegraph repasa varios motivos por los que el Gobierno espa\u00f1ol ha adoptado una postura \u00abtan hostil\u00bb contra Israel. Adem\u00e1s de la <strong>\u00abgenuina convicci\u00f3n\u00bb<\/strong> y de que \u00abEspa\u00f1a es un pa\u00eds profundamente pacifista\u00bb, el medio brit\u00e1nico se\u00f1ala \u00abotra ventaja\u00bb en la actitud del Ejecutivo de S\u00e1nchez contra Israel. \u00abLa oposici\u00f3n rechaza describir la guerra de Gaza como un \u2018genocidio\u2019\u00bb, dice The Telegraph, algo que S\u00e1nchez ha hecho en varias ocasiones.<\/p>\n<p>El diario ingl\u00e9s enumera los diferentes esc\u00e1ndalos de corrupci\u00f3n que envuelven a S\u00e1nchez y que involucran a su mujer, <strong>Bego\u00f1a G\u00f3mez,<\/strong> a su hermano, y a varias figuras de poder del PSOE, como <strong>Santos Cerd\u00e1n,<\/strong> ex n\u00famero 3 del parido. The Telegraph se\u00f1ala tambi\u00e9n que \u00abtodos ellos niegan haber cometido irregularidades\u00bb.\u00a0Para el medio brit\u00e1nico, el Gobierno, en \u00abasediada coalici\u00f3n minoritaria\u00bb, ha encontrado un asunto en el que cuenta \u00abcon un <strong>apoyo popular abrumador\u00bb<\/strong>\u00a0 con el que puede \u00abpresentar a sus oponentes pol\u00edticos como negacionistas del genocidio\u00bb.<\/p>\n","protected":false},"excerpt":{"rendered":"El diario brit\u00e1nico The Telegraph ha se\u00f1alado a Pedro S\u00e1nchez, presidente del Gobierno, por su \u00abrid\u00edcula hostilidad\u00bb contra&hellip;\n","protected":false},"author":2,"featured_media":133024,"comment_status":"","ping_status":"","sticky":false,"template":"","format":"standard","meta":{"footnotes":""},"categories":[5],"tags":[17,18,25,24,13,14,11,19,20,9,10,15,16,23,12,21,22],"class_list":{"0":"post-133023","1":"post","2":"type-post","3":"status-publish","4":"format-standard","5":"has-post-thumbnail","7":"category-titulares","8":"tag-breaking-news","9":"tag-breakingnews","10":"tag-es","11":"tag-espana","12":"tag-featured-news","13":"tag-featurednews","14":"tag-headlines","15":"tag-latest-news","16":"tag-latestnews","17":"tag-news","18":"tag-noticias","19":"tag-noticias-destacadas","20":"tag-noticiasdestacadas","21":"tag-spain","22":"tag-titulares","23":"tag-ultimas-noticias","24":"tag-ultimasnoticias"},"share_on_mastodon":{"url":"","error":""},"_links":{"self":[{"href":"https:\/\/www.europesays.com\/es\/wp-json\/wp\/v2\/posts\/133023","targetHints":{"allow":["GET"]}}],"collection":[{"href":"https:\/\/www.europesays.com\/es\/wp-json\/wp\/v2\/posts"}],"about":[{"href":"https:\/\/www.europesays.com\/es\/wp-json\/wp\/v2\/types\/post"}],"author":[{"embeddable":true,"href":"https:\/\/www.europesays.com\/es\/wp-json\/wp\/v2\/users\/2"}],"replies":[{"embeddable":true,"href":"https:\/\/www.europesays.com\/es\/wp-json\/wp\/v2\/comments?post=133023"}],"version-history":[{"count":0,"href":"https:\/\/www.europesays.com\/es\/wp-json\/wp\/v2\/posts\/133023\/revisions"}],"wp:featuredmedia":[{"embeddable":true,"href":"https:\/\/www.europesays.com\/es\/wp-json\/wp\/v2\/media\/133024"}],"wp:attachment":[{"href":"https:\/\/www.europesays.com\/es\/wp-json\/wp\/v2\/media?parent=133023"}],"wp:term":[{"taxonomy":"category","embeddable":true,"href":"https:\/\/www.europesays.com\/es\/wp-json\/wp\/v2\/categories?post=133023"},{"taxonomy":"post_tag","embeddable":true,"href":"https:\/\/www.europesays.com\/es\/wp-json\/wp\/v2\/tags?post=133023"}],"curies":[{"name":"wp","href":"https:\/\/api.w.org\/{rel}","templated":true}]}}