{"id":133054,"date":"2025-09-23T03:27:08","date_gmt":"2025-09-23T03:27:08","guid":{"rendered":"https:\/\/www.europesays.com\/es\/133054\/"},"modified":"2025-09-23T03:27:08","modified_gmt":"2025-09-23T03:27:08","slug":"la-fiesta-taurina-seguira-viva-adaptandose-a-la-sociedad","status":"publish","type":"post","link":"https:\/\/www.europesays.com\/es\/133054\/","title":{"rendered":"\u00abLa fiesta taurina seguir\u00e1 viva adapt\u00e1ndose a la sociedad\u00bb"},"content":{"rendered":"<p>El abulense Roberto Rodr\u00edguez, escritor que ha demostrado su buen hacer en todos los palos pero que en el mundo de la literatura taurina ha encontrado un motivo de inspiraci\u00f3n especialmente motivador, se ha alzado este a\u00f1o con el segundo galard\u00f3n en el Premio Literario Taurino Doctor Zumel, certamen creado en el a\u00f1o 1989 con el objetivo de fomentar la proyecci\u00f3n y defensa de la tauromaquia y que en su ya larga trayectoria se ha consolidado como uno de los m\u00e1s importantes en su sector.<\/p>\n<p>Propon\u00eda este a\u00f1o el Premio, que no busca obras de ficci\u00f3n sino una ensay\u00edstica bien argumentada y documentada que adem\u00e1s est\u00e9 adornada por una literatura de calidad, desarrollar el tema &#8216;Tauromaquia del siglo XXI: toros, toreros y nuevas suertes del toreo&#8217;, asunto al que respondi\u00f3 Roberto Rodr\u00edguez con un texto en el que, explic\u00f3, \u00abrecorro la historia del toreo a pie con la intenci\u00f3n de analizar el proceso evolutivo de la fiesta brava\u00bb, visi\u00f3n que construy\u00f3 \u00abteniendo en cuenta su progresi\u00f3n y sin perder de vista la sociedad en la que se desarrolla, am\u00e9n de describir, taurinamente, el primer cuarto de esta centuria\u00bb y realizando tambi\u00e9n un \u00abvaticino de c\u00f3mo ser\u00e1 el futuro\u00bb.<\/p>\n<p>Roberto Rodr\u00edguez, que ya hab\u00eda conseguido tambi\u00e9n el segundo puesto en este Premio en su edici\u00f3n de 2023 \u2013galardones en el mundo de la literatura taurina a los que suma primeros premios en el Certamen de Relato Taurino del Club Taurino \u00abLuis Mazzantini\u00bb (2004 y 2022), en el Concurso Literario \u00abTierra de Toros\u00bb (2018) y en el Certamen de Relatos Taurinos del C\u00edrculo Cultural Taurino de Osuna (2016), aparte de haber sido finalista en cinco ediciones del prestigioso Premio Hemingway de Literatura Taurina (2012, 2014, 2015, 2017)\u2013, manifest\u00f3 su \u00abespecial satisfacci\u00f3n\u00bb por este nuevo reconocimiento en el que \u00abest\u00e1 considerado \u00a0el premio \u00a0literario taurino m\u00e1s importante que hay ahora mismo\u00bb, que este a\u00f1o recay\u00f3 en \u00abquien es quiz\u00e1s la m\u00e1xima autoridad en lo que son las suertes del toreo\u00bb.<\/p>\n<p>ensayo con vaticinio. El premio, record\u00f3, no es para literatura de ficci\u00f3n sino para un ensayo \u00abque hay que desarrollar en 30 p\u00e1ginas\u00bb, una tarea de conocimiento, siempre paralela a la de creaci\u00f3n literaria, que le exigi\u00f3 \u00abun trabajo de investigaci\u00f3n muy largo, porque t\u00fa conoces cu\u00e1les son las fuentes a las que debes de recurrir, fundamentalmente las cr\u00f3nicas taurinas, pero sabiendo que no te puedes quedar solamente en ello sino que tambi\u00e9n tienes que argumentar con ideas propias; por ejemplo, para hablar con propiedad de las nuevas suertes del toreo tienes que fundamentarte en el conocimiento de la progresi\u00f3n que han tenido desde sus inicios\u00bb.<\/p>\n<p>La parte de \u00abvaticinio\u00bb que aport\u00f3 a su trabajo, y cuya conclusi\u00f3n principal es la de que \u00abla fiesta taurina seguir\u00e1 viva por el camino de saber adaptarse al momento hist\u00f3rico, la realiz\u00f3, sigui\u00f3 explicando, \u00aba tenor de lo que yo creo una evoluci\u00f3n l\u00f3gica no s\u00f3lo de lo que son las corridas de toros sino de la sociedad en general, porque no tiene nada que ver lo que era un festejo del siglo XIX con lo que es ahora; incluso los aficionados vemos espantados algunas pr\u00e1cticas de antes, como que se echasen perros o se desjarretara a los animales, y vemos bien que la lidia se haya dulcificado y que esa sea la tendencia\u00bb.<\/p>\n<p>Esa adaptaci\u00f3n el presente, apunt\u00f3, \u00abes la tendencia que ayuda a que la lidia no pierda su esencia, porque a los ojos del aficionado se ha llevado a cabo esa dulcificaci\u00f3n que ayuda a que el toro mantenga todo su poder el mayor tiempo posible; y no s\u00f3lo a eso, sino tambi\u00e9n a que ese sacrificio con tantos siglos de historia tenga un sentido, est\u00e9 cargado de esa fuerza de la tradici\u00f3n que va mucho m\u00e1s all\u00e1 del hecho en s\u00ed\u00bb.<\/p>\n","protected":false},"excerpt":{"rendered":"El abulense Roberto Rodr\u00edguez, escritor que ha demostrado su buen hacer en todos los palos pero que en&hellip;\n","protected":false},"author":2,"featured_media":133055,"comment_status":"","ping_status":"","sticky":false,"template":"","format":"standard","meta":{"footnotes":""},"categories":[277],"tags":[373,168,25,24,671,35647,23,167,625,374,444],"class_list":{"0":"post-133054","1":"post","2":"type-post","3":"status-publish","4":"format-standard","5":"has-post-thumbnail","7":"category-toreo","8":"tag-bullfighting","9":"tag-deportes","10":"tag-es","11":"tag-espana","12":"tag-literatura","13":"tag-siglo-xxi","14":"tag-spain","15":"tag-sports","16":"tag-tauromaquia","17":"tag-toreo","18":"tag-toros"},"share_on_mastodon":{"url":"","error":""},"_links":{"self":[{"href":"https:\/\/www.europesays.com\/es\/wp-json\/wp\/v2\/posts\/133054","targetHints":{"allow":["GET"]}}],"collection":[{"href":"https:\/\/www.europesays.com\/es\/wp-json\/wp\/v2\/posts"}],"about":[{"href":"https:\/\/www.europesays.com\/es\/wp-json\/wp\/v2\/types\/post"}],"author":[{"embeddable":true,"href":"https:\/\/www.europesays.com\/es\/wp-json\/wp\/v2\/users\/2"}],"replies":[{"embeddable":true,"href":"https:\/\/www.europesays.com\/es\/wp-json\/wp\/v2\/comments?post=133054"}],"version-history":[{"count":0,"href":"https:\/\/www.europesays.com\/es\/wp-json\/wp\/v2\/posts\/133054\/revisions"}],"wp:featuredmedia":[{"embeddable":true,"href":"https:\/\/www.europesays.com\/es\/wp-json\/wp\/v2\/media\/133055"}],"wp:attachment":[{"href":"https:\/\/www.europesays.com\/es\/wp-json\/wp\/v2\/media?parent=133054"}],"wp:term":[{"taxonomy":"category","embeddable":true,"href":"https:\/\/www.europesays.com\/es\/wp-json\/wp\/v2\/categories?post=133054"},{"taxonomy":"post_tag","embeddable":true,"href":"https:\/\/www.europesays.com\/es\/wp-json\/wp\/v2\/tags?post=133054"}],"curies":[{"name":"wp","href":"https:\/\/api.w.org\/{rel}","templated":true}]}}