{"id":133060,"date":"2025-09-23T03:34:04","date_gmt":"2025-09-23T03:34:04","guid":{"rendered":"https:\/\/www.europesays.com\/es\/133060\/"},"modified":"2025-09-23T03:34:04","modified_gmt":"2025-09-23T03:34:04","slug":"se-ha-cerrado-un-ciclo","status":"publish","type":"post","link":"https:\/\/www.europesays.com\/es\/133060\/","title":{"rendered":"\u00abSe ha cerrado un ciclo\u00bb"},"content":{"rendered":"<p>El director deportivo lleg\u00f3 hace dos a\u00f1os al club de Birmingham tras su pol\u00e9mica salida del Sevilla <\/p>\n<p><img fetchpriority=\"high\" class=\"voc-img\" src=\"https:\/\/www.europesays.com\/es\/wp-content\/uploads\/2025\/09\/monchi-RdKUoVpnlH9ZbalPAWQQjqJ-1200x840@diario_abc.jpg\" loading=\"eager\" decoding=\"async\" alt=\"Monchi se marcha del Aston Villa: \u00abSe ha cerrado un ciclo\u00bb\" width=\"1200\" height=\"840\"\/><\/p>\n<p><img decoding=\"async\" class=\"voc-author__img\" src=\"https:\/\/www.europesays.com\/es\/wp-content\/uploads\/2025\/08\/autor-4184-foto-8.jpeg\" alt=\"Candela V\u00e1zquez\"\/><\/p>\n<p class=\"voc-p\" style=\"\">No ha sido un verano f\u00e1cil para el<strong> Aston Villa<\/strong>. Las normas del fair play financiero de la <strong>Premier League<\/strong> han tenido ahogado al club, que ha tenido que pagar 11 millones de libras como castigo de la UEFA por exceder el 80% del l\u00edmite de gasto y no puede invertir m\u00e1s de lo que genera. Una situaci\u00f3n que ha hecho que las relaciones se hayan tensionado entre los dirigentes del club y su director de operaciones, <strong>Ram\u00f3n Rodr\u00edguez Verdejo &#8216;Monchi&#8217;.<\/strong><\/p>\n<p class=\"voc-p\" style=\"\">Seg\u00fan ha adelantado The Athletic,<strong> el de San Fernando est\u00e1 a punto de salir del Aston Villa<\/strong> tras disputarse s\u00f3lo cinco jornadas. <strong>ABC de Sevilla<\/strong> ha podido hablar con el entorno del director deportivo, que <strong>ha confirmado su salida<\/strong> alegando que ha llegado un fin de ciclo y que, ahora, pretende descansar y centrarse en su proyecto en su tierra natal. Y es que Monchi ha fundado el CD San Fernando 1940, junto a su hijo Alejandro, Sergio y Ren\u00e9 Ramos, cogiendo el relevo del desaparecido San Fernando CD.<\/p>\n<p class=\"voc-p\" style=\"\">Monchi se marcha del Aston Villa a falta de dos d\u00edas de que el equipo se estrene en la <strong>Europa League<\/strong> ante el Bolonia. El equipo dirigido por Unai Emery no ha arrancado nada bien la temporada y es actualmente antepen\u00faltimo con solo tres empates y ha sido eliminado de la Carabao Cup.<\/p>\n<p class=\"voc-p\" style=\"\">Cabe recordar que<a href=\"https:\/\/www.abc.es\/deportes\/orgullodenervion\/noticias-sevilla-fc\/sevi-aston-villa-lleva-monchi-3-millones-euros-202306151327_noticia.html\" target=\"_self\" data-voc-vtm-id=\"in-text-traffic\" title=\" el de San Fernando se march\u00f3 hace dos a\u00f1os del Sevilla FC\" data-mrf-link=\"www.abc.es\" rel=\"nofollow noopener\"> el de San Fernando se march\u00f3 hace dos a\u00f1os del Sevilla FC<\/a> tras ganar la s\u00e9ptima Europa League. Sus desavenencias con la actual directiva sevillista lo llevaron a aceptar la oferta del Aston Villa y firm\u00f3 un contrato por cuatro temporadas.<\/p>\n<p>Reportar un error<\/p>\n","protected":false},"excerpt":{"rendered":"El director deportivo lleg\u00f3 hace dos a\u00f1os al club de Birmingham tras su pol\u00e9mica salida del Sevilla No&hellip;\n","protected":false},"author":2,"featured_media":133061,"comment_status":"","ping_status":"","sticky":false,"template":"","format":"standard","meta":{"footnotes":""},"categories":[268],"tags":[10401,168,25,24,280,282,14766,2320,16427,281,23,167,14221],"class_list":{"0":"post-133060","1":"post","2":"type-post","3":"status-publish","4":"format-standard","5":"has-post-thumbnail","7":"category-futbol","8":"tag-aston","9":"tag-deportes","10":"tag-es","11":"tag-espana","12":"tag-football","13":"tag-futbol","14":"tag-monchi","15":"tag-punto","16":"tag-salir","17":"tag-soccer","18":"tag-spain","19":"tag-sports","20":"tag-villa"},"share_on_mastodon":{"url":"","error":""},"_links":{"self":[{"href":"https:\/\/www.europesays.com\/es\/wp-json\/wp\/v2\/posts\/133060","targetHints":{"allow":["GET"]}}],"collection":[{"href":"https:\/\/www.europesays.com\/es\/wp-json\/wp\/v2\/posts"}],"about":[{"href":"https:\/\/www.europesays.com\/es\/wp-json\/wp\/v2\/types\/post"}],"author":[{"embeddable":true,"href":"https:\/\/www.europesays.com\/es\/wp-json\/wp\/v2\/users\/2"}],"replies":[{"embeddable":true,"href":"https:\/\/www.europesays.com\/es\/wp-json\/wp\/v2\/comments?post=133060"}],"version-history":[{"count":0,"href":"https:\/\/www.europesays.com\/es\/wp-json\/wp\/v2\/posts\/133060\/revisions"}],"wp:featuredmedia":[{"embeddable":true,"href":"https:\/\/www.europesays.com\/es\/wp-json\/wp\/v2\/media\/133061"}],"wp:attachment":[{"href":"https:\/\/www.europesays.com\/es\/wp-json\/wp\/v2\/media?parent=133060"}],"wp:term":[{"taxonomy":"category","embeddable":true,"href":"https:\/\/www.europesays.com\/es\/wp-json\/wp\/v2\/categories?post=133060"},{"taxonomy":"post_tag","embeddable":true,"href":"https:\/\/www.europesays.com\/es\/wp-json\/wp\/v2\/tags?post=133060"}],"curies":[{"name":"wp","href":"https:\/\/api.w.org\/{rel}","templated":true}]}}