{"id":133062,"date":"2025-09-23T03:35:04","date_gmt":"2025-09-23T03:35:04","guid":{"rendered":"https:\/\/www.europesays.com\/es\/133062\/"},"modified":"2025-09-23T03:35:04","modified_gmt":"2025-09-23T03:35:04","slug":"jimmy-kimmel-recupera-su-programa","status":"publish","type":"post","link":"https:\/\/www.europesays.com\/es\/133062\/","title":{"rendered":"Jimmy Kimmel recupera su programa"},"content":{"rendered":"<p>&#8216;Jimmy Kimmel Live&#8217; volver\u00e1 a las pantallas estadounidenses este mismo lunes. Y con \u00e9l, un rayo de luz para quienes vieron en la abrupta  &#8230; cancelaci\u00f3n de su programa el \u00faltimo mazazo autoritario de Donald Trump a la libertad de expresi\u00f3n. \u00abAmo a mi pa\u00eds, pero en este momento no lo reconozco\u00bb, dijo consternada Angelina Jolie desde Espa\u00f1a. <\/p>\n<p class=\"v-p\">En un inesperado comunicado, los m\u00e1ximos ejecutivos de Walt Disney aseguraron este lunes haber pasado \u00ablos \u00faltimos d\u00edas\u00bb en conversaciones con el humorista pol\u00edtico, tras reflexionar sobre el revuelo desatado. \u00abTomamos la decisi\u00f3n de suspender la producci\u00f3n del programa para evitar avivar a\u00fan m\u00e1s una situaci\u00f3n tensa, en un momento emocional para nuestro pa\u00eds\u00bb, se justificaron. Como comprob\u00f3 el asesino de Charlie Kirk, a veces la muerte no silencia a las voces estridentes, sino que las engrandece m\u00e1s de lo que nunca imaginaron. <\/p>\n<p><a href=\"http:\/\/www.elcorreo.com\/internacional\/eeuu\/fulminan-late-night-jimmy-kimmel-tras-dos-20250918082235-ntrc.html#vtm_modulosEngag=mod-rel:internacional:noticia:1:cmp:2-not\" class=\"v-a-link\" title=\"Fulminan el &#039;late night&#039; de Jimmy Kimmel tras dos d\u00e9cadas en antena y Trump lo celebra\" rel=\"nofollow noopener\" target=\"_blank\"><br \/>\n<img decoding=\"async\" loading=\"lazy\" class=\"v-a-img\" src=\"https:\/\/www.europesays.com\/es\/wp-content\/uploads\/2025\/09\/kimmel-ku9E--366x256@RC-RC.jpg\" alt=\"Fulminan el 'late night' de Jimmy Kimmel tras dos d\u00e9cadas en antena y Trump lo celebra\"\/><br \/>\n<\/a><\/p>\n<p><a href=\"http:\/\/www.elcorreo.com\/internacional\/eeuu\/presentadores-late-night-shows-estados-unidos-estallan-20250919112149-ntrc.html#vtm_modulosEngag=mod-rel:internacional:noticia:2:cmp:2-not\" class=\"v-a-link\" title=\"Los presentadores de los &#039;late night shows&#039; estallan contra el presidente de EEUU tras la \u00abcensura\u00bb a Kimmel\" rel=\"nofollow noopener\" target=\"_blank\"><br \/>\n<img decoding=\"async\" loading=\"lazy\" class=\"v-a-img\" src=\"https:\/\/www.europesays.com\/es\/wp-content\/uploads\/2025\/09\/stewart-fallon-colbergh-meyers-apoyo-kimmel-kILG--366x256@RC.jpg\" alt=\"Los presentadores de los 'late night shows' estallan contra el presidente de EEUU tras la \u00abcensura\u00bb a Kimmel\"\/><br \/>\n<\/a><\/p>\n<p class=\"v-p\">Con una fortuna estimada de 50 millones de d\u00f3lares y un sueldo de 15 millones anuales, Kimmel ten\u00eda la vida resuelta con o sin programa. El verdadero da\u00f1o de su despido era para los millones de estadounidenses que cada noche encontraban en su humor pol\u00edtico una v\u00e1lvula de escape a los duros tiempos que vive el progresismo en EEUU, bajo asedio del gobierno. Trump no hab\u00eda ocultado su satisfacci\u00f3n por otro despido anunciada por \u00e9l mismo en las redes sociales en julio pasado, cuando celebr\u00f3 el despido de, Stephen Colbert, otro gran humorista pol\u00edtico, poniendo a Kimmel en la diana: \u00abHe o\u00eddo que Jimmy Kimmel es el pr\u00f3ximo, \u00a1tiene todav\u00eda menos talento que Colbert!\u00bb, anticip\u00f3 despectivo.<\/p>\n<p class=\"v-p\">Los ejecutivos de Disney hicieron caso omiso hasta que la semana pasada el presidente envi\u00f3 al encargado de la Comisi\u00f3n Federal de Comunicaciones (FCC, por sus siglas en ingl\u00e9s) a amenazar a la cadena ABC con retirarle la licencia. Trump ya le hab\u00eda sacado 16 millones de d\u00f3lares para su Biblioteca Presidencial con una demanda pactada, en lo que se consider\u00f3 una extorsi\u00f3n en toda regla. Seg\u00fan varias fuentes, el consejero delegado de Disney, Bob Iger, no quer\u00eda tener problemas con Trump y decidi\u00f3 entregarle su cabeza, con la excusa de que sus comentarios sobre la muerte del l\u00edder juvenil de ultraderecha, Charlie Kirk, hab\u00edan sido \u00abinoportunos e insensibles\u00bb. En eso, la cadena no se ha retractado.<\/p>\n<p class=\"v-p\">Sin mencionarlas, Kimmel parec\u00eda haberse hecho eco de algunas teor\u00edas conspirativas que asociaban a Kirk con un movimiento de neonazis llamado Groyper Army, al decir que \u00abla panda MAGA (en referencia al movimiento de Make America Great Again fundado por Trump) intenta desesperadamente caracterizar al chico que asesin\u00f3 a Charlie Kirk como algo distinto a ellos\u00bb. Pero, sobre todo, el humorista criticaba lo que todo el mundo pod\u00eda ver: \u00abIntentan sacar r\u00e9dito pol\u00edtico de ello\u00bb, acus\u00f3 Kimmel. El golpe para silenciarlo la cr\u00edtica mordaz que le caracteriza fue, de facto, un golpe contra todos los que piensan como \u00e9l.<\/p>\n<p class=\"v-p\">Llegaba, adem\u00e1s, tras una astron\u00f3mica demanda de 15.000 millones de d\u00f3lares contra The New York Times -desestimada el viernes por un juez- y otra contra The Wall Street Journal por 5.000 millones. La amenaza p\u00fablica del presidente de la FCC era, adem\u00e1s, una amenaza gen\u00e9rica que ataba en corto a todos los cr\u00edticos del presidente y su c\u00edrculo, hasta el punto de que muchos comenzaron a cuestionarse la propia existencia de las cadenas de televisi\u00f3n, a juzgar de que dependen del gobierno para su emisi\u00f3n.<\/p>\n<p class=\"v-p\">\u00abPodemos hacer esto por las buenas, o las empresas pueden encontrar la manera de cambiar su conducta\u00bb, advirti\u00f3 Brendan Carr, que lleg\u00f3 al cargo con el apoyo de Elon Musk. En cuesti\u00f3n de horas, Disney anunci\u00f3 la cancelaci\u00f3n del programa, para regocijo del presidente: \u00ab\u00a1Grandes noticias para EEUU!\u00bb, aplaudi\u00f3 al criticar despectivamente los ratings de la estrella televisiva a la que lleva tiempo atacando. \u00ab\u00a1Espero que yo haya jugado un importante papel en ello!\u00bb. Falta a\u00fan saber c\u00f3mo se toma el mandatario la restituci\u00f3n del programa que tanto odia. <\/p>\n","protected":false},"excerpt":{"rendered":"&#8216;Jimmy Kimmel Live&#8217; volver\u00e1 a las pantallas estadounidenses este mismo lunes. Y con \u00e9l, un rayo de luz&hellip;\n","protected":false},"author":2,"featured_media":133063,"comment_status":"","ping_status":"","sticky":false,"template":"","format":"standard","meta":{"footnotes":""},"categories":[174],"tags":[255,146,147,25,24,256,20984,20985,2145,6833,23],"class_list":{"0":"post-133062","1":"post","2":"type-post","3":"status-publish","4":"format-standard","5":"has-post-thumbnail","7":"category-famosos","8":"tag-celebrities","9":"tag-entertainment","10":"tag-entretenimiento","11":"tag-es","12":"tag-espana","13":"tag-famosos","14":"tag-jimmy","15":"tag-kimmel","16":"tag-programa","17":"tag-recupera","18":"tag-spain"},"share_on_mastodon":{"url":"","error":""},"_links":{"self":[{"href":"https:\/\/www.europesays.com\/es\/wp-json\/wp\/v2\/posts\/133062","targetHints":{"allow":["GET"]}}],"collection":[{"href":"https:\/\/www.europesays.com\/es\/wp-json\/wp\/v2\/posts"}],"about":[{"href":"https:\/\/www.europesays.com\/es\/wp-json\/wp\/v2\/types\/post"}],"author":[{"embeddable":true,"href":"https:\/\/www.europesays.com\/es\/wp-json\/wp\/v2\/users\/2"}],"replies":[{"embeddable":true,"href":"https:\/\/www.europesays.com\/es\/wp-json\/wp\/v2\/comments?post=133062"}],"version-history":[{"count":0,"href":"https:\/\/www.europesays.com\/es\/wp-json\/wp\/v2\/posts\/133062\/revisions"}],"wp:featuredmedia":[{"embeddable":true,"href":"https:\/\/www.europesays.com\/es\/wp-json\/wp\/v2\/media\/133063"}],"wp:attachment":[{"href":"https:\/\/www.europesays.com\/es\/wp-json\/wp\/v2\/media?parent=133062"}],"wp:term":[{"taxonomy":"category","embeddable":true,"href":"https:\/\/www.europesays.com\/es\/wp-json\/wp\/v2\/categories?post=133062"},{"taxonomy":"post_tag","embeddable":true,"href":"https:\/\/www.europesays.com\/es\/wp-json\/wp\/v2\/tags?post=133062"}],"curies":[{"name":"wp","href":"https:\/\/api.w.org\/{rel}","templated":true}]}}