{"id":133066,"date":"2025-09-23T03:37:12","date_gmt":"2025-09-23T03:37:12","guid":{"rendered":"https:\/\/www.europesays.com\/es\/133066\/"},"modified":"2025-09-23T03:37:12","modified_gmt":"2025-09-23T03:37:12","slug":"estan-las-bibliotecas-privadas-en-vias-de-extincion","status":"publish","type":"post","link":"https:\/\/www.europesays.com\/es\/133066\/","title":{"rendered":"\u00bfEst\u00e1n las bibliotecas privadas en v\u00edas de extinci\u00f3n?"},"content":{"rendered":"<p>Mi sorpresa fue casi del tama\u00f1o de mi tristeza cuando le ofrec\u00ed libros de mi biblioteca a uno de mis vecinos y me respondi\u00f3 gracias, pero no.<\/p>\n<p>No vaya usted a pensar que mi vecino es un pat\u00e1n. Es un hombre muy bien educado, excoronel de la Fuerza A\u00e9rea y quien ahora trabaja desarrollando tecnolog\u00eda satelital en una compa\u00f1\u00eda importante.<\/p>\n<p>Su respuesta fue contundente, sin arrogancia pero desoladora. \u201cTenemos muchos libros en la casa y no queremos m\u00e1s \u2013me dijo\u2013; adem\u00e1s, la informaci\u00f3n que necesitamos est\u00e1 en l\u00ednea y no ocupa espacio en mi casa\u201d.<\/p>\n<p>\u00bfTendr\u00e1 raz\u00f3n?, pens\u00e9. Hace m\u00e1s de 60 a\u00f1os que mi esposa y yo coleccionamos libros con absoluta devoci\u00f3n. Llegamos a juntar unos diez mil que en alg\u00fan momento ya no cab\u00edan en nuestros libreros. Eran tantos que tuvimos que hacer un escrutinio que nos llev\u00f3 a donar unos 5.000 a la biblioteca de nuestra comunidad. Pero nunca pensamos que los libros desechados fueran obsoletos o reemplazables.<\/p>\n<p>Cuando me retir\u00e9 de mi trabajo formal y decid\u00ed volver a la escuela comprob\u00e9 que durante los casi cinco a\u00f1os que pas\u00e9 investigando para mi disertaci\u00f3n doctoral, por lo menos la mitad de los documentos que tuve que leer estaban en l\u00ednea, aunque todav\u00eda hab\u00eda que leer muchos libros. Adem\u00e1s, mientras yo le\u00eda en la computadora, mi esposa golosamente se despachaba en promedio tres libros gordos de historia, de mujeres eminentes y de cr\u00f3nicas de viajes al mes.<\/p>\n<p>Hoy estamos a punto de mudarnos a un espacio notablemente m\u00e1s reducido que el que tenemos ahora y debemos disminuir dr\u00e1sticamente nuestra biblioteca, y me pregunto si mi dilema es universal: \u00bfest\u00e1 la biblioteca privada en v\u00edas de extinci\u00f3n?<\/p>\n<p>Para responder mi pregunta acud\u00ed a \u00c1lex Grijelmo, un hombre de letras excepcional, orfebre de la lengua espa\u00f1ola que hace m\u00e1s de 40 a\u00f1os nos ilustra desde las p\u00e1ginas de El Pa\u00eds, el diario espa\u00f1ol de referencia en nuestro idioma.<\/p>\n<p>Creo que es evidente que algunos tipos de bibliotecas privadas est\u00e1n en alto riesgo, y que las que no se adaptan a la era digital corren un riesgo especial.<\/p>\n<p>\u201cLa cuesti\u00f3n que planteas est\u00e1 generalizada. Y, en efecto, no es f\u00e1cil que un particular asuma una biblioteca ajena, ni tampoco las instituciones que se supone deber\u00edan estar interesadas en ello\u201d.<\/p>\n<p>\u00bfY a qu\u00e9 crees que se debe esta lamentable tendencia?, le pregunto.<\/p>\n<p>\u201cEl problema de la vivienda (cada vez son m\u00e1s peque\u00f1as y m\u00e1s caras) se ha aliado con la idea de que todos los libros est\u00e1n en la red, lo que no es cierto (creo), y tambi\u00e9n con la falsa idea de que da lo mismo leer en una pantalla que sobre un papel. Como se viene demostrando, se memorizan y se asimilan mejor los contenidos que aparecen en el formato del libro tradicional\u201d, me responde Grijelmo.<\/p>\n<p>Y no es solo en Espa\u00f1a donde se manifiesta el problema, entre 2003 y 2023, la poblaci\u00f3n que lee por diversi\u00f3n en Estados Unidos ha ca\u00eddo un 40 %.<\/p>\n<p>Frente a este desaf\u00edo no dejo de pensar en el triste panorama que nos ofrece la historia. La Gran Biblioteca de Alejandr\u00eda fue consumida por incendios y descuidos; la de N\u00ednive fue saqueada por los mongoles; la de P\u00e9rgamo se perdi\u00f3 cuando la riqueza de la ciudad declin\u00f3 en la \u00e9poca romana; la de la duquesa Ana Amalia, en Weimar, se incendi\u00f3 parcialmente, aunque, afortunadamente, gran parte de la colecci\u00f3n se ha recuperado.<\/p>\n<p>Hablar de \u201cextinci\u00f3n\u201d de la biblioteca privada puede ser exagerado, pero de lo que no cabe duda es de que su supervivencia est\u00e1 en duda y bajo enorme presi\u00f3n. Peor a\u00fan, creo que es evidente que algunos tipos de bibliotecas privadas est\u00e1n en alto riesgo, y que las que no se adaptan a la era digital corren un riesgo especial.<\/p>\n<p>No tengo ni idea de c\u00f3mo solucionar el problema de la reducci\u00f3n espacial de la vivienda, pero creo que las bibliotecas privadas con contenido raro, especial o de archivo tienen m\u00e1s probabilidades de sobrevivir, aunque su supervivencia depende de preservar dicho contenido y hacerlo accesible.<\/p>\n","protected":false},"excerpt":{"rendered":"Mi sorpresa fue casi del tama\u00f1o de mi tristeza cuando le ofrec\u00ed libros de mi biblioteca a uno&hellip;\n","protected":false},"author":2,"featured_media":133067,"comment_status":"","ping_status":"","sticky":false,"template":"","format":"standard","meta":{"footnotes":""},"categories":[172],"tags":[8286,224,21611,146,147,25,24,3317,1807,225,23,3633],"class_list":{"0":"post-133066","1":"post","2":"type-post","3":"status-publish","4":"format-standard","5":"has-post-thumbnail","7":"category-libros","8":"tag-bibliotecas","9":"tag-books","10":"tag-conocimiento","11":"tag-entertainment","12":"tag-entretenimiento","13":"tag-es","14":"tag-espana","15":"tag-internet","16":"tag-lectura","17":"tag-libros","18":"tag-spain","19":"tag-vivienda"},"share_on_mastodon":{"url":"","error":""},"_links":{"self":[{"href":"https:\/\/www.europesays.com\/es\/wp-json\/wp\/v2\/posts\/133066","targetHints":{"allow":["GET"]}}],"collection":[{"href":"https:\/\/www.europesays.com\/es\/wp-json\/wp\/v2\/posts"}],"about":[{"href":"https:\/\/www.europesays.com\/es\/wp-json\/wp\/v2\/types\/post"}],"author":[{"embeddable":true,"href":"https:\/\/www.europesays.com\/es\/wp-json\/wp\/v2\/users\/2"}],"replies":[{"embeddable":true,"href":"https:\/\/www.europesays.com\/es\/wp-json\/wp\/v2\/comments?post=133066"}],"version-history":[{"count":0,"href":"https:\/\/www.europesays.com\/es\/wp-json\/wp\/v2\/posts\/133066\/revisions"}],"wp:featuredmedia":[{"embeddable":true,"href":"https:\/\/www.europesays.com\/es\/wp-json\/wp\/v2\/media\/133067"}],"wp:attachment":[{"href":"https:\/\/www.europesays.com\/es\/wp-json\/wp\/v2\/media?parent=133066"}],"wp:term":[{"taxonomy":"category","embeddable":true,"href":"https:\/\/www.europesays.com\/es\/wp-json\/wp\/v2\/categories?post=133066"},{"taxonomy":"post_tag","embeddable":true,"href":"https:\/\/www.europesays.com\/es\/wp-json\/wp\/v2\/tags?post=133066"}],"curies":[{"name":"wp","href":"https:\/\/api.w.org\/{rel}","templated":true}]}}