{"id":133094,"date":"2025-09-23T04:05:04","date_gmt":"2025-09-23T04:05:04","guid":{"rendered":"https:\/\/www.europesays.com\/es\/133094\/"},"modified":"2025-09-23T04:05:04","modified_gmt":"2025-09-23T04:05:04","slug":"librotea-comunidad-de-madrid","status":"publish","type":"post","link":"https:\/\/www.europesays.com\/es\/133094\/","title":{"rendered":"Librotea | Comunidad de Madrid"},"content":{"rendered":"<p>Librotea<\/p>\n<p>\u00a0<\/p>\n<p>Int\u00e9rpretes:<\/p>\n<p><strong>Pepe Verdes<\/strong><br \/><strong>Brenda Navarro<\/strong><br \/><strong>Javier Pe\u00f1a<\/strong><\/p>\n<p>\u00a0<\/p>\n<p><strong>Sobre la actividad:<\/strong><\/p>\n<p>\u200bEn octubre de 2025, Librotea celebra el d\u00e9cimo aniversario de su lanzamiento como portal de recomendaci\u00f3n de libros y lo hace de la mano de Fundaci\u00f3n Casa de M\u00e9xico en Espa\u00f1a.<\/p>\n<p>Desde su inicio, el modelo de Librotea ha sido distinto: en lugar de delegar la b\u00fasqueda de libros en algoritmos, ha confiado en las voces de escritores, m\u00fasicos, cineastas y otras personalidades de la cultura que, durante esta d\u00e9cada, han compartido los libros que m\u00e1s los marcaron, ya sea como lectores o como fuente de inspiraci\u00f3n para sus propias obras.<\/p>\n<p>Para conmemorar este recorrido, Librotea ha preparado un Informe sobre la Lectura y el Libro, que repasa los \u00faltimos diez a\u00f1os a trav\u00e9s de las preferencias de sus lectores y de los profundos cambios que ha experimentado el sector editorial en este tiempo.<\/p>\n<p>Nacido en el diario El Pa\u00eds y posteriormente adquirido por el Grupo Milenio en M\u00e9xico, Librotea siempre ha mantenido una clara vocaci\u00f3n hispanoamericana, tendiendo puentes entre las dos orillas y recogiendo lo mejor de la literatura de ambos mundos.<\/p>\n<p>Con la participaci\u00f3n de los escritores Brenda Navarro y Javier Pe\u00f1a, y del director de Librotea, Pepe Verdes.<\/p>\n<p>\u00a0<\/p>\n<p><img loading=\"lazy\" decoding=\"async\" alt=\"Logo de Fundaci\u00f3n de Casa de M\u00e9xico en Espa\u00f1a\" title=\"Fundaci\u00f3n de Casa de M\u00e9xico en Espa\u00f1a\" style=\"float: left; width: 195px; height: 110px;\" class=\"media-element file-default\" data-delta=\"4\" typeof=\"foaf:Image\" src=\"https:\/\/www.europesays.com\/es\/wp-content\/uploads\/2025\/09\/logo_fundacion-casa-mexico-espana.jpg\" width=\"919\" height=\"519\"\/><\/p>\n<p>\u00a0<\/p>\n","protected":false},"excerpt":{"rendered":"Librotea \u00a0 Int\u00e9rpretes: Pepe VerdesBrenda NavarroJavier Pe\u00f1a \u00a0 Sobre la actividad: \u200bEn octubre de 2025, Librotea celebra el&hellip;\n","protected":false},"author":2,"featured_media":133095,"comment_status":"","ping_status":"","sticky":false,"template":"","format":"standard","meta":{"footnotes":""},"categories":[172],"tags":[224,146,147,25,24,225,23],"class_list":{"0":"post-133094","1":"post","2":"type-post","3":"status-publish","4":"format-standard","5":"has-post-thumbnail","7":"category-libros","8":"tag-books","9":"tag-entertainment","10":"tag-entretenimiento","11":"tag-es","12":"tag-espana","13":"tag-libros","14":"tag-spain"},"share_on_mastodon":{"url":"","error":""},"_links":{"self":[{"href":"https:\/\/www.europesays.com\/es\/wp-json\/wp\/v2\/posts\/133094","targetHints":{"allow":["GET"]}}],"collection":[{"href":"https:\/\/www.europesays.com\/es\/wp-json\/wp\/v2\/posts"}],"about":[{"href":"https:\/\/www.europesays.com\/es\/wp-json\/wp\/v2\/types\/post"}],"author":[{"embeddable":true,"href":"https:\/\/www.europesays.com\/es\/wp-json\/wp\/v2\/users\/2"}],"replies":[{"embeddable":true,"href":"https:\/\/www.europesays.com\/es\/wp-json\/wp\/v2\/comments?post=133094"}],"version-history":[{"count":0,"href":"https:\/\/www.europesays.com\/es\/wp-json\/wp\/v2\/posts\/133094\/revisions"}],"wp:featuredmedia":[{"embeddable":true,"href":"https:\/\/www.europesays.com\/es\/wp-json\/wp\/v2\/media\/133095"}],"wp:attachment":[{"href":"https:\/\/www.europesays.com\/es\/wp-json\/wp\/v2\/media?parent=133094"}],"wp:term":[{"taxonomy":"category","embeddable":true,"href":"https:\/\/www.europesays.com\/es\/wp-json\/wp\/v2\/categories?post=133094"},{"taxonomy":"post_tag","embeddable":true,"href":"https:\/\/www.europesays.com\/es\/wp-json\/wp\/v2\/tags?post=133094"}],"curies":[{"name":"wp","href":"https:\/\/api.w.org\/{rel}","templated":true}]}}