{"id":133106,"date":"2025-09-23T04:11:09","date_gmt":"2025-09-23T04:11:09","guid":{"rendered":"https:\/\/www.europesays.com\/es\/133106\/"},"modified":"2025-09-23T04:11:09","modified_gmt":"2025-09-23T04:11:09","slug":"priscilla-presley-rompio-el-silencio-sobre-las-infidelidades-de-elvis-presley-y-su-vida-juntos","status":"publish","type":"post","link":"https:\/\/www.europesays.com\/es\/133106\/","title":{"rendered":"Priscilla Presley rompi\u00f3 el silencio sobre las infidelidades de Elvis Presley y su vida juntos"},"content":{"rendered":"<p><img alt=\"Priscilla Presley revela c\u00f3mo las\" class=\"global-image\" decoding=\"async\" fetchpriority=\"high\" height=\"1079\" loading=\"eager\" src=\"https:\/\/www.europesays.com\/es\/wp-content\/uploads\/2025\/09\/PBOL5I5JF5FG5B22EBRLHNPJM4.jpg\" width=\"1920\"\/>Priscilla Presley revela c\u00f3mo las infidelidades de Elvis afectaron su matrimonio y vida familiar (AP\/Perry Aycock, archivo)<\/p>\n<p class=\"paragraph\"><a href=\"https:\/\/www.infobae.com\/entretenimiento\/2025\/09\/17\/la-desgarradora-decision-de-priscilla-presley-asi-fue-el-momento-en-que-retiro-el-soporte-vital-a-su-hija\/\" target=\"_blank\" rel=\"noreferrer nofollow noopener\" title=\"https:\/\/www.infobae.com\/entretenimiento\/2025\/09\/17\/la-desgarradora-decision-de-priscilla-presley-asi-fue-el-momento-en-que-retiro-el-soporte-vital-a-su-hija\/\">Priscilla Presley<\/a> abord\u00f3 c\u00f3mo las indiscreciones de <a href=\"https:\/\/www.infobae.com\/entretenimiento\/2025\/09\/20\/priscilla-presley-hablo-sobre-los-rumores-de-que-elvis-habria-fingido-su-muerte\/\" target=\"_blank\" rel=\"noreferrer nofollow noopener\" title=\"https:\/\/www.infobae.com\/entretenimiento\/2025\/09\/20\/priscilla-presley-hablo-sobre-los-rumores-de-que-elvis-habria-fingido-su-muerte\/\">Elvis Presley<\/a> influyeron en su vida en com\u00fan, aunque insisti\u00f3 en que \u00e9l segu\u00eda siendo \u201c<b>un buen marido<\/b>\u201d, a pesar de que la convivencia se volvi\u00f3 insostenible por la presencia constante de \u201c<b>demasiadas personas<\/b>\u201d en su entorno.<\/p>\n<p class=\"paragraph\">En conversaci\u00f3n con la revista People, la empresaria y actriz de 80 a\u00f1os relat\u00f3 que su vida junto a Elvis estuvo marcada por una rutina poco convencional, sobre todo durante los periodos en que el cantante retom\u00f3 su carrera en Las Vegas.<\/p>\n<p class=\"paragraph\">La pareja ten\u00eda una residencia en Palm Springs, a la que Priscilla acud\u00eda mientras Elvis se encontraba en la ciudad del juego.<\/p>\n<p class=\"paragraph\">All\u00ed, revisaba el estado de la casa y se ocupaba de detalles dom\u00e9sticos, pero tambi\u00e9n encontraba correspondencia dirigida a Elvis proveniente de numerosas admiradoras.<\/p>\n<p class=\"paragraph\">\u201cLe\u00eda el correo y <b>lo que encontraba no me gustaba en absoluto<\/b>\u201d, record\u00f3. Seg\u00fan su testimonio, los fines de semana en los que Elvis regresaba a casa, la situaci\u00f3n se transformaba en una vida paralela, con <b>visitas de otras mujeres<\/b>.<\/p>\n<p><img alt=\"La empresaria detalla la convivencia\" class=\"global-image\" decoding=\"async\" fetchpriority=\"low\" height=\"2691\" loading=\"lazy\" src=\"https:\/\/www.europesays.com\/es\/wp-content\/uploads\/2025\/09\/4O5PPXR4WVAAPMMM62UJJZAIHQ.jpg\" width=\"3840\"\/>La empresaria detalla la convivencia con Elvis y la presi\u00f3n de su entorno en una entrevista con People (EFE\/Isabel Infantes)<\/p>\n<p class=\"paragraph\">A pesar de ello, Priscilla recalc\u00f3 que Elvis manten\u00eda una actitud afectuosa al regresar al hogar, pese a que la convivencia se complic\u00f3 por la cantidad de personas involucradas en su vida privada.<\/p>\n<p class=\"paragraph\">El v\u00ednculo entre Priscilla y Elvis se remonta a 1959, cuando se conocieron en Alemania mientras \u00e9l cumpl\u00eda el servicio militar y ella ten\u00eda apenas 14 a\u00f1os.<\/p>\n<p class=\"paragraph\">La relaci\u00f3n avanz\u00f3 hasta su boda en Las Vegas en 1967, y un a\u00f1o despu\u00e9s naci\u00f3 su \u00fanica hija en com\u00fan, <b>Lisa Marie Presley<\/b>.<\/p>\n<p class=\"paragraph\">La vida familiar, sin embargo, no estuvo exenta de dificultades. Adem\u00e1s de las infidelidades atribuidas a Elvis, Priscilla mantuvo una relaci\u00f3n con el instructor de karate <b>Mike Stone<\/b>, lo que a\u00f1adi\u00f3 tensi\u00f3n a la pareja.<\/p>\n<p class=\"paragraph\">En palabras recogidas por People en 1978, Priscilla explic\u00f3: \u201cMi vida era su vida. <b>\u00c9l ten\u00eda que ser feliz. Mis problemas quedaban en segundo plano<\/b>. Yo quer\u00eda crecer, quer\u00eda hacer cosas\u201d.<\/p>\n<p><img alt=\"Priscilla recuerda el inicio de\" class=\"global-image\" decoding=\"async\" fetchpriority=\"low\" height=\"2065\" loading=\"lazy\" src=\"https:\/\/www.europesays.com\/es\/wp-content\/uploads\/2025\/09\/YFI2FBFJL67XCIVECDBVWUPLGM.jpg\" width=\"3096\"\/>Priscilla recuerda el inicio de su relaci\u00f3n con Elvis, su boda en Las Vegas y el nacimiento de Lisa Marie Presley (Elvis Presley Enterprises LLC\/Handout via REUTERS)<\/p>\n<p class=\"paragraph\">La separaci\u00f3n se produjo en 1972 y el divorcio se formaliz\u00f3 al a\u00f1o siguiente. A pesar de la ruptura, Priscilla insisti\u00f3 en que la decisi\u00f3n no obedeci\u00f3 a una falta de amor.<\/p>\n<p class=\"paragraph\">En declaraciones a la televisi\u00f3n brit\u00e1nica, afirm\u00f3: \u201cNo me divorci\u00e9 de \u00e9l porque no lo amara; <b>\u00e9l fue el amor de mi vida<\/b>, de verdad. Si me fui, fue porque necesitaba descubrir c\u00f3mo era el mundo\u201d.<\/p>\n<p class=\"paragraph\">Tras la separaci\u00f3n, Priscilla se dedic\u00f3 a preservar la relaci\u00f3n entre Lisa Marie y su padre. En ese sentido, procur\u00f3 mantener la unidad familiar en la medida de lo posible.<\/p>\n<p class=\"paragraph\">\u201cQuer\u00eda mantener a la familia unida tanto como pod\u00eda. De una forma u otra, <b>me asegur\u00e9 de que ella viera a su pap\u00e1<\/b>\u201d, sostuvo.<\/p>\n<p class=\"paragraph\">La muerte de <b>Lisa Marie Presley<\/b> en 2023, a los 54 a\u00f1os, marc\u00f3 un cap\u00edtulo doloroso en la vida de Priscilla, quien tambi\u00e9n es madre de <b>Navarone Garibaldi<\/b>, fruto de su relaci\u00f3n con <b>Marco Garibaldi Garcia<\/b>.<\/p>\n<p><img alt=\"La muerte de Lisa Marie\" class=\"global-image\" decoding=\"async\" fetchpriority=\"low\" height=\"810\" loading=\"lazy\" src=\"https:\/\/www.europesays.com\/es\/wp-content\/uploads\/2025\/09\/NBE27JQ36JDYRCJUPVWFTABOZE.jpg\" width=\"1440\"\/>La muerte de Lisa Marie Presley en 2023 representa una p\u00e9rdida dolorosa para su madre (Jordan Strauss\/Invision\/AP)<\/p>\n<p class=\"paragraph\">En sus memorias, que se publicar\u00e1n el 23 de septiembre, Priscilla aborda tanto la p\u00e9rdida de su hija como los rumores y especulaciones que han rodeado la figura de Elvis desde su muerte en 1977.<\/p>\n<p class=\"paragraph\">La exesposa del cantante desminti\u00f3 las teor\u00edas que sostienen que Elvis fingi\u00f3 su muerte. \u201c<b>Hay tantas cosas falsas all\u00e1 afuera<\/b>, como eso de que Elvis sigue vivo y escondido en alg\u00fan lugar. Ojal\u00e1 estuviera vivo\u201d, expres\u00f3.<\/p>\n<p class=\"paragraph\">La imagen p\u00fablica de <b>Elvis Presley<\/b> y la representaci\u00f3n de su relaci\u00f3n en los medios tambi\u00e9n han sido objeto de reflexi\u00f3n para Priscilla.<\/p>\n<p class=\"paragraph\">En sus memorias, la empresaria matiza la visi\u00f3n ofrecida por la pel\u00edcula <b>Priscilla <\/b>de <b>Sofia Coppola<\/b>, se\u00f1alando que el filme exager\u00f3 los momentos de conflicto entre ambos.<\/p>\n<p><img alt=\"En sus memorias, Priscilla Presley\" class=\"global-image\" decoding=\"async\" fetchpriority=\"low\" height=\"1079\" loading=\"lazy\" src=\"https:\/\/www.europesays.com\/es\/wp-content\/uploads\/2025\/09\/7BS44FUBW5EZHOIRSHIG67AIXY.png\" width=\"1919\"\/>En sus memorias, Priscilla Presley reflexiona sobre la relaci\u00f3n con su hija Lisa Marie Presley, la presi\u00f3n medi\u00e1tica y los rumores que han acompa\u00f1ado la leyenda de Elvis Presley desde su muerte (People)<\/p>\n<p class=\"paragraph\">Adem\u00e1s, destaca que, pese a las cr\u00edticas y especulaciones, su v\u00ednculo con Lisa Marie fue siempre estrecho, incluso con los desaf\u00edos personales y familiares.<\/p>\n","protected":false},"excerpt":{"rendered":"Priscilla Presley revela c\u00f3mo las infidelidades de Elvis afectaron su matrimonio y vida familiar (AP\/Perry Aycock, archivo) Priscilla&hellip;\n","protected":false},"author":2,"featured_media":133107,"comment_status":"","ping_status":"","sticky":false,"template":"","format":"standard","meta":{"footnotes":""},"categories":[91],"tags":[1015,505,146,147,25,24,27234,14136,27235,584,2461,2477,27236,27237,14017,23],"class_list":{"0":"post-133106","1":"post","2":"type-post","3":"status-publish","4":"format-standard","5":"has-post-thumbnail","7":"category-entretenimiento","8":"tag-actrices","9":"tag-artistas","10":"tag-entertainment","11":"tag-entretenimiento","12":"tag-es","13":"tag-espana","14":"tag-estadounidenses","15":"tag-gesto","16":"tag-gira-the-wonder-of-you","17":"tag-interior","18":"tag-mujer","19":"tag-pareja","20":"tag-posando","21":"tag-presentaciones","22":"tag-retrato","23":"tag-spain"},"share_on_mastodon":{"url":"","error":""},"_links":{"self":[{"href":"https:\/\/www.europesays.com\/es\/wp-json\/wp\/v2\/posts\/133106","targetHints":{"allow":["GET"]}}],"collection":[{"href":"https:\/\/www.europesays.com\/es\/wp-json\/wp\/v2\/posts"}],"about":[{"href":"https:\/\/www.europesays.com\/es\/wp-json\/wp\/v2\/types\/post"}],"author":[{"embeddable":true,"href":"https:\/\/www.europesays.com\/es\/wp-json\/wp\/v2\/users\/2"}],"replies":[{"embeddable":true,"href":"https:\/\/www.europesays.com\/es\/wp-json\/wp\/v2\/comments?post=133106"}],"version-history":[{"count":0,"href":"https:\/\/www.europesays.com\/es\/wp-json\/wp\/v2\/posts\/133106\/revisions"}],"wp:featuredmedia":[{"embeddable":true,"href":"https:\/\/www.europesays.com\/es\/wp-json\/wp\/v2\/media\/133107"}],"wp:attachment":[{"href":"https:\/\/www.europesays.com\/es\/wp-json\/wp\/v2\/media?parent=133106"}],"wp:term":[{"taxonomy":"category","embeddable":true,"href":"https:\/\/www.europesays.com\/es\/wp-json\/wp\/v2\/categories?post=133106"},{"taxonomy":"post_tag","embeddable":true,"href":"https:\/\/www.europesays.com\/es\/wp-json\/wp\/v2\/tags?post=133106"}],"curies":[{"name":"wp","href":"https:\/\/api.w.org\/{rel}","templated":true}]}}