{"id":133112,"date":"2025-09-23T04:15:12","date_gmt":"2025-09-23T04:15:12","guid":{"rendered":"https:\/\/www.europesays.com\/es\/133112\/"},"modified":"2025-09-23T04:15:12","modified_gmt":"2025-09-23T04:15:12","slug":"erc-avisa-a-pedro-sanchez-de-que-quiere-todas-las-competencias-y-reducir-la-presencia-del-estado-espanol-en-cataluna-el-mundo","status":"publish","type":"post","link":"https:\/\/www.europesays.com\/es\/133112\/","title":{"rendered":"ERC avisa a Pedro S\u00e1nchez de que quiere &quot;todas las competencias&quot; y &quot;reducir la presencia del Estado espa\u00f1ol en Catalu\u00f1a&quot; &#8211; El Mundo"},"content":{"rendered":"<ol>\n<li><a href=\"https:\/\/news.google.com\/rss\/articles\/CBMifEFVX3lxTE81bHJEZUxMTVAzQWJoMzdUMy04Z1BfVWU4TDZ4SjdaOFg0Ym9aYVd1WU14NGl5QXFNMGJZc0tvOTE3QjlrdDZfZ0VWYzVSWlNYakpVcmZkZExHYXlhdzNablUwSVVVMGdSV05nQW5zOGlQNl9LZjJTcWlFSjLSAXxBVV95cUxONnJrTFRLbFZJUEJoeVBMbEdkcE0zMG45R2IwV3VUTHUwdlk0VmhSVmRGNGJOQWwySnd1dW5uSnNZZ1FXMmhsMWdrVTZXSVVDcXNHeVJNRnpoUDZsdk42STZKSmNMM2xDdTNpRUVrczBpUkJIZ3Z4TFRWN0Na?oc=5\" target=\"_blank\" rel=\"nofollow noopener\">ERC avisa a Pedro S\u00e1nchez de que quiere \u00abtodas las competencias\u00bb y \u00abreducir la presencia del Estado espa\u00f1ol en Catalu\u00f1a\u00bb<\/a>&nbsp;&nbsp;El Mundo<\/li>\n<li><a href=\"https:\/\/news.google.com\/rss\/articles\/CBMi7gFBVV95cUxNNWQxcUNQcEVobV9PaGZ2R3VWbkdOWDBkZVd5QUVCUlVWelUzZ0xidm84QlQwS2dsN3FyVlR2YVFYLTJtSFZhN2tjSmtmcE9EeDhFVVFUQkJsODgwUjl3RE5URTBmQUJQRXl4dXYyb1BPQzVGbE5MUTJtUUpCY3c0clJwZlMxODNpVERITzRrM3dUNjNsUVF1YWJoUzFSZ1Vfa182M0E0d2dSYWtlYnpIYXVzclB3ZEZNaDNtRjlsRWdEYVNOZ216bmJidDJqOWo3X2FYOUpzMXc3c04wbnlsNUJLV1B1SGd4Ykh5aGV3?oc=5\" target=\"_blank\" rel=\"nofollow noopener\">Junqueras afea la inversi\u00f3n de 3.000 millones en El Prat sin que est\u00e9n hechas las conexiones en tren<\/a>&nbsp;&nbsp;EL PA\u00cdS<\/li>\n<li><a href=\"https:\/\/news.google.com\/rss\/articles\/CBMiuwFBVV95cUxNb0tRVlZYTk4tdXlzWW94RjVVakdGSHdsekFOUEE5WFNjQm5pSmJ1cjF5eXprMmxQbXhGWUZqSVMwYlQ5Q3duTm1wWGpNVVk2UHYwcmM0OFhhSGZDWFV6d2duVnRtUEFmYVRldkM2WGJHVVVUZEVzdVZ6bm1yVW5RTGxlbGZnUkFBVkpJaXlncmRYd3lvai01SncwUXBrWVA1YzJvU0g5XzFQd0xsQS1rd3hLYWJ4SjVfQ1FZ?oc=5\" target=\"_blank\" rel=\"nofollow noopener\">Junqueras reivindica las cesiones del Gobierno como v\u00eda para conseguir la \u00abplenitud nacional\u00bb<\/a>&nbsp;&nbsp;ABC<\/li>\n<li><a href=\"https:\/\/news.google.com\/rss\/articles\/CBMiuAFBVV95cUxQVHV5bm5kbURWX3RCS19aOGNuYWhuR1BDOThrY0dsYmhhcXNxZXkwb1lkcWI1YnF6TUJBTDAwWWdHWHl6VlNaMmpDbThrd0haNmxnOXhlUFYxemswMTZKUTdjQWJVc1ZpUjRRUjRPWVlyZFloeVRPcEpCcHFEMlh4SDhHUGdWUFFvLTFCVXdwZGU3TjF0NW1zQUtheGRLNnhsMDVLRGM3NzhmTFFaT0ZHalFtclFUTDls?oc=5\" target=\"_blank\" rel=\"nofollow noopener\">Junqueras afirma que Catalu\u00f1a \u00abmerece\u00bb decidir sobre trenes y aeropuertos, y con recursos<\/a>&nbsp;&nbsp;elDiario.es<\/li>\n<li><a href=\"https:\/\/news.google.com\/rss\/articles\/CBMixwFBVV95cUxQNFBWUTN4dzlhWjZ5bmNhaHlQeXlYVXhPdmxycjY3SWdEV1ZEeklLa0NESEVkLWRoQWo1dDhSUzFTVFpNdDJuLUZqQVJVZmRTa3hzZXVqNVhzWG50NlRtVHBrZzBQdksxQnBJUEZpZDc3bGkya0V0TTl5NkNHYjNkR3dDLUNwVWtDN3RYMHoxQk9fbG1vekoyd0NkZTUxU25mQjI0cG1NdElWeXZWcEZsV3I3ck8tZzc4bGlYeFViYm00dW9ZN1NR?oc=5\" target=\"_blank\" rel=\"nofollow noopener\">Junqueras ve en el aumento de competencias el camino hacia la \u201cplenitud nacional\u201d catalana<\/a>&nbsp;&nbsp;La Vanguardia<\/li>\n<\/ol>\n","protected":false},"excerpt":{"rendered":"ERC avisa a Pedro S\u00e1nchez de que quiere \u00abtodas las competencias\u00bb y \u00abreducir la presencia del Estado espa\u00f1ol&hellip;\n","protected":false},"author":2,"featured_media":133113,"comment_status":"","ping_status":"","sticky":false,"template":"","format":"standard","meta":{"footnotes":""},"categories":[8],"tags":[17,18,1980,25,24,13,14,11,19,20,9,10,15,16,23,12,21,22],"class_list":{"0":"post-133112","1":"post","2":"type-post","3":"status-publish","4":"format-standard","5":"has-post-thumbnail","7":"category-espana","8":"tag-breaking-news","9":"tag-breakingnews","10":"tag-cataluna","11":"tag-es","12":"tag-espana","13":"tag-featured-news","14":"tag-featurednews","15":"tag-headlines","16":"tag-latest-news","17":"tag-latestnews","18":"tag-news","19":"tag-noticias","20":"tag-noticias-destacadas","21":"tag-noticiasdestacadas","22":"tag-spain","23":"tag-titulares","24":"tag-ultimas-noticias","25":"tag-ultimasnoticias"},"share_on_mastodon":{"url":"","error":""},"_links":{"self":[{"href":"https:\/\/www.europesays.com\/es\/wp-json\/wp\/v2\/posts\/133112","targetHints":{"allow":["GET"]}}],"collection":[{"href":"https:\/\/www.europesays.com\/es\/wp-json\/wp\/v2\/posts"}],"about":[{"href":"https:\/\/www.europesays.com\/es\/wp-json\/wp\/v2\/types\/post"}],"author":[{"embeddable":true,"href":"https:\/\/www.europesays.com\/es\/wp-json\/wp\/v2\/users\/2"}],"replies":[{"embeddable":true,"href":"https:\/\/www.europesays.com\/es\/wp-json\/wp\/v2\/comments?post=133112"}],"version-history":[{"count":0,"href":"https:\/\/www.europesays.com\/es\/wp-json\/wp\/v2\/posts\/133112\/revisions"}],"wp:featuredmedia":[{"embeddable":true,"href":"https:\/\/www.europesays.com\/es\/wp-json\/wp\/v2\/media\/133113"}],"wp:attachment":[{"href":"https:\/\/www.europesays.com\/es\/wp-json\/wp\/v2\/media?parent=133112"}],"wp:term":[{"taxonomy":"category","embeddable":true,"href":"https:\/\/www.europesays.com\/es\/wp-json\/wp\/v2\/categories?post=133112"},{"taxonomy":"post_tag","embeddable":true,"href":"https:\/\/www.europesays.com\/es\/wp-json\/wp\/v2\/tags?post=133112"}],"curies":[{"name":"wp","href":"https:\/\/api.w.org\/{rel}","templated":true}]}}