{"id":133114,"date":"2025-09-23T04:16:11","date_gmt":"2025-09-23T04:16:11","guid":{"rendered":"https:\/\/www.europesays.com\/es\/133114\/"},"modified":"2025-09-23T04:16:11","modified_gmt":"2025-09-23T04:16:11","slug":"el-gobierno-aprueba-este-martes-un-embargo-de-armas-del-que-recelan-sus-socios","status":"publish","type":"post","link":"https:\/\/www.europesays.com\/es\/133114\/","title":{"rendered":"El Gobierno aprueba este martes un embargo de armas del que recelan sus socios"},"content":{"rendered":"<p style=\"\">Dos semanas despu\u00e9s de la fecha anunciada, el Consejo de Ministros aprobar\u00e1 en su reuni\u00f3n de este martes el <a href=\"https:\/\/www.abc.es\/espana\/robles-defiende-fuerzas-armadas-mantienen-ningun-contrato-20250917110433-nt.html\" target=\"_self\" data-voc-vtm-id=\"in-text-traffic\" title=\"embargo de armas\" rel=\"nofollow noopener\">embargo de armas<\/a> a Israel. La medida estrella \u2013de las nueve que Pedro S\u00e1nchez comunic\u00f3 desde la escalinata del Palacio de la Moncloa, en una  &#8230; in\u00e9dita declaraci\u00f3n institucional\u2013 ha quedado relegada sistem\u00e1ticamente por la \u00abcomplejidad t\u00e9cnica\u00bb que requiere. Detr\u00e1s de este eufemismo se esconden las resistencias que han planteado varios ministerios, liderados por Defensa, ante la decisi\u00f3n de imponer un veto a Israel \u2013que afecta principalmente a la seguridad y el comercio\u2013 de dif\u00edcil materializaci\u00f3n real. <\/p>\n<p class=\"voc-p\" style=\"\">Los departamentos implicados en la redacci\u00f3n del texto ni siquiera estaban prevenidos cuando el presidente realiz\u00f3 su alocuci\u00f3n el pasado d\u00eda 8 de septiembre y han tenido que trabajar a marchas forzadas para resolver los inconvenientes que supondr\u00e1 la \u00abdesconexi\u00f3n\u00bb y hacerlo, adem\u00e1s, con \u00abgarant\u00edas jur\u00eddicas suficientes\u00bb. En juego hay indemnizaciones millonarias por incumplimientos de contratos ya cerrados. <\/p>\n<p class=\"voc-p\" style=\"\">Aunque desde la Moncloa han tratado de ubicar toda la carga de la responsabilidad del retraso en el Ministerio de Econom\u00eda, el verdadero escollo est\u00e1 en Defensa. De hecho, este martes el foco estar\u00e1 en Carlos Cuerpo. Ser\u00e1 \u00e9l quien comparezca tras la reuni\u00f3n gubernamental para explicar el decreto y se\u00f1alar las dificultades que el comercio con los territorios ocupados \u2013la f\u00f3rmula para diferenciar las mercanc\u00edas de los colonos jud\u00edos y pararlas en las aduanas\u2013 han ocasionado en la aprobaci\u00f3n. Bajo radar se quiere ubicar la \u00abdesconexi\u00f3n tecnol\u00f3gica y militar\u00bb y la necesidad de blindarse jur\u00eddicamente de cara a los posibles pleitos que surjan en el horizonte. Al menos existen 45 programas de armamento y comunicaciones del Ej\u00e9rcito que requieren de patentes israel\u00edes. <\/p>\n<p class=\"voc-p\" style=\"\">Este martes la norma superar\u00e1 el primer tr\u00e1mite, su aprobaci\u00f3n en el Consejo de Ministros, porque el Gobierno no pod\u00eda permitirse \u2013pol\u00edticamente\u2013 m\u00e1s retrasos, pero el horizonte no est\u00e1 expedito de obst\u00e1culos. De las resistencias del Gabinete se escalar\u00e1 a la desconfianza de los socios, dentro y fuera de la coalici\u00f3n, que ya recelan de la ambig\u00fcedad del texto. Unos \u00abdif\u00edciles equilibrios\u00bb que ya avanzaban en la Moncloa para tratar de dar encaje a todas las piezas. Desde Sumar, la vicepresidenta <a href=\"https:\/\/www.abc.es\/espana\/yolanda-diaz-presume-iniciativa-pese-fracaso-reduccion-20250922183437-nt.html\" target=\"_self\" data-voc-vtm-id=\"in-text-traffic\" title=\"Yolanda D\u00edaz\" rel=\"nofollow noopener\">Yolanda D\u00edaz<\/a> ha marcado posici\u00f3n este lunes en una reuni\u00f3n con su grupo parlamentario. Por un lado, ha celebrado que \u00abpor fin\u00bb vaya a salir adelante, pero por otro, hasta en dos ocasiones, ha advertido de posibles consecuencias si no resulta \u00abambicioso\u00bb.<\/p>\n<p class=\"voc-p\" style=\"\">\u00abQuiero ser clara. Tiene que ser un real decreto ley ambicioso\u00bb, ha dicho de primeras, en la sala Constitucional del Congreso. \u00abEsperamos que el real decreto ley sea ambicioso \u2013ha a\u00f1adido despu\u00e9s\u2013. Pero si no lo fuera, pediremos que se convierta en un proyecto de ley para que este grupo haga todas las aportaciones, cambios y sustentaciones que tenga que hacer\u00bb. <\/p>\n<p class=\"voc-title\">Podemos lo tacha de \u00abestafa propagand\u00edstica\u00bb y cree que se plantea v\u00eda decreto para que Junts lo tumbe en el Congreso<\/p>\n<p class=\"voc-p\" style=\"\">Las palabras de D\u00edaz, despu\u00e9s del retraso en la aprobaci\u00f3n del decreto, traslucen cierta desconfianza. Pero su malestar, en cualquier caso, no le ha llevado a amagar con un futurible voto en contra del decreto, lo que junto a la previsible oposici\u00f3n de PP y Vox ya provocar\u00eda que no fuese convalidado por el Congreso. Eso s\u00ed, sea o no lo suficientemente \u00abambicioso\u00bb, el embargo de armas a Israel, ha dicho, no debe suponer el \u00abpunto y final\u00bb. Por delante queda desmantelar \u00abla econom\u00eda del genocidio\u00bb.<\/p>\n<p class=\"voc-p\" style=\"\">M\u00e1s vehementes se muestran en Podemos, donde alertan sobre la ineficacia del embargo, calific\u00e1ndolo de \u00abestafa propagand\u00edstica\u00bb si no cumple su funci\u00f3n. Desde la formaci\u00f3n morada se malician que sea un \u00abnuevo fraude\u00bb y piden un veto \u00abreal y efectivo\u00bb. M\u00e1s all\u00e1 del plano ret\u00f3rico, el Gobierno tendr\u00e1 que ahormar una mayor\u00eda parlamentaria suficiente para su ratificaci\u00f3n en el Congreso. Desde Junts han dejado ya entrever su negativa y esto acabar\u00eda por tumbar el texto. En Podemos tambi\u00e9n recelan de la f\u00f3rmula legal elegida. Creen que si se utiliza el real decreto ley es, precisamente, para que un eventual veto de Carles Puigdemont impida su consecuci\u00f3n.<\/p>\n","protected":false},"excerpt":{"rendered":"Dos semanas despu\u00e9s de la fecha anunciada, el Consejo de Ministros aprobar\u00e1 en su reuni\u00f3n de este martes&hellip;\n","protected":false},"author":2,"featured_media":133115,"comment_status":"","ping_status":"","sticky":false,"template":"","format":"standard","meta":{"footnotes":""},"categories":[5],"tags":[948,4512,17,18,7173,25,24,13,14,582,11,19,20,7797,9,10,15,16,42446,5028,23,12,21,22],"class_list":{"0":"post-133114","1":"post","2":"type-post","3":"status-publish","4":"format-standard","5":"has-post-thumbnail","7":"category-titulares","8":"tag-aprueba","9":"tag-armas","10":"tag-breaking-news","11":"tag-breakingnews","12":"tag-embargo","13":"tag-es","14":"tag-espana","15":"tag-featured-news","16":"tag-featurednews","17":"tag-gobierno","18":"tag-headlines","19":"tag-latest-news","20":"tag-latestnews","21":"tag-martes","22":"tag-news","23":"tag-noticias","24":"tag-noticias-destacadas","25":"tag-noticiasdestacadas","26":"tag-recelan","27":"tag-socios","28":"tag-spain","29":"tag-titulares","30":"tag-ultimas-noticias","31":"tag-ultimasnoticias"},"share_on_mastodon":{"url":"","error":""},"_links":{"self":[{"href":"https:\/\/www.europesays.com\/es\/wp-json\/wp\/v2\/posts\/133114","targetHints":{"allow":["GET"]}}],"collection":[{"href":"https:\/\/www.europesays.com\/es\/wp-json\/wp\/v2\/posts"}],"about":[{"href":"https:\/\/www.europesays.com\/es\/wp-json\/wp\/v2\/types\/post"}],"author":[{"embeddable":true,"href":"https:\/\/www.europesays.com\/es\/wp-json\/wp\/v2\/users\/2"}],"replies":[{"embeddable":true,"href":"https:\/\/www.europesays.com\/es\/wp-json\/wp\/v2\/comments?post=133114"}],"version-history":[{"count":0,"href":"https:\/\/www.europesays.com\/es\/wp-json\/wp\/v2\/posts\/133114\/revisions"}],"wp:featuredmedia":[{"embeddable":true,"href":"https:\/\/www.europesays.com\/es\/wp-json\/wp\/v2\/media\/133115"}],"wp:attachment":[{"href":"https:\/\/www.europesays.com\/es\/wp-json\/wp\/v2\/media?parent=133114"}],"wp:term":[{"taxonomy":"category","embeddable":true,"href":"https:\/\/www.europesays.com\/es\/wp-json\/wp\/v2\/categories?post=133114"},{"taxonomy":"post_tag","embeddable":true,"href":"https:\/\/www.europesays.com\/es\/wp-json\/wp\/v2\/tags?post=133114"}],"curies":[{"name":"wp","href":"https:\/\/api.w.org\/{rel}","templated":true}]}}