{"id":133118,"date":"2025-09-23T04:24:07","date_gmt":"2025-09-23T04:24:07","guid":{"rendered":"https:\/\/www.europesays.com\/es\/133118\/"},"modified":"2025-09-23T04:24:07","modified_gmt":"2025-09-23T04:24:07","slug":"san-antonio-y-bcb-jugaran-la-final-de-la-copa-de-extremadura-de-baloncesto","status":"publish","type":"post","link":"https:\/\/www.europesays.com\/es\/133118\/","title":{"rendered":"San Antonio y BCB jugar\u00e1n la final de la Copa de Extremadura de baloncesto"},"content":{"rendered":"<p class=\"ft-text\">El <strong>San Antonio C\u00e1ceres<\/strong> consigui\u00f3 su pase a la final de la <strong>Copa de Extremadura masculina<\/strong> al imponerse por <strong>81-75 a Lithium Iberia Sagrado<\/strong> en el cierre de la tercera y \u00faltima jornada del torneo. El partido, disputado a un ritmo intenso, estuvo marcado por la igualdad en los primeros dos cuartos. Tras el descanso, el equipo cacere\u00f1o comenz\u00f3 a tomar la delantera. Un s\u00f3lido tercer cuarto (19-16) y un \u00faltimo parcial m\u00e1s contundente (20-15) llevaron al San Antonio a una victoria clave.<\/p>\n<p class=\"ft-text\">Las estad\u00edsticas reflejan un desempe\u00f1o equilibrado del San Antonio en varias facetas del juego. En cuanto a tiros de campo, logr\u00f3 un 45% de efectividad, frente al 39% de los visitantes Uno de los aspectos decisivos fue el dominio en los rebotes por parte de San Antonio, quienes capturaron un total de 43 frente a los 34 de Sagrado. Adem\u00e1s, las 10 recuperaciones de bal\u00f3n y los 2 tapones demostraron el esfuerzo defensivo del equipo local. Por el contrario, Sagrado cometi\u00f3 17 p\u00e9rdidas. En el San Antonio destac\u00f3<strong> Daniel Lara<\/strong> con 24 puntos, 6 rebotes y 25 de valoraci\u00f3n. En el Sagrado el mejor jugador fue <strong>Adri\u00e1n Parra<\/strong> con 16 puntos, 20 rebotes y 33 de valoraci\u00f3n.<\/p>\n<p>El otro duelo<\/p>\n<p class=\"ft-text\">Por su parte, el <strong>V\u00edtaly La Mar BCB venci\u00f3 61-73 al Bosco M\u00e9rida Patrimonio. <\/strong>El encuentro, que tuvo un inicio marcado por el dominio visitante, comenz\u00f3 con un parcial de 9-17 a favor del BCB. Sin embargo, el Bosco M\u00e9rida no tard\u00f3 en reaccionar y, con un mejor desempe\u00f1o en el segundo cuarto (17-14), se acerc\u00f3 al marcador y dej\u00f3 el partido a\u00fan abierto al descanso.<\/p>\n<p class=\"ft-text\">Un 19-28 les permiti\u00f3 consolidar su ventaja a los pacenses. El Bosco en tiros de campo alcanz\u00f3 un 39% de efectividad, destacando en los lanzamientos de dos puntos con un 51%. En triples fue bajo, con un 11%. El BCB firm\u00f3 el 38% en tiros de campo. El mejor local fue <strong>Javier Pinilla <\/strong>con 14 puntos, 6 rebotes y 15 de valoraci\u00f3n. Mientras, en los visitantes destac\u00f3 <strong>Ruslan Alexander<\/strong>: 18 puntos, 6 rebotes y 19 de valoraci\u00f3n.<\/p>\n","protected":false},"excerpt":{"rendered":"El San Antonio C\u00e1ceres consigui\u00f3 su pase a la final de la Copa de Extremadura masculina al imponerse&hellip;\n","protected":false},"author":2,"featured_media":133119,"comment_status":"","ping_status":"","sticky":false,"template":"","format":"standard","meta":{"footnotes":""},"categories":[269],"tags":[1247,299,298,20490,634,168,25,24,1058,36612,31401,2228,42448,23,167],"class_list":{"0":"post-133118","1":"post","2":"type-post","3":"status-publish","4":"format-standard","5":"has-post-thumbnail","7":"category-baloncesto","8":"tag-antonio","9":"tag-baloncesto","10":"tag-basketball","11":"tag-bcb","12":"tag-deporte","13":"tag-deportes","14":"tag-es","15":"tag-espana","16":"tag-final","17":"tag-jugaran","18":"tag-sagrado","19":"tag-san","20":"tag-san-antonio","21":"tag-spain","22":"tag-sports"},"share_on_mastodon":{"url":"","error":""},"_links":{"self":[{"href":"https:\/\/www.europesays.com\/es\/wp-json\/wp\/v2\/posts\/133118","targetHints":{"allow":["GET"]}}],"collection":[{"href":"https:\/\/www.europesays.com\/es\/wp-json\/wp\/v2\/posts"}],"about":[{"href":"https:\/\/www.europesays.com\/es\/wp-json\/wp\/v2\/types\/post"}],"author":[{"embeddable":true,"href":"https:\/\/www.europesays.com\/es\/wp-json\/wp\/v2\/users\/2"}],"replies":[{"embeddable":true,"href":"https:\/\/www.europesays.com\/es\/wp-json\/wp\/v2\/comments?post=133118"}],"version-history":[{"count":0,"href":"https:\/\/www.europesays.com\/es\/wp-json\/wp\/v2\/posts\/133118\/revisions"}],"wp:featuredmedia":[{"embeddable":true,"href":"https:\/\/www.europesays.com\/es\/wp-json\/wp\/v2\/media\/133119"}],"wp:attachment":[{"href":"https:\/\/www.europesays.com\/es\/wp-json\/wp\/v2\/media?parent=133118"}],"wp:term":[{"taxonomy":"category","embeddable":true,"href":"https:\/\/www.europesays.com\/es\/wp-json\/wp\/v2\/categories?post=133118"},{"taxonomy":"post_tag","embeddable":true,"href":"https:\/\/www.europesays.com\/es\/wp-json\/wp\/v2\/tags?post=133118"}],"curies":[{"name":"wp","href":"https:\/\/api.w.org\/{rel}","templated":true}]}}