{"id":133120,"date":"2025-09-23T04:26:03","date_gmt":"2025-09-23T04:26:03","guid":{"rendered":"https:\/\/www.europesays.com\/es\/133120\/"},"modified":"2025-09-23T04:26:03","modified_gmt":"2025-09-23T04:26:03","slug":"disney-anuncia-que-el-programa-de-kimmel-volvera-a-emitirse-tras-su-polemica-cancelacion","status":"publish","type":"post","link":"https:\/\/www.europesays.com\/es\/133120\/","title":{"rendered":"Disney anuncia que el programa de Kimmel volver\u00e1 a emitirse tras su pol\u00e9mica cancelaci\u00f3n"},"content":{"rendered":"\n<p> The Walt Disney Company ha anunciado este lunes en un comunicado que <strong>el programa de Jimmy Kimmel,<\/strong> &#8216;Jimmy Kimmel Live!&#8217;<b>, <\/b>volver\u00e1 a emitirse<a href=\"https:\/\/www.elconfidencial.com\/mundo\/2025-09-18\/abc-retira-jimmy-kimmel-1tps_4211271\/\" target=\"_self\" rel=\"nofollow noopener\"> tras su controvertida cancelaci\u00f3n<\/a> el pasado mi\u00e9rcoles por sus comentarios sobre el activista conservador fallecido el pasado 10 de septiembre,<strong> Charlie Kirk.<\/strong> <\/p>\n<p> \u00abEl pasado mi\u00e9rcoles decidimos suspender la producci\u00f3n para <strong>evitar agravar a\u00fan m\u00e1s la situaci\u00f3n<\/strong> en un momento tan delicado para nuestro pa\u00eds\u00bb, expresan desde la compa\u00f1\u00eda. \u00abTomamos esta decisi\u00f3n porque consideramos que algunos comentarios<strong> fueron inoportunos<\/strong> y, por lo tanto, <strong>insensibles<\/strong>\u00ab, explican. <\/p>\n<p> La pol\u00e9mica estall\u00f3 el pasado lunes, cuando el presentador afirm\u00f3 que \u00abla pandilla MAGA (Make America Great Again) trat\u00f3 desesperadamente de tildar a este muchacho (<a href=\"https:\/\/www.elconfidencial.com\/mundo\/2025-09-12\/trump-anuncia-que-se-ha-detenido-al-sospechoso-del-asesinato-de-charlie-kirk_4207732\/\" target=\"_self\" rel=\"nofollow noopener\">Tyler Robinson<\/a>) que asesin\u00f3 a Charlie Kirk de cualquier cosa <strong>menos de ser uno de ellos <\/strong>y de hacer todo lo posible por <strong>sacar r\u00e9dito pol\u00edtico<\/strong>\u00ab. <\/p>\n<p> Algo menos de una semana despu\u00e9s, Disney expone que, tras mantener conversaciones con el propio Kimmel durante los \u00faltimos d\u00edas, han decidido \u00abreanudar el &#8216;show&#8217;<strong> este martes<\/strong>\u00ab. <\/p>\n<p>              <img decoding=\"async\" class=\"inTextNews__img\" alt=\"Foto: abc-retira-jimmy-kimmel-1tps\" src=\"https:\/\/www.europesays.com\/es\/wp-content\/uploads\/2025\/09\/f.elconfidencial.com\/original\/c8e\/c67\/cad\/c8ec67cad3407908d75118282e6696c8.jpg\"  \/>     <\/p>\n<p>TE PUEDE INTERESAR<\/p>\n<p>      <a class=\"inTextNews__title\" href=\"https:\/\/www.elconfidencial.com\/mundo\/2025-09-18\/abc-retira-jimmy-kimmel-1tps_4211271\/\" onclick=\"window.ECCO.emit(&#039;amplitude&#039;, { dataEventName: &#039;click_related_article_module&#039;, data: { related_article_url: &#039;https:\/\/www.elconfidencial.com\/mundo\/2025-09-18\/abc-retira-jimmy-kimmel-1tps_4211271\/&#039;, related_article_author: &#039;M\u00f3nica Redondo&#039;, related_article_section: &#039;mundo&#039; } })\" rel=\"nofollow noopener\" target=\"_blank\"> Suspenden el &#8216;show&#8217; de Jimmy Kimmel por sus comentarios sobre Kirk: \u00abEs un punto de inflexi\u00f3n\u00bb <\/a>   <\/p>\n<p>    M. Redondo   <\/p>\n<p> La cancelaci\u00f3n del programa no dej\u00f3 a nadie indiferente y provoc\u00f3 que defensores de los derechos y la libertad de prensa consideraron que era <strong>una violaci\u00f3n a la libertad de expresi\u00f3n<\/strong> cobijada por la Primera Enmienda de la Constituci\u00f3n de EEUU. <\/p>\n<p> Este lunes, unos <strong>400 artistas <\/strong>-incluidas legendarias estrellas de Hollywood- firmaron, junto a la Uni\u00f3n Estadounidense por las Libertades Civiles (ACLU), una carta abierta en la que solicitan <strong>el apoyo del p\u00fablico <\/strong>para condenar la suspensi\u00f3n, calificada como indefinida, y <strong>defender la libertad de expresi\u00f3n.<\/strong> <\/p>\n<p>              <img decoding=\"async\" class=\"inTextNews__img\" alt=\"Foto: trump-quitar-licencia-medios-critiquen-kimmel\" src=\"https:\/\/www.europesays.com\/es\/wp-content\/uploads\/2025\/09\/f.elconfidencial.com\/original\/f24\/d33\/7b8\/f24d337b85313736a777dd0ff52a8505.jpg\"  \/>     <\/p>\n<p>TE PUEDE INTERESAR<\/p>\n<p>      <a class=\"inTextNews__title\" href=\"https:\/\/www.elconfidencial.com\/mundo\/2025-09-19\/trump-quitar-licencia-medios-critiquen-kimmel_4212172\/\" onclick=\"window.ECCO.emit(&#039;amplitude&#039;, { dataEventName: &#039;click_related_article_module&#039;, data: { related_article_url: &#039;https:\/\/www.elconfidencial.com\/mundo\/2025-09-19\/trump-quitar-licencia-medios-critiquen-kimmel_4212172\/&#039;, related_article_author: &#039;Arantxa Palacios&#039;, related_article_section: &#039;mundo&#039; } })\" rel=\"nofollow noopener\" target=\"_blank\"> Trump amenaza con quitarle los permisos de emisi\u00f3n a los canales que le critiquen tras el caso de Kimmel <\/a>   <\/p>\n<p>    EFE   <\/p>\n<p> La <a href=\"https:\/\/www.elconfidencial.com\/cultura\/2025-09-22\/pedro-pascal-figuras-hollywood-boicot-disney_4213613\/\" target=\"_self\" rel=\"nofollow noopener\">avalancha de cr\u00edticas<\/a> -incluidas las de figuras republicanas como el senador Ted Cruz- llev\u00f3 a la Casa Blanca a <strong>negar, el pasado s\u00e1bado, cualquier implicaci\u00f3n<\/strong> en la suspensi\u00f3n del programa de Kimmel a ra\u00edz de los comentarios que hizo tras el asesinato de Kirk. <\/p>\n<p> La portavoz de la Casa Blanca, Karoline Leavitt, asegur\u00f3 este lunes en una entrevista con Fox News que el presidente de EEUU, <strong>Donald Trump,<\/strong> \u00abno ejerci\u00f3 ninguna presi\u00f3n\u00bb. No obstante, <strong>celebr\u00f3 la suspensi\u00f3n<\/strong> y amenaz\u00f3 con <a href=\"https:\/\/www.elconfidencial.com\/mundo\/2025-09-19\/trump-quitar-licencia-medios-critiquen-kimmel_4212172\/\" target=\"_self\" rel=\"nofollow noopener\">retirar los permisos de emisi\u00f3n <\/a>a los canales que lo critiquen, argumentando que aquellos con licencia no est\u00e1n autorizados a ir en su contra. <\/p>\n<p> The Walt Disney Company ha anunciado este lunes en un comunicado que <strong>el programa de Jimmy Kimmel,<\/strong> &#8216;Jimmy Kimmel Live!&#8217;<b>, <\/b>volver\u00e1 a emitirse<a href=\"https:\/\/www.elconfidencial.com\/mundo\/2025-09-18\/abc-retira-jimmy-kimmel-1tps_4211271\/\" target=\"_self\" rel=\"nofollow noopener\"> tras su controvertida cancelaci\u00f3n<\/a> el pasado mi\u00e9rcoles por sus comentarios sobre el activista conservador fallecido el pasado 10 de septiembre,<strong> Charlie Kirk.<\/strong> <\/p>\n","protected":false},"excerpt":{"rendered":"The Walt Disney Company ha anunciado este lunes en un comunicado que el programa de Jimmy Kimmel, &#8216;Jimmy&hellip;\n","protected":false},"author":2,"featured_media":133121,"comment_status":"","ping_status":"","sticky":false,"template":"","format":"standard","meta":{"footnotes":""},"categories":[174],"tags":[255,146,147,25,24,256,23],"class_list":{"0":"post-133120","1":"post","2":"type-post","3":"status-publish","4":"format-standard","5":"has-post-thumbnail","7":"category-famosos","8":"tag-celebrities","9":"tag-entertainment","10":"tag-entretenimiento","11":"tag-es","12":"tag-espana","13":"tag-famosos","14":"tag-spain"},"share_on_mastodon":{"url":"","error":""},"_links":{"self":[{"href":"https:\/\/www.europesays.com\/es\/wp-json\/wp\/v2\/posts\/133120","targetHints":{"allow":["GET"]}}],"collection":[{"href":"https:\/\/www.europesays.com\/es\/wp-json\/wp\/v2\/posts"}],"about":[{"href":"https:\/\/www.europesays.com\/es\/wp-json\/wp\/v2\/types\/post"}],"author":[{"embeddable":true,"href":"https:\/\/www.europesays.com\/es\/wp-json\/wp\/v2\/users\/2"}],"replies":[{"embeddable":true,"href":"https:\/\/www.europesays.com\/es\/wp-json\/wp\/v2\/comments?post=133120"}],"version-history":[{"count":0,"href":"https:\/\/www.europesays.com\/es\/wp-json\/wp\/v2\/posts\/133120\/revisions"}],"wp:featuredmedia":[{"embeddable":true,"href":"https:\/\/www.europesays.com\/es\/wp-json\/wp\/v2\/media\/133121"}],"wp:attachment":[{"href":"https:\/\/www.europesays.com\/es\/wp-json\/wp\/v2\/media?parent=133120"}],"wp:term":[{"taxonomy":"category","embeddable":true,"href":"https:\/\/www.europesays.com\/es\/wp-json\/wp\/v2\/categories?post=133120"},{"taxonomy":"post_tag","embeddable":true,"href":"https:\/\/www.europesays.com\/es\/wp-json\/wp\/v2\/tags?post=133120"}],"curies":[{"name":"wp","href":"https:\/\/api.w.org\/{rel}","templated":true}]}}