{"id":133122,"date":"2025-09-23T04:28:16","date_gmt":"2025-09-23T04:28:16","guid":{"rendered":"https:\/\/www.europesays.com\/es\/133122\/"},"modified":"2025-09-23T04:28:16","modified_gmt":"2025-09-23T04:28:16","slug":"morir-en-la-arena-padura-presenta-nueva-novela-en-espana","status":"publish","type":"post","link":"https:\/\/www.europesays.com\/es\/133122\/","title":{"rendered":"Morir en la arena, Padura presenta nueva novela en Espa\u00f1a"},"content":{"rendered":"<p>                                <img decoding=\"async\" width=\"720\" height=\"480\" src=\"https:\/\/www.europesays.com\/es\/wp-content\/uploads\/2025\/09\/Escaparate-promocional-de-la-libreria-Jarcha-de-Madrid1.jpg\" class=\"img-responsive wp-post-image\" alt=\"\" loading=\"lazy\"  \/>                                <\/p>\n<p>Escaparate promocional de la librer\u00eda Jarcha de Madrid<\/p>\n<p>Foto: Cortes\u00eda de la autora<\/p>\n<p>Una antigua expresi\u00f3n en espa\u00f1ol ha servido de inspiraci\u00f3n para el t\u00edtulo de la nueva novela del escritor cubano Leonardo Padura. Morir en la arena es quiz\u00e1 una vuelta de tuerca de la conocida frase -\u2013tanto nadar para morir en la orilla\u2014, cuyo significado alude a la frustraci\u00f3n de no poder conseguir, tras un arduo y prolongado esfuerzo, aquello que parec\u00eda ya al alcance de la mano.<\/p>\n<p>Y mucho de eso hay en este t\u00edtulo que, tal vez sin hab\u00e9rselo propuesto el autor, funciona como una suerte de complemento de una novela suya anterior, Como polvo en el viento (2020), cuya historia giraba en torno a la di\u00e1spora de su generaci\u00f3n, provocada en lo esencial por la crisis econ\u00f3mica de la d\u00e9cada de los 90 del pasado siglo. Ahora, en cambio, la mirada inquisitiva del novelista vuelve a hurgar en la herida social para mostrar los avatares de aquellos que no se marcharon y, justo cuando llega el momento de la jubilaci\u00f3n, despu\u00e9s de una vida de trabajo y de carencias, deben enfrentarse a la precariedad econ\u00f3mica y a la dolorosa p\u00e9rdida de sus \u00faltimos sue\u00f1os y esperanzas.<\/p>\n<p>Como motivo dram\u00e1tico central de la novela, un hecho real. Un parricidio ocurrido a\u00f1os atr\u00e1s en el entorno del autor que le ha servido para armar una historia de violencia, amores perdidos y miedos enquistados. Pero tambi\u00e9n de redenci\u00f3n.<\/p>\n<p><img decoding=\"async\" loading=\"lazy\" class=\"wp-image-76217 size-ips-720x480\" src=\"https:\/\/www.europesays.com\/es\/wp-content\/uploads\/2025\/09\/Firma-de-libros-en-la-Fundacion-Telefonica-de-Madrid-720x332.jpg\" alt=\"\" width=\"720\" height=\"332\"  \/>Firma de libros en la Fundaci\u00f3n Telef\u00f3nica de Madrid<\/p>\n<p>La gira promocional comenz\u00f3 en Madrid con una primera tanda de entrevistas y la presentaci\u00f3n el d\u00eda 2 de septiembre en la Fundaci\u00f3n Telef\u00f3nica con la escritora Berna Gonz\u00e1lez Harbour como anfitriona. A partir de ah\u00ed y durante todo el recorrido la t\u00f3nica de los encuentros ha sido siempre la misma: sala llena y con una buena cantidad de lectores que no alcanzan asientos y se quedan con ganas de escuchar al escritor en vivo y en directo.<\/p>\n<p>Con m\u00e1s de 250 localidades en su auditorio, la Biblioteca \u201cJaume Fuster\u201d de Barcelona se qued\u00f3 peque\u00f1a y unas 100 personas no pudieron acceder al encuentro con el narrador, programado para el d\u00eda 4. Acompa\u00f1ado por Juan Cerezo, director de la Editorial Tusquets que ha publicado sus libros durante toda su carrera, Padura explic\u00f3 que los personajes de Morir en la arena son gente com\u00fan y corriente que deben luchar por salir adelante cada d\u00eda en la Cuba de hoy, aunque su aspiraci\u00f3n como escritor era que los conflictos abordados rebasaran los l\u00edmites dom\u00e9sticos y resultaran de inter\u00e9s para los lectores de cualquier parte del mundo.<\/p>\n<p><img decoding=\"async\" loading=\"lazy\" class=\"size-ips-720x480 wp-image-76216\" src=\"https:\/\/www.europesays.com\/es\/wp-content\/uploads\/2025\/09\/En-Zaragoza-en-el-Museo-Pablo-Serrano-720x332.jpg\" alt=\"\" width=\"720\" height=\"332\"  \/>En Zaragoza, en el Museo Pablo Serrano<\/p>\n<p>Por su parte el Museo Pablo Serrano de Zaragoza recibi\u00f3 a Padura el d\u00eda 9, con la periodista Eva Cosculluela como anfitriona y m\u00e1s de 200 asistentes. Algo similar ocurri\u00f3 el d\u00eda 10 en la ciudad vasca de Bilbao, donde la cita se celebr\u00f3 en la Biblioteca Central de Bidebarrieta, en di\u00e1logo con la periodista Idoaia J\u00e1uregi. La presentaci\u00f3n en Santander se realiz\u00f3 el d\u00eda 11 en la librer\u00eda Gil, donde los asientos fueron ocupados casi una hora antes de comenzar el evento y una gran cantidad de lectores incluso esper\u00f3 afuera para que el narrador firmara su libro al concluir la charla, guiada en esta ocasi\u00f3n por el periodista espa\u00f1ol Fernando del R\u00edo.<\/p>\n<p><img decoding=\"async\" loading=\"lazy\" class=\"size-ips-720x480 wp-image-76214\" src=\"https:\/\/www.europesays.com\/es\/wp-content\/uploads\/2025\/09\/Presentacion-en-la-Biblioteca-Jaume-Fuster-de-Barcelona-720x332.jpg\" alt=\"\" width=\"720\" height=\"332\"  \/>Presentaci\u00f3n en la Biblioteca Jaume Fuster de Barcelona<br \/>\n<strong>Padura invitado por los 20 a\u00f1os del Hay Festival de Segovia<\/strong><\/p>\n<p>Nacido en el pueblo de Hay-on-Wye de Gales, Reino Unido, el Hay Festival Global organiza festivales en diferentes partes del mundo, siempre sin \u00e1nimo de lucro. Adem\u00e1s de su acercamiento al arte y la literatura, estos eventos propician una reflexi\u00f3n sobre tem\u00e1ticas de importancia capital, como los retos medioambientales, pol\u00edticos y sociales que debe enfrentar el mundo actual.<\/p>\n<p>Galardonado con el Premio Princesa de Asturias de Comunicaci\u00f3n y Humanidades, el Hay Festival de Segovia abri\u00f3 sus puertas este a\u00f1o del 11 al 14 de septiembre. Para celebrar su 20 aniversario convoc\u00f3 a m\u00e1s de 100 personalidades de 16 pa\u00edses, con 60 eventos celebrados en diversos lugares de la ciudad, incluyendo el campus de la IE University, un marco m\u00e1s que propicio para abordar cuestiones relacionadas con el futuro de Europa, teniendo en cuenta los actuales desaf\u00edos pol\u00edticos y sociales.<\/p>\n<p>El evento cont\u00f3 con la participaci\u00f3n de acad\u00e9micos, analistas, polit\u00f3logos y periodistas, y complet\u00f3 su programa con una importante representaci\u00f3n de figuras del arte, la literatura y la cultura de diversas regiones del mundo. Entre los escritores hay que mencionar al colombiano Juan Gabriel V\u00e1squez, el brasile\u00f1o Marcelo Rubens Paiva, la poeta y ensayista somal\u00ed-brit\u00e1nica, Momtaza Mehri, adem\u00e1s de los espa\u00f1oles Javier Cercas, Dolores Redondo, Mar\u00eda Due\u00f1as y David Ucl\u00e9s, por solo citar algunos. Esta es la tercera ocasi\u00f3n en que Padura participa en el Hay Festival de Segovia y es un asiduo invitado al de Cartagena de Indias, en Colombia.<\/p>\n<p><img decoding=\"async\" loading=\"lazy\" class=\"size-ips-720x480 wp-image-76215\" src=\"https:\/\/www.europesays.com\/es\/wp-content\/uploads\/2025\/09\/Padura-firma-850-ejemplares-para-las-librerias-720x1279.jpg\" alt=\"\" width=\"720\" height=\"1279\"  \/>Padura firma 850 ejemplares para las librer\u00edas<\/p>\n<p>En un di\u00e1logo abierto con el director de Relaciones Culturales y Cient\u00edficas de la Agencia Espa\u00f1ola de Cooperaci\u00f3n Internacional para el Desarrollo (AECID), Santiago Herrero, el narrador cubano puso el punto final al Festival con su intervenci\u00f3n.<\/p>\n<p>Temas como la situaci\u00f3n actual que vive la isla, el \u00e9xodo migratorio de los \u00faltimos a\u00f1os, o el estado de la producci\u00f3n literaria y de los creadores en medio de la crisis que vive el pa\u00eds, fueron algunos de los asuntos tratados por el escritor durante la entrevista. Asimismo se refiri\u00f3 a su inter\u00e9s en reflejar de una forma u otra las vivencias de su generaci\u00f3n, una intenci\u00f3n que est\u00e1 presente de diversas maneras en muchas de sus obras, como es el caso de su novela m\u00e1s reciente, Morir en la arena.<\/p>\n<p>De vuelta a Madrid Padura realiz\u00f3 una presentaci\u00f3n de su nuevo t\u00edtulo en la librer\u00eda Jarcha el d\u00eda 15 de septiembre y adem\u00e1s firm\u00f3 850 ejemplares destinados a la venta en la pr\u00f3xima campa\u00f1a de Navidad. Asimismo fue entrevistado por Xavier Fortes en el programa \u201cLa noche en 24 horas\u201d que se emite en el Canal 24 Horas de RTV espa\u00f1ola, el informativo m\u00e1s antiguo en Espa\u00f1a. Sus pr\u00f3ximas presentaciones se realizar\u00e1n en Salamanca, Valladolid y Andaluc\u00eda. (2025)<\/p>\n","protected":false},"excerpt":{"rendered":"Escaparate promocional de la librer\u00eda Jarcha de Madrid Foto: Cortes\u00eda de la autora Una antigua expresi\u00f3n en espa\u00f1ol&hellip;\n","protected":false},"author":2,"featured_media":133123,"comment_status":"","ping_status":"","sticky":false,"template":"","format":"standard","meta":{"footnotes":""},"categories":[172],"tags":[224,146,147,25,24,225,671,23],"class_list":{"0":"post-133122","1":"post","2":"type-post","3":"status-publish","4":"format-standard","5":"has-post-thumbnail","7":"category-libros","8":"tag-books","9":"tag-entertainment","10":"tag-entretenimiento","11":"tag-es","12":"tag-espana","13":"tag-libros","14":"tag-literatura","15":"tag-spain"},"share_on_mastodon":{"url":"","error":""},"_links":{"self":[{"href":"https:\/\/www.europesays.com\/es\/wp-json\/wp\/v2\/posts\/133122","targetHints":{"allow":["GET"]}}],"collection":[{"href":"https:\/\/www.europesays.com\/es\/wp-json\/wp\/v2\/posts"}],"about":[{"href":"https:\/\/www.europesays.com\/es\/wp-json\/wp\/v2\/types\/post"}],"author":[{"embeddable":true,"href":"https:\/\/www.europesays.com\/es\/wp-json\/wp\/v2\/users\/2"}],"replies":[{"embeddable":true,"href":"https:\/\/www.europesays.com\/es\/wp-json\/wp\/v2\/comments?post=133122"}],"version-history":[{"count":0,"href":"https:\/\/www.europesays.com\/es\/wp-json\/wp\/v2\/posts\/133122\/revisions"}],"wp:featuredmedia":[{"embeddable":true,"href":"https:\/\/www.europesays.com\/es\/wp-json\/wp\/v2\/media\/133123"}],"wp:attachment":[{"href":"https:\/\/www.europesays.com\/es\/wp-json\/wp\/v2\/media?parent=133122"}],"wp:term":[{"taxonomy":"category","embeddable":true,"href":"https:\/\/www.europesays.com\/es\/wp-json\/wp\/v2\/categories?post=133122"},{"taxonomy":"post_tag","embeddable":true,"href":"https:\/\/www.europesays.com\/es\/wp-json\/wp\/v2\/tags?post=133122"}],"curies":[{"name":"wp","href":"https:\/\/api.w.org\/{rel}","templated":true}]}}