{"id":133131,"date":"2025-09-23T04:37:09","date_gmt":"2025-09-23T04:37:09","guid":{"rendered":"https:\/\/www.europesays.com\/es\/133131\/"},"modified":"2025-09-23T04:37:09","modified_gmt":"2025-09-23T04:37:09","slug":"las-protestas-propalestinas-paralizan-italia-y-derivan-en-fuertes-enfrentamientos-con-la-policia-en-el-centro-de-milan","status":"publish","type":"post","link":"https:\/\/www.europesays.com\/es\/133131\/","title":{"rendered":"Las protestas propalestinas paralizan Italia y derivan en fuertes enfrentamientos con la Polic\u00eda en el centro de Mil\u00e1n"},"content":{"rendered":"<p class=\"paragraph\" id=\"paragraph_1\">Las <strong>protestas propalestinas<\/strong> lograron paralizar este lunes las<a href=\"https:\/\/www.elespanol.com\/lugares\/italia\/?utm_cmp_rs=linksinline\" rel=\"nofollow noopener\" target=\"_blank\"> principales ciudades de Italia<\/a>. Las <strong>manifestaciones en Mil\u00e1n<\/strong> y otras localidades como Bolonia o N\u00e1poles derivaron en <strong>fuertes enfrentamientos con la Polic\u00eda<\/strong> que se saldaron con al menos 60 agentes heridos y m\u00e1s de 18 detenidos.<\/p>\n<p class=\"paragraph\" id=\"paragraph_2\">Miles de manifestantes, entre ellos colectivos estudiantiles, han salido a las calles de Roma y m\u00e1s de 70 ciudades en una jornada de huelga convocada por algunos sindicatos con el <strong>objetivo de \u00abparalizar\u00bb el pa\u00eds <\/strong>en solidaridad con los palestinos y en contra de la ofensiva de Israel en Gaza.<\/p>\n<p class=\"paragraph\" id=\"paragraph_3\">La masiva movilizaci\u00f3n ha provocado adem\u00e1s cancelaciones de trenes, escuelas cerradas, cortes de calles, bloqueos en varios puertos e interrupciones en el metro y en el tr\u00e1fico urbano.<\/p>\n<p><img loading=\"lazy\" decoding=\"async\" alt=\"Soldados israel\u00edes en la Franja de Gaza.\" height=\"180\" src=\"https:\/\/www.europesays.com\/es\/wp-content\/uploads\/2025\/09\/1003743934606_258878851_320x180.jpg\" width=\"320\" data-lazy-status=\"processed\" data-lazy-info=\"remove loading item 1\"\/><\/p>\n<p class=\"paragraph\" id=\"paragraph_4\">Los <strong>mayores incidentes se registraron en la estaci\u00f3n central de Mil\u00e1n<\/strong>, cuando una multitud irrumpi\u00f3 en su acceso principal tras saltarse el cord\u00f3n policial y causar destrozos en puertas y mobiliario de la instalaci\u00f3n.<\/p>\n<p class=\"paragraph\" id=\"paragraph_5\">En las im\u00e1genes que circulan en redes sociales se ve a manifestantes, algunos vestidos de negro y otros ondeando la bandera palestina, tirando vallas y objetos contra uno de los accesos de la estaci\u00f3n y tambi\u00e9n a los agentes durante los enfrentamientos.<\/p>\n<blockquote class=\"twitter-tweet\" data-media-max-width=\"560\">\n<p dir=\"ltr\" lang=\"en\">ITALY: Milan right now looks like a literal war zone.<\/p>\n<p>A coalition of far-left activists and Muslim migrant gangs is currently rioting and destroying the city because Italy refuses to recognize a Palestinian state.<\/p>\n<p>Total chaos.<\/p>\n<p><a href=\"https:\/\/t.co\/v9HCkHqeor\" rel=\"nofollow\">pic.twitter.com\/v9HCkHqeor<\/a><\/p>\n<p>\u2014 Dr. Maalouf \u200f (@realMaalouf) <a href=\"https:\/\/twitter.com\/realMaalouf\/status\/1970148181817033056?ref_src=twsrc%5Etfw\" rel=\"nofollow noopener\" target=\"_blank\">September 22, 2025<\/a><\/p><\/blockquote>\n<p class=\"paragraph\" id=\"paragraph_6\">Ante el descontrol de la situaci\u00f3n, <strong>la Polic\u00eda antidisturbios<\/strong> tuvo que intervenir cargando con <strong>porras y gases lacrim\u00f3genos<\/strong>, impidiendo que los manifestantes pudieran acceder al interior de una estaci\u00f3n completamente blindada.<\/p>\n<p class=\"paragraph\" id=\"paragraph_7\">Los incidentes se saldaron con una decena de manifestantes detenidos y <strong>alrededor de 60 agentes de las fuerzas del orden heridos<\/strong>, de los cuales 23 tuvieron que ser trasladados al hospital, seg\u00fan informan medios locales.<\/p>\n<p class=\"paragraph\" id=\"paragraph_8\">Tambi\u00e9n se registraron <strong>incidentes en Bolonia<\/strong>, donde los manifestantes ocuparon la autopista A14, que une la ciudad con Taranto, y la Polic\u00eda respondi\u00f3 utilizando gases lacrim\u00f3genos y ca\u00f1ones de agua.<\/p>\n<p class=\"paragraph\" id=\"paragraph_9\">La protesta hab\u00eda llegado previamente hasta la estaci\u00f3n central de Bolonia, custodiada por al menos una quincena de veh\u00edculos blindados, contra los que algunos manifestantes lanzaron huevos y petardos, disturbios que se saldaron con ocho manifestantes detenidos.<\/p>\n<p class=\"paragraph\" id=\"paragraph_10\">En la ciudad sure\u00f1a de <strong>N\u00e1poles<\/strong>, se produjeron enfrentamientos con la Polic\u00eda cuando la multitud irrumpi\u00f3 en la estaci\u00f3n principal de tren. Algunos lograron subir brevemente a las v\u00edas, lo que provoc\u00f3 retrasos en los servicios.<\/p>\n<p class=\"paragraph\" id=\"paragraph_11\">En <strong>Roma<\/strong>, se manifestaron m\u00e1s de 30.000 personas, que primero se concentraron frente a la estaci\u00f3n de Termini, obligando a cortar los accesos, y luego se desplazaron por las calles de la capital italiana para bloquear el tr\u00e1fico.<\/p>\n<p class=\"paragraph\" id=\"paragraph_12\">La protesta en la capital cont\u00f3 con una masiva participaci\u00f3n de j\u00f3venes y estudiantes, que llegaron organizados en grupos y clases enteras, as\u00ed como con colegios, lo que propici\u00f3 la presencia de menores en las protestas.<\/p>\n<p class=\"paragraph\" id=\"paragraph_13\">En el puerto de <strong>Venecia<\/strong>, la Polic\u00eda despleg\u00f3 ca\u00f1ones de agua para ayudar a disolver las manifestaciones.<\/p>\n<p class=\"paragraph\" id=\"paragraph_14\">Los estibadores tambi\u00e9n organizaron protestas en los puertos de las ciudades de G\u00e9nova, Livorno y Trieste. Estos trabajadores defienden que su objetivo es impedir que Italia sea utilizada como<strong> escala para la transferencia de armas y otros suministros a Israel<\/strong> para su guerra contra Ham\u00e1s en Gaza.<\/p>\n<p>Meloni condena la violencia<\/p>\n<p class=\"paragraph\" id=\"paragraph_15\">La primera ministra italiana, <strong>Giorgia Meloni,<\/strong> calific\u00f3 de \u00ab<strong>indignantes\u00bb las im\u00e1genes de Mil\u00e1n,<\/strong> capital financiera del pa\u00eds y coanfitri\u00f3n de los Juegos Ol\u00edmpicos de Invierno el pr\u00f3ximo febrero. La primera ministra subray\u00f3 que s\u00f3lo espera \u00abpalabras claras de condena\u00bb por parte de los organizadores de la huelga y las dem\u00e1s formaciones pol\u00edticas.<\/p>\n<p class=\"paragraph\" id=\"paragraph_16\">\u00ab<strong>Violencias y destrozos que nada tienen que ver con la solidaridad<\/strong> y que no cambiar\u00e1n en absoluto la vida de las personas en Gaza, pero s\u00ed tendr\u00e1n consecuencias concretas para los ciudadanos italianos, que acabar\u00e1n sufriendo y pagando los da\u00f1os provocados por estos v\u00e1ndalos\u00bb, escribi\u00f3 en X.<\/p>\n<blockquote class=\"twitter-tweet\">\n<p dir=\"ltr\" lang=\"it\">Indegne le immagini che arrivano da Milano: sedicenti \u201cpro-pal\u201d, sedicenti \u201cantifa\u201d, sedicenti \u201cpacifisti\u201d che devastano la stazione e generano scontri con le Forze dell\u2019Ordine.<\/p>\n<p>Violenze e distruzioni che nulla hanno a che vedere con la solidariet\u00e0 e che non cambieranno di una\u2026 <a href=\"https:\/\/t.co\/dpurnN5CBM\" rel=\"nofollow\">pic.twitter.com\/dpurnN5CBM<\/a><\/p>\n<p>\u2014 Giorgia Meloni (@GiorgiaMeloni) <a href=\"https:\/\/twitter.com\/GiorgiaMeloni\/status\/1970136912686964928?ref_src=twsrc%5Etfw\" rel=\"nofollow noopener\" target=\"_blank\">September 22, 2025<\/a><\/p><\/blockquote>\n<p class=\"paragraph\" id=\"paragraph_17\">\u00abUn pensamiento de cercan\u00eda a las Fuerzas del Orden, obligadas a soportar la prepotencia y la violencia gratuita de estos pseudomanifestantes\u00bb, a\u00f1adi\u00f3.<\/p>\n<p class=\"paragraph\" id=\"paragraph_18\">En la misma l\u00ednea, el ministro del Interior, <strong>Matteo Piantedosi,<\/strong> calific\u00f3 los disturbios como<strong> \u00abuna acci\u00f3n violenta deliberada<\/strong> de ataque contra las fuerzas policiales\u00bb y defini\u00f3 a los manifestantes como \u00abalborotadores que intentan aprovechar la sensibilidad general sobre este tema como una oportunidad para llevar a cabo los habituales actos de violencia pura y simple\u00bb.<\/p>\n<p class=\"paragraph\" id=\"paragraph_19\">El Gobierno de Meloni, partidario de Israel dentro de Europa, ha descartado seguir el ejemplo de otras naciones occidentales como Reino Unido o Francia de<strong> reconocer un Estado palestino<\/strong> .<\/p>\n<p class=\"paragraph\" id=\"paragraph_20\">Los sindicatos a\u00fan no han facilitado<strong> datos sobre la huelga,<\/strong> pero el ministro de Transportes, Matteo <strong>Salvini, ya ha asegurado que \u00abha tenido una participaci\u00f3n muy baja\u00bb.<\/strong><\/p>\n<p class=\"paragraph\" id=\"paragraph_21\">\u00abNo hubo cancelaciones en los trenes Intercity, mientras que se reportaron cuatro o cinco cancelaciones en los trenes Frecciarossa (de alta velocidad), y menos del 20 % en los trenes regionales\u00bb, a\u00f1adi\u00f3.<\/p>\n<p>                                    <script async src=\"https:\/\/platform.twitter.com\/widgets.js\" charset=\"utf-8\"><\/script><\/p>\n","protected":false},"excerpt":{"rendered":"Las protestas propalestinas lograron paralizar este lunes las principales ciudades de Italia. Las manifestaciones en Mil\u00e1n y otras&hellip;\n","protected":false},"author":2,"featured_media":133132,"comment_status":"","ping_status":"","sticky":false,"template":"","format":"standard","meta":{"footnotes":""},"categories":[42],"tags":[17,18,700,13,14,694,11,61,62,63,64,74,628,19,20,9,10,15,16,76,12,21,22,65,66,67],"class_list":{"0":"post-133131","1":"post","2":"type-post","3":"status-publish","4":"format-standard","5":"has-post-thumbnail","7":"category-internacional","8":"tag-breaking-news","9":"tag-breakingnews","10":"tag-europa","11":"tag-featured-news","12":"tag-featurednews","13":"tag-gaza","14":"tag-headlines","15":"tag-internacional","16":"tag-international","17":"tag-international-news","18":"tag-internationalnews","19":"tag-israel","20":"tag-italia","21":"tag-latest-news","22":"tag-latestnews","23":"tag-news","24":"tag-noticias","25":"tag-noticias-destacadas","26":"tag-noticiasdestacadas","27":"tag-palestina","28":"tag-titulares","29":"tag-ultimas-noticias","30":"tag-ultimasnoticias","31":"tag-world","32":"tag-world-news","33":"tag-worldnews"},"share_on_mastodon":{"url":"","error":""},"_links":{"self":[{"href":"https:\/\/www.europesays.com\/es\/wp-json\/wp\/v2\/posts\/133131","targetHints":{"allow":["GET"]}}],"collection":[{"href":"https:\/\/www.europesays.com\/es\/wp-json\/wp\/v2\/posts"}],"about":[{"href":"https:\/\/www.europesays.com\/es\/wp-json\/wp\/v2\/types\/post"}],"author":[{"embeddable":true,"href":"https:\/\/www.europesays.com\/es\/wp-json\/wp\/v2\/users\/2"}],"replies":[{"embeddable":true,"href":"https:\/\/www.europesays.com\/es\/wp-json\/wp\/v2\/comments?post=133131"}],"version-history":[{"count":0,"href":"https:\/\/www.europesays.com\/es\/wp-json\/wp\/v2\/posts\/133131\/revisions"}],"wp:featuredmedia":[{"embeddable":true,"href":"https:\/\/www.europesays.com\/es\/wp-json\/wp\/v2\/media\/133132"}],"wp:attachment":[{"href":"https:\/\/www.europesays.com\/es\/wp-json\/wp\/v2\/media?parent=133131"}],"wp:term":[{"taxonomy":"category","embeddable":true,"href":"https:\/\/www.europesays.com\/es\/wp-json\/wp\/v2\/categories?post=133131"},{"taxonomy":"post_tag","embeddable":true,"href":"https:\/\/www.europesays.com\/es\/wp-json\/wp\/v2\/tags?post=133131"}],"curies":[{"name":"wp","href":"https:\/\/api.w.org\/{rel}","templated":true}]}}