{"id":133133,"date":"2025-09-23T04:38:08","date_gmt":"2025-09-23T04:38:08","guid":{"rendered":"https:\/\/www.europesays.com\/es\/133133\/"},"modified":"2025-09-23T04:38:08","modified_gmt":"2025-09-23T04:38:08","slug":"por-que-cataluna-no-esta-preparada-aun-para-asumir-las-competencias-en-inmigracion-que-reclama-junts-noticias-de-cataluna","status":"publish","type":"post","link":"https:\/\/www.europesays.com\/es\/133133\/","title":{"rendered":"Por qu\u00e9 Catalu\u00f1a no est\u00e1 preparada (a\u00fan) para asumir las competencias en inmigraci\u00f3n que reclama Junts | Noticias de Catalu\u00f1a"},"content":{"rendered":"<p><img fetchpriority=\"high\" decoding=\"auto\" class=\"_re  a_m-h\" height=\"276\"  width=\"414\"  src=\"https:\/\/www.europesays.com\/es\/wp-content\/uploads\/2025\/09\/XG2FIOGI2NCWPB4IO7AT53EWBE.jpg\" loading=\"eager\"\/>Colas en la oficina de extranjer\u00eda de la Polic\u00eda en la calle Mallorca de Barcelona.MASSIMILIANO MINOCRI<\/p>\n<p class=\"\">Seis meses despu\u00e9s de que PSOE y Junts per Catalunya <a href=\"https:\/\/elpais.com\/espana\/2025-03-03\/gobierno-y-junts-pactan-la-delegacion-de-las-competencias-migratorias-a-cataluna.html\" target=\"_self\" rel=\"nofollow noopener\" title=\"https:\/\/elpais.com\/espana\/2025-03-03\/gobierno-y-junts-pactan-la-delegacion-de-las-competencias-migratorias-a-cataluna.html\">pactaran la delegaci\u00f3n integral de competencias en inmigraci\u00f3n<\/a> del Estado a la Generalitat, la iniciativa sigue siendo, por ahora, una quimera. No solo por la falta de los votos necesarios para la aprobaci\u00f3n del traspaso \u2014como quedar\u00e1 en evidencia, con toda probabilidad, <a href=\"https:\/\/elpais.com\/espana\/2025-09-16\/el-congreso-debate-la-proxima-semana-la-delegacion-de-competencias-en-inmigracion-a-cataluna-sin-los-apoyos-garantizados.html\" target=\"_self\" rel=\"nofollow noopener\" title=\"https:\/\/elpais.com\/espana\/2025-09-16\/el-congreso-debate-la-proxima-semana-la-delegacion-de-competencias-en-inmigracion-a-cataluna-sin-los-apoyos-garantizados.html\">en el debate de este martes en el Congreso<\/a>\u2014, sino tambi\u00e9n porque la Administraci\u00f3n auton\u00f3mica est\u00e1 lejos de encontrarse en disposici\u00f3n de asumirlas. Con unas competencias ahora muy acotadas (la primera acogida a los extranjeros o el desarrollo de pol\u00edticas sociales, entre otros), la <a href=\"https:\/\/elpais.com\/noticias\/generalitat-cataluna\/\" target=\"_self\" rel=\"nofollow noopener\" title=\"https:\/\/elpais.com\/noticias\/generalitat-cataluna\/\">Generalitat<\/a> necesitar\u00eda una ampliaci\u00f3n generosa del n\u00famero de funcionarios y la aprobaci\u00f3n de modificaciones normativas. Un esfuerzo que, coinciden las fuentes consultadas, precisa de voluntad pol\u00edtica, dinero y tiempo.<\/p>\n<p class=\"\">El pacto, que se fragu\u00f3 en marzo y fue una de las exigencias del partido de <a href=\"https:\/\/elpais.com\/noticias\/carles-puigdemont\/\" target=\"_self\" rel=\"nofollow noopener\" title=\"https:\/\/elpais.com\/noticias\/carles-puigdemont\/\">Carles Puigdemont<\/a> al Gobierno de <a href=\"https:\/\/elpais.com\/noticias\/pedro-sanchez-perez-castejon\/\" target=\"_self\" rel=\"nofollow noopener\" title=\"https:\/\/elpais.com\/noticias\/pedro-sanchez-perez-castejon\/\">Pedro S\u00e1nchez<\/a>, contempla la delegaci\u00f3n de competencias hasta ahora exclusivas del Estado. Entre otras, <a href=\"https:\/\/elpais.com\/espana\/2025-03-03\/gobierno-y-junts-pactan-la-delegacion-de-las-competencias-migratorias-a-cataluna.html\" target=\"_self\" rel=\"nofollow noopener\" title=\"https:\/\/elpais.com\/espana\/2025-03-03\/gobierno-y-junts-pactan-la-delegacion-de-las-competencias-migratorias-a-cataluna.html\">la tramitaci\u00f3n de las autorizaciones de residencia<\/a>, la expedici\u00f3n del NIE, la gesti\u00f3n de los Centros de Internamiento de Extranjeros (CIE) o la participaci\u00f3n de los Mossos d\u2019Esquadra en el control de fronteras. Mandos de la polic\u00eda auton\u00f3mica ya advirtieron, cuando se conoci\u00f3 p\u00fablicamente el acuerdo, que el traspaso en materia de extranjer\u00eda <a href=\"https:\/\/elpais.com\/espana\/catalunya\/2025-03-05\/la-delegacion-de-extranjeria-y-fronteras-en-mossos-abre-la-puerta-a-una-batalla-policial-de-competencias-en-cataluna.html\" target=\"_self\" rel=\"nofollow noopener\" title=\"https:\/\/elpais.com\/espana\/catalunya\/2025-03-05\/la-delegacion-de-extranjeria-y-fronteras-en-mossos-abre-la-puerta-a-una-batalla-policial-de-competencias-en-cataluna.html\">requerir\u00eda de un aumento significativo de la plantilla<\/a> y que la transici\u00f3n ser\u00eda, cuanto menos, compleja.<\/p>\n<p class=\"\"><a href=\"https:\/\/elpais.com\/espana\/2025-03-03\/gobierno-y-junts-pactan-la-delegacion-de-las-competencias-migratorias-a-cataluna.html\" target=\"_self\" rel=\"nofollow noopener\" title=\"https:\/\/elpais.com\/espana\/2025-03-03\/gobierno-y-junts-pactan-la-delegacion-de-las-competencias-migratorias-a-cataluna.html\">El anuncio tambi\u00e9n cogi\u00f3 con el pie cambiado a la Generalitat<\/a>, que desde entonces, y ante la posibilidad de que se llevara adelante, ha intentado ponerse al d\u00eda. \u201cEl Gobierno est\u00e1 trabajando por si vienen esas competencias. Nos hemos reunido para analizar los cambios normativos que ser\u00edan necesarios, la volumetr\u00eda de la gesti\u00f3n y la gobernanza\u201d, explican a este diario fuentes del Departamento de Asuntos Sociales, del que depende ahora la direcci\u00f3n general de Migraciones y Refugio, encabezada por David Moya.<\/p>\n<p class=\"\">Pese a que no gobierna la Generalitat, Junts reclama las competencias en inmigraci\u00f3n, en parte, <a href=\"https:\/\/elpais.com\/espana\/catalunya\/2025-08-20\/del-campo-a-la-ciudad-alianca-catalana-se-infiltra-en-el-feudo-de-junts-como-hizo-vox-con-el-pp.html\" target=\"_self\" rel=\"nofollow noopener\" title=\"https:\/\/elpais.com\/espana\/catalunya\/2025-08-20\/del-campo-a-la-ciudad-alianca-catalana-se-infiltra-en-el-feudo-de-junts-como-hizo-vox-con-el-pp.html\">para frenar a Alian\u00e7a Catalana<\/a>, el partido ultra e independentista que ha puesto en la diana a los extranjeros y que va lanzado en las encuestas, a menudo a costa de los herederos de Converg\u00e8ncia. El Congreso va a ser el escaparate, este martes, para que Junts plantee su visi\u00f3n sobre la gesti\u00f3n de la inmigraci\u00f3n. La oposici\u00f3n de Podemos, entre otros, indica que la proposici\u00f3n de ley que se tomar\u00e1 en consideraci\u00f3n no saldr\u00e1 adelante. Pero, incluso si en el futuro se logra una mayor\u00eda pol\u00edtica, la delegaci\u00f3n de competencias estar\u00eda lejos de convertirse en una realidad inmediata, advierten fuentes del Govern y expertos en materia de extranjer\u00eda consultados por este diario.<\/p>\n<p class=\"\">Una de las principales labores que ahora asume la Generalitat es la emisi\u00f3n de los llamados informes de arraigo, fundamentales para que los extranjeros puedan obtener, del Estado, permisos de residencia y trabajo. A principios de este a\u00f1o, el Govern admiti\u00f3 que ten\u00eda sobre la mesa m\u00e1s de 7.000 expedientes por resolver y que impulsar\u00eda un \u201cplan de choque\u201d para vaciar el papel acumulado. Los expertos consultados se preguntan c\u00f3mo pueden reclamarse nuevas competencias, en teor\u00eda, para gestionarlas mejor, mientras no se es capaz de cumplir, con diligencia, con las que ya se asumen.<\/p>\n<p class=\"\">\u201cHabr\u00eda un problema evidente de personal, tanto si nos transfieren gente [de la Oficina de Extranjer\u00eda] como si hay que crear nuevas plazas\u201d, conceden fuentes de la Administraci\u00f3n, que citan el caso de la Agencia Tributaria, donde la Generalitat est\u00e1 topando con problemas para reclutar a trabajadores de Hacienda.<\/p>\n<p class=\"\">El Estatut de Catalu\u00f1a fij\u00f3 el marco de las competencias en inmigraci\u00f3n de la Generalitat, que dieron un salto importante de la mano de Oriol Amor\u00f3s, que fue secretario de Inmigraci\u00f3n entre 2006 y 2010, durante el tripartito de izquierdas. Bajo su mandato se aprob\u00f3 la ley de acogida a personas inmigradas que contemplaba, entre otras cosas, la creaci\u00f3n de una Agencia de Migraciones de Catalu\u00f1a. Este organismo, pensado para \u201cejecutar y gestionar las pol\u00edticas migratorias\u201d, tiene existencia jur\u00eddica, pero est\u00e1 vac\u00edo de contenido (no tiene personal ni direcci\u00f3n ni funciones) porque los gobiernos no llegaron a desarrollarlo. Fuentes consultadas por este diario consideran que esa \u201ccaja vac\u00eda\u201d podr\u00eda ser, en el futuro, una buena herramienta para activar una eventual delegaci\u00f3n de competencias.<\/p>\n<p class=\"\">Amor\u00f3s, ahora en el sector privado, admite que ning\u00fan traspaso \u201ces f\u00e1cil\u201d, pero pone el acento en la \u201cvoluntad pol\u00edtica\u201d. \u201cLa percepci\u00f3n del migrante es que trata con el Estado para las pol\u00edticas duras y con la Generalitat para las pol\u00edticas blandas\u201d, se\u00f1ala el excargo del Govern, quien advierte de que la delegaci\u00f3n tiene que servir para que la burocracia funcione mejor. \u201cHay una parte importante de los derechos que tienen que ver con tr\u00e1mites administrativos\u201d.<\/p>\n<p class=\"\">Quim Claveguera, tambi\u00e9n excargo de la Generalitat y ahora responsable de la comisi\u00f3n de Extranjer\u00eda del Colegio de Abogados de Barcelona (ICAB), coincide en que el objetivo ha de ser una gesti\u00f3n m\u00e1s eficaz. Admite, sin embargo, las dificultades del traspaso. \u201cEs evidente que de un d\u00eda para otro y con los recursos actuales, no es algo que la Generalitat pueda asumir\u201d. Claveguera asume que hay retrasos en los informes de arraigo, pero que otros servicios de la Generalitat, como la tramitaci\u00f3n de los permisos iniciales de trabajo, \u201da d\u00eda de hoy funcionan\u00bb. El abogado vaticina que, si se crean plazas de funcionarios propios, \u201chabr\u00e1 m\u00e1s estabilidad en la plantilla\u201d y, por tanto, una reducci\u00f3n de los tiempos de espera. \u201cEl reto es demostrar que se puede hacer mejor\u201d. <\/p>\n<p class=\"\">A eso aspiran, tambi\u00e9n, los afectados, sea cual sea la Administraci\u00f3n que les brinde el servicio. \u201cNo s\u00e9 si con la Generalitat esto mejorar\u00eda, porque ahora hay mucha lentitud. Tienen que poner m\u00e1s personal, porque los tr\u00e1mites perjudican a las personas que quieren viajar, trabajar&#8230; Para la aacogida est\u00e1 imposible para coger cita\u201d, afirma Anabel Intrialgo, de la Asociaci\u00f3n de Ecuatorianos de Catalu\u00f1a. Intrialgo lamenta que se hable del asunto sin escuchar la voz de las entidades. \u201cNos sentimos un poco utilizados, no nos tienen en cuenta en los \u00f3rganos donde se toman decisiones\u201d.<\/p>\n","protected":false},"excerpt":{"rendered":"Colas en la oficina de extranjer\u00eda de la Polic\u00eda en la calle Mallorca de Barcelona.MASSIMILIANO MINOCRI Seis meses&hellip;\n","protected":false},"author":2,"featured_media":133134,"comment_status":"","ping_status":"","sticky":false,"template":"","format":"standard","meta":{"footnotes":""},"categories":[8],"tags":[17,18,3834,1980,42449,25,24,13,14,11,590,3837,19,20,42450,3291,9,10,15,16,2959,23,12,21,22],"class_list":{"0":"post-133133","1":"post","2":"type-post","3":"status-publish","4":"format-standard","5":"has-post-thumbnail","7":"category-espana","8":"tag-breaking-news","9":"tag-breakingnews","10":"tag-carles-puigdemont","11":"tag-cataluna","12":"tag-competencias-autonomicas","13":"tag-es","14":"tag-espana","15":"tag-featured-news","16":"tag-featurednews","17":"tag-headlines","18":"tag-inmigracion","19":"tag-juntsxcat","20":"tag-latest-news","21":"tag-latestnews","22":"tag-ley-extranjeria","23":"tag-mossos-desquadra","24":"tag-news","25":"tag-noticias","26":"tag-noticias-destacadas","27":"tag-noticiasdestacadas","28":"tag-pedro-sanchez","29":"tag-spain","30":"tag-titulares","31":"tag-ultimas-noticias","32":"tag-ultimasnoticias"},"share_on_mastodon":{"url":"","error":""},"_links":{"self":[{"href":"https:\/\/www.europesays.com\/es\/wp-json\/wp\/v2\/posts\/133133","targetHints":{"allow":["GET"]}}],"collection":[{"href":"https:\/\/www.europesays.com\/es\/wp-json\/wp\/v2\/posts"}],"about":[{"href":"https:\/\/www.europesays.com\/es\/wp-json\/wp\/v2\/types\/post"}],"author":[{"embeddable":true,"href":"https:\/\/www.europesays.com\/es\/wp-json\/wp\/v2\/users\/2"}],"replies":[{"embeddable":true,"href":"https:\/\/www.europesays.com\/es\/wp-json\/wp\/v2\/comments?post=133133"}],"version-history":[{"count":0,"href":"https:\/\/www.europesays.com\/es\/wp-json\/wp\/v2\/posts\/133133\/revisions"}],"wp:featuredmedia":[{"embeddable":true,"href":"https:\/\/www.europesays.com\/es\/wp-json\/wp\/v2\/media\/133134"}],"wp:attachment":[{"href":"https:\/\/www.europesays.com\/es\/wp-json\/wp\/v2\/media?parent=133133"}],"wp:term":[{"taxonomy":"category","embeddable":true,"href":"https:\/\/www.europesays.com\/es\/wp-json\/wp\/v2\/categories?post=133133"},{"taxonomy":"post_tag","embeddable":true,"href":"https:\/\/www.europesays.com\/es\/wp-json\/wp\/v2\/tags?post=133133"}],"curies":[{"name":"wp","href":"https:\/\/api.w.org\/{rel}","templated":true}]}}