{"id":133137,"date":"2025-09-23T04:40:41","date_gmt":"2025-09-23T04:40:41","guid":{"rendered":"https:\/\/www.europesays.com\/es\/133137\/"},"modified":"2025-09-23T04:40:41","modified_gmt":"2025-09-23T04:40:41","slug":"primero-la-champions-y-despues-el-mundial","status":"publish","type":"post","link":"https:\/\/www.europesays.com\/es\/133137\/","title":{"rendered":"primero la Champions y despu\u00e9s el Mundial"},"content":{"rendered":"<p>El Bar\u00e7a afronta una semana de retos. Los azulgranas jugar\u00e1n este jueves en Zagreb (18.45h), en la tercera jornada de la Machineseeker EHF Champions League, con la victoria entre ceja y ceja despu\u00e9s de la ajustada derrota ante el Madeburgo. Un d\u00eda despu\u00e9s, el viernes, ser\u00e1 el momento de viajar a Egipto para la disputa del Mundial de Clubes.<\/p>\n<p>El partido en Zagreb no tiene nada de tr\u00e1mite. El conjunto de Carlos Ortega debe sumar de dos en dos si quiere estar en la lucha por las dos primeras plazas del Grupo B, que dan acceso directamente a los cuartos de final. El duelo en Croacia apenas ser\u00e1 el tercero de los 14 partidos de la fase de grupos, pero en la Champions cada punto cuenta.<\/p>\n<p>Cabe recordar que el Bar\u00e7a lleva un balance de una victoria y una derrota en la m\u00e1xima competici\u00f3n europea. Los azulgranas ganaron al GOG (37-32) y vieron c\u00f3mo un penalti para empatar se estrellaba en el palo ante el Magdeburgo (21-22).<\/p>\n<p>El Zagreb, por su parte, no conoce todav\u00eda la victoria en esta edici\u00f3n de la Champions, pero cuenta con jugadores de calidad como Karacic, Glavas, Klarica o Bialiauski. Los croatas han jugado fuera de casa las primeras dos jornadas y ahora se ponen como objetivo hacer de su pabell\u00f3n un fort\u00edn.<\/p>\n<p>El Bar\u00e7a volver\u00e1 a casa la misma noche del jueves, al terminar el partido en el Arena Zagreb, y saldr\u00e1 hacia El Cairo el viernes por la tarde. All\u00ed disputar\u00e1 el Mundial de Clubes, antes conocido como Super Globe, desde el s\u00e1bado hasta el jueves 2 de octubre.<\/p>\n<p>Todo el Mundial, en Esport3<\/p>\n<p>El equipo catal\u00e1n es el principal favorito del Grupo B, que comparte con el Handebol Taubat\u00e9 brasile\u00f1o y con el Zamalek egipcio. Los azulgranas debutar\u00e1n el s\u00e1bado, a las 16.45h de Barcelona, \u200b\u200b17.45h locales, contra el Handebol Taubat\u00e9. El domingo, a la misma hora, se enfrentar\u00e1n al Zamalek.<\/p>\n<p>Las semifinales ser\u00e1n el martes 30 de septiembre, con el Magdeburgo y el Veszpr\u00e9m como principales candidatos para llegar desde los grupos A y C, respectivamente. Tambi\u00e9n llegar\u00e1 a la pen\u00faltima fase el mejor segundo entre los tres grupos.<\/p>\n<p>El Grupo A es el \u00fanico sin equipos africanos y, por tanto, a priori el de rivales m\u00e1s asequibles para el equipo europeo. As\u00ed pues, el Magdeburgo parte con m\u00e1s posibilidades de enfrentarse al mejor segundo en las semifinales y el Bar\u00e7a y el Veszpr\u00e9m parecen condenados a jugar entre ellos.<\/p>\n<p>Tanto la final como el partido por el bronce tendr\u00e1n lugar el jueves 2 de octubre. Todo el torneo se jugar\u00e1 en el pabell\u00f3n New Capital Sports Hall, en la nueva capital administrativa egipcia, y lo retransmitir\u00e1 \u00edntegramente Esport3.<\/p>\n","protected":false},"excerpt":{"rendered":"El Bar\u00e7a afronta una semana de retos. Los azulgranas jugar\u00e1n este jueves en Zagreb (18.45h), en la tercera&hellip;\n","protected":false},"author":2,"featured_media":133138,"comment_status":"","ping_status":"","sticky":false,"template":"","format":"standard","meta":{"footnotes":""},"categories":[278],"tags":[376,168,25,24,375,23,167,2288],"class_list":{"0":"post-133137","1":"post","2":"type-post","3":"status-publish","4":"format-standard","5":"has-post-thumbnail","7":"category-balonmano","8":"tag-balonmano","9":"tag-deportes","10":"tag-es","11":"tag-espana","12":"tag-handball","13":"tag-spain","14":"tag-sports","15":"tag-text"},"share_on_mastodon":{"url":"","error":""},"_links":{"self":[{"href":"https:\/\/www.europesays.com\/es\/wp-json\/wp\/v2\/posts\/133137","targetHints":{"allow":["GET"]}}],"collection":[{"href":"https:\/\/www.europesays.com\/es\/wp-json\/wp\/v2\/posts"}],"about":[{"href":"https:\/\/www.europesays.com\/es\/wp-json\/wp\/v2\/types\/post"}],"author":[{"embeddable":true,"href":"https:\/\/www.europesays.com\/es\/wp-json\/wp\/v2\/users\/2"}],"replies":[{"embeddable":true,"href":"https:\/\/www.europesays.com\/es\/wp-json\/wp\/v2\/comments?post=133137"}],"version-history":[{"count":0,"href":"https:\/\/www.europesays.com\/es\/wp-json\/wp\/v2\/posts\/133137\/revisions"}],"wp:featuredmedia":[{"embeddable":true,"href":"https:\/\/www.europesays.com\/es\/wp-json\/wp\/v2\/media\/133138"}],"wp:attachment":[{"href":"https:\/\/www.europesays.com\/es\/wp-json\/wp\/v2\/media?parent=133137"}],"wp:term":[{"taxonomy":"category","embeddable":true,"href":"https:\/\/www.europesays.com\/es\/wp-json\/wp\/v2\/categories?post=133137"},{"taxonomy":"post_tag","embeddable":true,"href":"https:\/\/www.europesays.com\/es\/wp-json\/wp\/v2\/tags?post=133137"}],"curies":[{"name":"wp","href":"https:\/\/api.w.org\/{rel}","templated":true}]}}