{"id":133150,"date":"2025-09-23T04:57:13","date_gmt":"2025-09-23T04:57:13","guid":{"rendered":"https:\/\/www.europesays.com\/es\/133150\/"},"modified":"2025-09-23T04:57:13","modified_gmt":"2025-09-23T04:57:13","slug":"ultima-hora-del-estado-de-salud-de-rafael-amargo-tras-ser-ingresado-por-una-infeccion-en-el-colon-estamos-muy-preocupados","status":"publish","type":"post","link":"https:\/\/www.europesays.com\/es\/133150\/","title":{"rendered":"\u00daltima hora del estado de salud de Rafael Amargo tras ser ingresado por una infecci\u00f3n en el colon: \u201cEstamos muy preocupados\u201d"},"content":{"rendered":"<p><img alt=\"Rafael Amargo (EUROPA PRESS).\" class=\"global-image\" decoding=\"async\" fetchpriority=\"high\" height=\"1080\" loading=\"eager\" src=\"https:\/\/www.europesays.com\/es\/wp-content\/uploads\/2025\/09\/Q3AYWRFLZFCBXNMR4GAYELWRGQ.jpg\" width=\"1920\"\/>Rafael Amargo (EUROPA PRESS).<\/p>\n<p class=\"paragraph\">El mundo del flamenco y de la cr\u00f3nica social permanece en vilo tras conocerse este domingo que <a href=\"https:\/\/www.infobae.com\/espana\/2025\/09\/21\/rafael-amargo-ingresado-de-urgencia-en-el-hospital-por-una-infeccion-en-el-colon-esta-en-una-situacion-bastante-critica\/\" target=\"_blank\" rel=\"noreferrer nofollow noopener\" title=\"https:\/\/www.infobae.com\/espana\/2025\/09\/21\/rafael-amargo-ingresado-de-urgencia-en-el-hospital-por-una-infeccion-en-el-colon-esta-en-una-situacion-bastante-critica\/\"><b>Rafael Amargo<\/b> hab\u00eda sido hospitalizado<\/a>. El bailaor granadino, de 50 a\u00f1os, fue ingresado de urgencia despu\u00e9s de varios d\u00edas con malestar y fiebres muy altas que alertaron a su entorno. La noticia, adelantada por el programa Fiesta de Telecinco, ha generado inquietud entre seguidores y compa\u00f1eros de profesi\u00f3n.<\/p>\n<p class=\"paragraph\">Seg\u00fan explic\u00f3 su pareja, <b>Luciana Bongianino<\/b>, Amargo comenz\u00f3 a sentirse indispuesto hace unos d\u00edas. La fiebre persistente oblig\u00f3 a solicitar<a href=\"https:\/\/www.infobae.com\/espana\/2023\/11\/03\/rafael-amargo-enviado-a-prision-provisional-por-riesgo-de-fuga-en-una-de-sus-causas-por-trafico-de-drogas\/\" target=\"_blank\" rel=\"noreferrer nofollow noopener\" title=\"https:\/\/www.infobae.com\/espana\/2023\/11\/03\/rafael-amargo-enviado-a-prision-provisional-por-riesgo-de-fuga-en-una-de-sus-causas-por-trafico-de-drogas\/\"> atenci\u00f3n m\u00e9dica en su domicilio.<\/a> Tras una primera exploraci\u00f3n, los facultativos determinaron que lo mejor era trasladarlo a un hospital, donde finalmente le diagnosticaron <b>una infecci\u00f3n en el colon<\/b>.<\/p>\n<p class=\"paragraph\">El artista permanece ingresado bajo un tratamiento intravenoso, sin posibilidad de ingerir alimentos ni l\u00edquidos, a la espera de que la inflamaci\u00f3n remita para poder realizarle nuevas pruebas. \u201c<b>Estamos muy preocupados, todav\u00eda sigue ingresado<\/b>, ya lleva varios d\u00edas&#8230;\u201d, ha confesado Bongianino este lunes a Informativos Telecinco.<\/p>\n<p class=\"paragraph\">El equipo sanitario que lo atiende se muestra cauto. Hasta que el colon no baje de tama\u00f1o y la inflamaci\u00f3n permita completar las exploraciones, no podr\u00e1n ofrecer un diagn\u00f3stico m\u00e1s detallado. Su pareja adelantaba que quiz\u00e1s a lo largo del d\u00eda se conozcan m\u00e1s novedades, aunque por el momento la prioridad es estabilizar al bailaor.<\/p>\n<p><img alt=\"- El bailar\u00edn granadino Rafael\" class=\"global-image\" decoding=\"async\" fetchpriority=\"low\" height=\"3436\" loading=\"lazy\" src=\"https:\/\/www.europesays.com\/es\/wp-content\/uploads\/2025\/09\/JG4YTQ66RNF55ICGZEMNKPROU4.jpg\" width=\"5291\"\/>&#8211; El bailar\u00edn granadino Rafael Amargo, posando durante una entrevista con EFE en Buenos Aires (Argentina). EFE\/ Matias Martin Campaya \/ Archivo&#13;<\/p>\n<p class=\"paragraph\">Bongianino no duda en se\u00f1alar que la <b>presi\u00f3n psicol\u00f3gica acumulada en los \u00faltimos a\u00f1os<\/b> ha sido determinante en el estado actual de Amargo. \u201cNadie tiene consideraci\u00f3n de ayudar desde que <a href=\"https:\/\/www.infobae.com\/espana\/2023\/06\/07\/rafael-amargo-se-sienta-en-el-banquillo-acusado-de-vender-droga-desde-su-casa-la-fiscalia-pide-9-anos-de-carcel\/\" target=\"_blank\" rel=\"noreferrer nofollow noopener\" title=\"https:\/\/www.infobae.com\/espana\/2023\/06\/07\/rafael-amargo-se-sienta-en-el-banquillo-acusado-de-vender-droga-desde-su-casa-la-fiscalia-pide-9-anos-de-carcel\/\">se ha demostrado que es inocente\u201d<\/a>, ha afirmado al citado medio aludiendo al largo proceso judicial que enfrent\u00f3 el artista desde 2020 y en el que finalmente result\u00f3 absuelto en 2024.<\/p>\n<p class=\"paragraph\">No es la primera vez que se menciona el desgaste emocional como un factor decisivo en su estado de salud. A lo largo de los \u00faltimos a\u00f1os, el bailaor ha reconocido en varias entrevistas sentirse \u201cmarcado\u201d por los procesos judiciales y la presi\u00f3n medi\u00e1tica.<\/p>\n<p class=\"paragraph\">Y es que la trayectoria de Rafael Amargo, llena de \u00e9xitos sobre los escenarios, se ha visto empa\u00f1ada en los \u00faltimos tiempos <a rel=\"noopener noreferrer nofollow\" href=\"https:\/\/www.infobae.com\/espana\/2024\/04\/22\/marcos-garcia-montes-el-abogado-de-los-famosos-que-defiende-a-daniel-sancho-y-ha-trabajado-con-rafael-amargo-isabel-pantoja-o-concha-velasco\/\" target=\"_blank\" title=\"https:\/\/www.infobae.com\/espana\/2024\/04\/22\/marcos-garcia-montes-el-abogado-de-los-famosos-que-defiende-a-daniel-sancho-y-ha-trabajado-con-rafael-amargo-isabel-pantoja-o-concha-velasco\/\">por serios problemas legales. <\/a>En 2020 lleg\u00f3 a ser detenido e ingresado en prisi\u00f3n preventiva <b>acusado de tr\u00e1fico de drogas<\/b>, un proceso en el que la Fiscal\u00eda solicitaba hasta nueve a\u00f1os de c\u00e1rcel. Finalmente, en mayo del a\u00f1o pasado fue absuelto, pero el da\u00f1o a su imagen p\u00fablica y a su vida personal fue considerable.<\/p>\n<p class=\"paragraph\">Desde entonces, el artista ha tratado de retomar su carrera, aunque sin lograr a\u00fan recuperar la estabilidad. \u00c9l mismo reconoc\u00eda en una entrevista con La Vanguardia sentirse apartado de los plat\u00f3s y \u201capaleado hasta el punto que parec\u00eda que <a rel=\"noopener noreferrer nofollow\" href=\"https:\/\/www.infobae.com\/espana\/2024\/04\/12\/rafael-amargo-carga-contra-la-policia-y-la-fiscalia-por-acabar-con-su-carrera-han-intentado-matarme-con-este-juicio\/\" target=\"_blank\" title=\"https:\/\/www.infobae.com\/espana\/2024\/04\/12\/rafael-amargo-carga-contra-la-policia-y-la-fiscalia-por-acabar-con-su-carrera-han-intentado-matarme-con-este-juicio\/\">buscaban la muerte de un artista\u201d<\/a>: \u201cEstoy marcado, no me quieren ni para un reality. En este tiempo, <b>lo he vendido todo para poder comer\u201d.<\/b><\/p>\n<p class=\"paragraph\">\u00ab<b>Pasan los d\u00edas y los padres de Rafa est\u00e1n manteni\u00e9ndolo<\/b>. Solo ha podido hacer cuatro eventos. De qu\u00e9 sirve ganar al Estado y demostrar que era inocente si luego todos se lavan las manos. Y ahora mira d\u00f3nde le tenemos, <b>en un hospital en estado cr\u00edtico y grave por todo esto. \u00bfHay derecho?<\/b>\u201c, ha lamentado Bongianino este lunes.<\/p>\n","protected":false},"excerpt":{"rendered":"Rafael Amargo (EUROPA PRESS). El mundo del flamenco y de la cr\u00f3nica social permanece en vilo tras conocerse&hellip;\n","protected":false},"author":2,"featured_media":133151,"comment_status":"","ping_status":"","sticky":false,"template":"","format":"standard","meta":{"footnotes":""},"categories":[91],"tags":[146,147,25,24,23],"class_list":{"0":"post-133150","1":"post","2":"type-post","3":"status-publish","4":"format-standard","5":"has-post-thumbnail","7":"category-entretenimiento","8":"tag-entertainment","9":"tag-entretenimiento","10":"tag-es","11":"tag-espana","12":"tag-spain"},"share_on_mastodon":{"url":"","error":""},"_links":{"self":[{"href":"https:\/\/www.europesays.com\/es\/wp-json\/wp\/v2\/posts\/133150","targetHints":{"allow":["GET"]}}],"collection":[{"href":"https:\/\/www.europesays.com\/es\/wp-json\/wp\/v2\/posts"}],"about":[{"href":"https:\/\/www.europesays.com\/es\/wp-json\/wp\/v2\/types\/post"}],"author":[{"embeddable":true,"href":"https:\/\/www.europesays.com\/es\/wp-json\/wp\/v2\/users\/2"}],"replies":[{"embeddable":true,"href":"https:\/\/www.europesays.com\/es\/wp-json\/wp\/v2\/comments?post=133150"}],"version-history":[{"count":0,"href":"https:\/\/www.europesays.com\/es\/wp-json\/wp\/v2\/posts\/133150\/revisions"}],"wp:featuredmedia":[{"embeddable":true,"href":"https:\/\/www.europesays.com\/es\/wp-json\/wp\/v2\/media\/133151"}],"wp:attachment":[{"href":"https:\/\/www.europesays.com\/es\/wp-json\/wp\/v2\/media?parent=133150"}],"wp:term":[{"taxonomy":"category","embeddable":true,"href":"https:\/\/www.europesays.com\/es\/wp-json\/wp\/v2\/categories?post=133150"},{"taxonomy":"post_tag","embeddable":true,"href":"https:\/\/www.europesays.com\/es\/wp-json\/wp\/v2\/tags?post=133150"}],"curies":[{"name":"wp","href":"https:\/\/api.w.org\/{rel}","templated":true}]}}