{"id":133158,"date":"2025-09-23T05:03:08","date_gmt":"2025-09-23T05:03:08","guid":{"rendered":"https:\/\/www.europesays.com\/es\/133158\/"},"modified":"2025-09-23T05:03:08","modified_gmt":"2025-09-23T05:03:08","slug":"el-balonman-arousa-se-queda-sin-premio-tras-caer-en-meano","status":"publish","type":"post","link":"https:\/\/www.europesays.com\/es\/133158\/","title":{"rendered":"El Balonm\u00e1n Arousa se queda sin premio tras caer en Mea\u00f1o"},"content":{"rendered":"<p class=\"ft-text\">Cay\u00f3 en Carril el Balonm\u00e1n Arousa en el duelo de rivalidad comarcal ante el Croqueter\u00eda El Crack Asmubal Mea\u00f1o por 32-34, derrota que frustra el paso a la fase final de la copa del equipo vilagarciano. Lo hizo en un partido igualado que en el que los de Javi Luengo dominaron en el primera parte, pero que al descanso neutralizaban los mea\u00f1eses.<\/p>\n<p class=\"ft-text\">La segunda parte fue de iniciativa verdinegra en el marcador, imponiendo su velocidad. El Arousa intent\u00f3 aferrarse al partido, con un empate que serv\u00eda a los vilagarcianos. Pero dos tantos del mea\u00f1\u00e9s Yeray M\u00e9ndez rompieron el sue\u00f1o vilagarciano y finiquitar el choque con un 32-34 amargo para los locales. En la anotaci\u00f3n destacar los 8 goles del Diego Garc\u00eda, m\u00e1ximo realizador del partido, mientras por parte mea\u00f1esa la dupla Brais V\u00e1zquez y Thiago de Oliveira rubricaron su buena actuaci\u00f3n son siete tantos cada uno.<\/p>\n","protected":false},"excerpt":{"rendered":"Cay\u00f3 en Carril el Balonm\u00e1n Arousa en el duelo de rivalidad comarcal ante el Croqueter\u00eda El Crack Asmubal&hellip;\n","protected":false},"author":2,"featured_media":122381,"comment_status":"","ping_status":"","sticky":false,"template":"","format":"standard","meta":{"footnotes":""},"categories":[278],"tags":[24361,42452,4062,376,1637,11078,168,27159,25,24,375,843,3041,23,167],"class_list":{"0":"post-133158","1":"post","2":"type-post","3":"status-publish","4":"format-standard","5":"has-post-thumbnail","7":"category-balonmano","8":"tag-arousa","9":"tag-asmubal-meano","10":"tag-balonman","11":"tag-balonmano","12":"tag-caer","13":"tag-carril","14":"tag-deportes","15":"tag-el-paso","16":"tag-es","17":"tag-espana","18":"tag-handball","19":"tag-premio","20":"tag-queda","21":"tag-spain","22":"tag-sports"},"share_on_mastodon":{"url":"","error":""},"_links":{"self":[{"href":"https:\/\/www.europesays.com\/es\/wp-json\/wp\/v2\/posts\/133158","targetHints":{"allow":["GET"]}}],"collection":[{"href":"https:\/\/www.europesays.com\/es\/wp-json\/wp\/v2\/posts"}],"about":[{"href":"https:\/\/www.europesays.com\/es\/wp-json\/wp\/v2\/types\/post"}],"author":[{"embeddable":true,"href":"https:\/\/www.europesays.com\/es\/wp-json\/wp\/v2\/users\/2"}],"replies":[{"embeddable":true,"href":"https:\/\/www.europesays.com\/es\/wp-json\/wp\/v2\/comments?post=133158"}],"version-history":[{"count":0,"href":"https:\/\/www.europesays.com\/es\/wp-json\/wp\/v2\/posts\/133158\/revisions"}],"wp:featuredmedia":[{"embeddable":true,"href":"https:\/\/www.europesays.com\/es\/wp-json\/wp\/v2\/media\/122381"}],"wp:attachment":[{"href":"https:\/\/www.europesays.com\/es\/wp-json\/wp\/v2\/media?parent=133158"}],"wp:term":[{"taxonomy":"category","embeddable":true,"href":"https:\/\/www.europesays.com\/es\/wp-json\/wp\/v2\/categories?post=133158"},{"taxonomy":"post_tag","embeddable":true,"href":"https:\/\/www.europesays.com\/es\/wp-json\/wp\/v2\/tags?post=133158"}],"curies":[{"name":"wp","href":"https:\/\/api.w.org\/{rel}","templated":true}]}}